{"id":103,"date":"2018-03-21T13:30:00","date_gmt":"2018-03-21T13:30:00","guid":{"rendered":"http:\/\/blogsaverroes.juntadeandalucia.es\/alegriadelahuerta6\/2018\/03\/21\/vi-marcha-solidaria-cudeca\/"},"modified":"2018-03-21T13:30:00","modified_gmt":"2018-03-21T13:30:00","slug":"vi-marcha-solidaria-cudeca","status":"publish","type":"post","link":"https:\/\/blogsaverroes.juntadeandalucia.es\/alegriadelahuerta6\/2018\/03\/21\/vi-marcha-solidaria-cudeca\/","title":{"rendered":"VI Marcha Solidaria CUDECA"},"content":{"rendered":"<p><a href=\"https:\/\/4.bp.blogspot.com\/-Q2PWu8kKxAQ\/WrJffmDsNnI\/AAAAAAAAPdo\/4U4wSb-NIfUvss7aoOwhJIfOLHGvefWJwCLcBGAs\/s1600\/2c37e242-3ae6-4be5-a4a9-1a41ddee6d5c.jpg\"><img loading=\"lazy\" decoding=\"async\" border=\"0\" src=\"https:\/\/4.bp.blogspot.com\/-Q2PWu8kKxAQ\/WrJffmDsNnI\/AAAAAAAAPdo\/4U4wSb-NIfUvss7aoOwhJIfOLHGvefWJwCLcBGAs\/s320\/2c37e242-3ae6-4be5-a4a9-1a41ddee6d5c.jpg\" width=\"320\" height=\"240\" data-original-width=\"1600\" data-original-height=\"1200\" \/><\/a><a href=\"https:\/\/2.bp.blogspot.com\/-u4IWtXA7MkU\/WrJff0fuxrI\/AAAAAAAAPdw\/rowEhuaqng0ynccQttEd8XBNAMRlASJDgCLcBGAs\/s1600\/Captura%2Bde%2Bpantalla%2B2018-03-21%2Ba%2Blas%2B14.33.55.png\"><img loading=\"lazy\" decoding=\"async\" border=\"0\" src=\"https:\/\/2.bp.blogspot.com\/-u4IWtXA7MkU\/WrJff0fuxrI\/AAAAAAAAPdw\/rowEhuaqng0ynccQttEd8XBNAMRlASJDgCLcBGAs\/s320\/Captura%2Bde%2Bpantalla%2B2018-03-21%2Ba%2Blas%2B14.33.55.png\" width=\"320\" height=\"241\" data-original-width=\"661\" data-original-height=\"497\" \/><\/a><a href=\"https:\/\/3.bp.blogspot.com\/-MVGe8ZEv7p8\/WrJff3x9yZI\/AAAAAAAAPds\/s4B8o8kGRtQ5LnvDRG6mhC67w5Y-YF5QACLcBGAs\/s1600\/Captura%2Bde%2Bpantalla%2B2018-03-21%2Ba%2Blas%2B14.34.46.png\"><img loading=\"lazy\" decoding=\"async\" border=\"0\" src=\"https:\/\/3.bp.blogspot.com\/-MVGe8ZEv7p8\/WrJff3x9yZI\/AAAAAAAAPds\/s4B8o8kGRtQ5LnvDRG6mhC67w5Y-YF5QACLcBGAs\/s320\/Captura%2Bde%2Bpantalla%2B2018-03-21%2Ba%2Blas%2B14.34.46.png\" width=\"320\" height=\"242\" data-original-width=\"657\" data-original-height=\"496\" \/><\/a><a href=\"https:\/\/2.bp.blogspot.com\/-PVh7gid27cs\/WrJfgrsA9wI\/AAAAAAAAPd0\/COH4DFEk0-wVsqvrKItypUGsmzl0levZQCLcBGAs\/s1600\/IMG_0891.jpg\"><img loading=\"lazy\" decoding=\"async\" border=\"0\" src=\"https:\/\/2.bp.blogspot.com\/-PVh7gid27cs\/WrJfgrsA9wI\/AAAAAAAAPd0\/COH4DFEk0-wVsqvrKItypUGsmzl0levZQCLcBGAs\/s320\/IMG_0891.jpg\" width=\"320\" height=\"240\" data-original-width=\"1600\" data-original-height=\"1200\" \/><\/a>5\u00ba y 6\u00ba han representado al colegio en la VI Marcha Solidaria CUDECA que organiza el CEIP Rafael Alberti. Ha sido una jornada para hacer ejercicio f\u00edsico por nuestra barriada, as\u00ed como un ejercicio de ayuda a los dem\u00e1s a trav\u00e9s de la colaboraci\u00f3n que cada familia haya querido aportar Se consigue ayuda para que la Fundaci\u00f3n Cudeca pueda seguir ofreciendo cuidados gratuitos y profesionales a enfermos de c\u00e1ncer en estado avanzado y el apoyo necesario a sus familiares.<\/p>\n","protected":false},"excerpt":{"rendered":"<p>5\u00ba y 6\u00ba han representado al colegio en la VI Marcha Solidaria CUDECA que organiza el CEIP Rafael Alberti. Ha sido una jornada para hacer ejercicio f\u00edsico por nuestra barriada, as\u00ed como un ejercicio&#46;&#46;&#46;<\/p>\n","protected":false},"author":4131,"featured_media":0,"comment_status":"open","ping_status":"open","sticky":false,"template":"","format":"standard","meta":{"ngg_post_thumbnail":0,"footnotes":""},"categories":[11909],"tags":[],"aioseo_notices":[],"_links":{"self":[{"href":"https:\/\/blogsaverroes.juntadeandalucia.es\/alegriadelahuerta6\/wp-json\/wp\/v2\/posts\/103"}],"collection":[{"href":"https:\/\/blogsaverroes.juntadeandalucia.es\/alegriadelahuerta6\/wp-json\/wp\/v2\/posts"}],"about":[{"href":"https:\/\/blogsaverroes.juntadeandalucia.es\/alegriadelahuerta6\/wp-json\/wp\/v2\/types\/post"}],"author":[{"embeddable":true,"href":"https:\/\/blogsaverroes.juntadeandalucia.es\/alegriadelahuerta6\/wp-json\/wp\/v2\/users\/4131"}],"replies":[{"embeddable":true,"href":"https:\/\/blogsaverroes.juntadeandalucia.es\/alegriadelahuerta6\/wp-json\/wp\/v2\/comments?post=103"}],"version-history":[{"count":0,"href":"https:\/\/blogsaverroes.juntadeandalucia.es\/alegriadelahuerta6\/wp-json\/wp\/v2\/posts\/103\/revisions"}],"wp:attachment":[{"href":"https:\/\/blogsaverroes.juntadeandalucia.es\/alegriadelahuerta6\/wp-json\/wp\/v2\/media?parent=103"}],"wp:term":[{"taxonomy":"category","embeddable":true,"href":"https:\/\/blogsaverroes.juntadeandalucia.es\/alegriadelahuerta6\/wp-json\/wp\/v2\/categories?post=103"},{"taxonomy":"post_tag","embeddable":true,"href":"https:\/\/blogsaverroes.juntadeandalucia.es\/alegriadelahuerta6\/wp-json\/wp\/v2\/tags?post=103"}],"curies":[{"name":"wp","href":"https:\/\/api.w.org\/{rel}","templated":true}]}}