{"id":327,"date":"2012-12-17T08:59:00","date_gmt":"2012-12-17T08:59:00","guid":{"rendered":"http:\/\/blogsaverroes.juntadeandalucia.es\/alegriadelahuerta6\/2012\/12\/17\/"},"modified":"2012-12-17T08:59:00","modified_gmt":"2012-12-17T08:59:00","slug":"327","status":"publish","type":"post","link":"https:\/\/blogsaverroes.juntadeandalucia.es\/alegriadelahuerta6\/2012\/12\/17\/327\/","title":{"rendered":""},"content":{"rendered":"<h2 style=\"text-align: center\">D\u00cdA DE LA LECTURA EN ANDALUC\u00cdA<\/h2>\n<div style=\"text-align: justify\">\n<div style=\"clear: both;text-align: center\"><a href=\"http:\/\/2.bp.blogspot.com\/-Stffttm2_Cc\/UNN2R7WYRqI\/AAAAAAAAHLg\/7i4anXcnoCI\/s1600\/P1090356.JPG\" style=\"margin-left: 1em;margin-right: 1em\"><img loading=\"lazy\" decoding=\"async\" border=\"0\" height=\"240\" src=\"http:\/\/2.bp.blogspot.com\/-Stffttm2_Cc\/UNN2R7WYRqI\/AAAAAAAAHLg\/7i4anXcnoCI\/s320\/P1090356.JPG\" width=\"320\" \/><\/a><\/div>\n<p><\/p>\n<div style=\"clear: both;text-align: center\"><a href=\"http:\/\/2.bp.blogspot.com\/-ipk288Oi0qk\/UNN2UTgFYTI\/AAAAAAAAHLo\/jErOiDh_H5g\/s1600\/P1090358.JPG\" style=\"margin-left: 1em;margin-right: 1em\"><img loading=\"lazy\" decoding=\"async\" border=\"0\" height=\"240\" src=\"http:\/\/2.bp.blogspot.com\/-ipk288Oi0qk\/UNN2UTgFYTI\/AAAAAAAAHLo\/jErOiDh_H5g\/s320\/P1090358.JPG\" width=\"320\" \/><\/a><\/div>\n<p>El d\u00eda 16 de diciembre se celebra el D\u00eda de la Lectura en Andaluc\u00eda. Desde la Biblioteca estamos realizando actividades relacionadas con este D\u00eda de la Lectura. Recordad tener siempre un libro a mano, pues nos lleva a mundos insospechados, lugares y momentos inolvidables. Adem\u00e1s es algo duradero y que no se estropea, que te puede acompa\u00f1ar a cualquier parte.<\/p><\/div>\n","protected":false},"excerpt":{"rendered":"<p>D\u00cdA DE LA LECTURA EN ANDALUC\u00cdA El d\u00eda 16 de diciembre se celebra el D\u00eda de la Lectura en Andaluc\u00eda. Desde la Biblioteca estamos realizando actividades relacionadas con este D\u00eda de la Lectura. Recordad&#46;&#46;&#46;<\/p>\n","protected":false},"author":4131,"featured_media":0,"comment_status":"open","ping_status":"open","sticky":false,"template":"","format":"standard","meta":{"ngg_post_thumbnail":0,"footnotes":""},"categories":[11909],"tags":[],"aioseo_notices":[],"_links":{"self":[{"href":"https:\/\/blogsaverroes.juntadeandalucia.es\/alegriadelahuerta6\/wp-json\/wp\/v2\/posts\/327"}],"collection":[{"href":"https:\/\/blogsaverroes.juntadeandalucia.es\/alegriadelahuerta6\/wp-json\/wp\/v2\/posts"}],"about":[{"href":"https:\/\/blogsaverroes.juntadeandalucia.es\/alegriadelahuerta6\/wp-json\/wp\/v2\/types\/post"}],"author":[{"embeddable":true,"href":"https:\/\/blogsaverroes.juntadeandalucia.es\/alegriadelahuerta6\/wp-json\/wp\/v2\/users\/4131"}],"replies":[{"embeddable":true,"href":"https:\/\/blogsaverroes.juntadeandalucia.es\/alegriadelahuerta6\/wp-json\/wp\/v2\/comments?post=327"}],"version-history":[{"count":0,"href":"https:\/\/blogsaverroes.juntadeandalucia.es\/alegriadelahuerta6\/wp-json\/wp\/v2\/posts\/327\/revisions"}],"wp:attachment":[{"href":"https:\/\/blogsaverroes.juntadeandalucia.es\/alegriadelahuerta6\/wp-json\/wp\/v2\/media?parent=327"}],"wp:term":[{"taxonomy":"category","embeddable":true,"href":"https:\/\/blogsaverroes.juntadeandalucia.es\/alegriadelahuerta6\/wp-json\/wp\/v2\/categories?post=327"},{"taxonomy":"post_tag","embeddable":true,"href":"https:\/\/blogsaverroes.juntadeandalucia.es\/alegriadelahuerta6\/wp-json\/wp\/v2\/tags?post=327"}],"curies":[{"name":"wp","href":"https:\/\/api.w.org\/{rel}","templated":true}]}}