{"id":335,"date":"2012-09-03T08:47:00","date_gmt":"2012-09-03T08:47:00","guid":{"rendered":"http:\/\/blogsaverroes.juntadeandalucia.es\/alegriadelahuerta6\/2012\/09\/03\/actualizacion-datos-servicios-complementarios\/"},"modified":"2012-09-03T08:47:00","modified_gmt":"2012-09-03T08:47:00","slug":"actualizacion-datos-servicios-complementarios","status":"publish","type":"post","link":"https:\/\/blogsaverroes.juntadeandalucia.es\/alegriadelahuerta6\/2012\/09\/03\/actualizacion-datos-servicios-complementarios\/","title":{"rendered":"Actualizaci\u00f3n datos servicios complementarios"},"content":{"rendered":"<p>Est\u00e1 abierto el plazo para la actualizaci\u00f3n de datos econo\u00f3micos necesarios para la bonificaci\u00f3n de comedor, aula matinal y actividades extraescolares. S\u00f3lo ten\u00e9is que entregar documentos en el caso de que haya alg\u00fan cambio con los datos que ya entregasteis en junio. Pod\u00e9is pasar por secretar\u00eda.<br \/>Os dejamos el enlace de la <a href=\"http:\/\/www.ced.junta-andalucia.es\/educacion\/nav\/contenido.jsp?pag=\/Contenidos\/PC\/Normativa\/plazosolicitudbonificacionPAC&amp;vismenu=0,0,1,1,1,1,0,0,0\" target=\"_blank\" rel=\"noopener noreferrer\">Consejer\u00eda de Educaci\u00f3n<\/a><\/p>\n","protected":false},"excerpt":{"rendered":"<p>Est\u00e1 abierto el plazo para la actualizaci\u00f3n de datos econo\u00f3micos necesarios para la bonificaci\u00f3n de comedor, aula matinal y actividades extraescolares. S\u00f3lo ten\u00e9is que entregar documentos en el caso de que haya alg\u00fan cambio&#46;&#46;&#46;<\/p>\n","protected":false},"author":4131,"featured_media":0,"comment_status":"open","ping_status":"open","sticky":false,"template":"","format":"standard","meta":{"ngg_post_thumbnail":0,"footnotes":""},"categories":[11909],"tags":[],"aioseo_notices":[],"_links":{"self":[{"href":"https:\/\/blogsaverroes.juntadeandalucia.es\/alegriadelahuerta6\/wp-json\/wp\/v2\/posts\/335"}],"collection":[{"href":"https:\/\/blogsaverroes.juntadeandalucia.es\/alegriadelahuerta6\/wp-json\/wp\/v2\/posts"}],"about":[{"href":"https:\/\/blogsaverroes.juntadeandalucia.es\/alegriadelahuerta6\/wp-json\/wp\/v2\/types\/post"}],"author":[{"embeddable":true,"href":"https:\/\/blogsaverroes.juntadeandalucia.es\/alegriadelahuerta6\/wp-json\/wp\/v2\/users\/4131"}],"replies":[{"embeddable":true,"href":"https:\/\/blogsaverroes.juntadeandalucia.es\/alegriadelahuerta6\/wp-json\/wp\/v2\/comments?post=335"}],"version-history":[{"count":0,"href":"https:\/\/blogsaverroes.juntadeandalucia.es\/alegriadelahuerta6\/wp-json\/wp\/v2\/posts\/335\/revisions"}],"wp:attachment":[{"href":"https:\/\/blogsaverroes.juntadeandalucia.es\/alegriadelahuerta6\/wp-json\/wp\/v2\/media?parent=335"}],"wp:term":[{"taxonomy":"category","embeddable":true,"href":"https:\/\/blogsaverroes.juntadeandalucia.es\/alegriadelahuerta6\/wp-json\/wp\/v2\/categories?post=335"},{"taxonomy":"post_tag","embeddable":true,"href":"https:\/\/blogsaverroes.juntadeandalucia.es\/alegriadelahuerta6\/wp-json\/wp\/v2\/tags?post=335"}],"curies":[{"name":"wp","href":"https:\/\/api.w.org\/{rel}","templated":true}]}}