{"id":344,"date":"2012-01-18T12:04:00","date_gmt":"2012-01-18T12:04:00","guid":{"rendered":"http:\/\/blogsaverroes.juntadeandalucia.es\/alegriadelahuerta6\/2012\/01\/18\/"},"modified":"2012-01-18T12:04:00","modified_gmt":"2012-01-18T12:04:00","slug":"344","status":"publish","type":"post","link":"https:\/\/blogsaverroes.juntadeandalucia.es\/alegriadelahuerta6\/2012\/01\/18\/344\/","title":{"rendered":""},"content":{"rendered":"<p>Nuestro Centro, tambi\u00e9n este curso, va a participar en el Plan de Consumo de Fruta en las escuelas.<\/p>\n<p>Pedimos la colaboraci\u00f3n de las familias para que, durante los d\u00edas que se relacionan a continuaci\u00f3n no le envi\u00e9is desayuno a los ni\u00f1os, porque estos d\u00edas comer\u00e1n fruta en la hora del recreo.<\/p>\n<p>Los d\u00edas son:<\/p>\n<p>Jueves, 26 de enero<br \/>Viernes, 27 de enero<br \/>Lunes , 30 de enero<\/p>\n<p>Jueves, 16 de febrero : fresas<br \/>Viernes, 17 de febrero : zumo de naranjas<br \/>Lunes, 20 de febrero : mandarina ecol\u00f3gica<\/p>\n<p>Jueves, 15 de marzo<br \/>Viernes, 16 de marzo<br \/>Lunes, 19 de marzo<\/p>\n<p>Lunes , 19 de abril<br \/>Martes, 20 de abril<br \/>Mi\u00e9rcoles, 21 de abril<br \/>Jueves, 22 de abril<\/p>\n<p>Gracias por vuestra colaboraci\u00f3n<\/p>\n","protected":false},"excerpt":{"rendered":"<p>Nuestro Centro, tambi\u00e9n este curso, va a participar en el Plan de Consumo de Fruta en las escuelas. Pedimos la colaboraci\u00f3n de las familias para que, durante los d\u00edas que se relacionan a continuaci\u00f3n&#46;&#46;&#46;<\/p>\n","protected":false},"author":4131,"featured_media":0,"comment_status":"open","ping_status":"open","sticky":false,"template":"","format":"standard","meta":{"ngg_post_thumbnail":0,"footnotes":""},"categories":[11909],"tags":[],"aioseo_notices":[],"_links":{"self":[{"href":"https:\/\/blogsaverroes.juntadeandalucia.es\/alegriadelahuerta6\/wp-json\/wp\/v2\/posts\/344"}],"collection":[{"href":"https:\/\/blogsaverroes.juntadeandalucia.es\/alegriadelahuerta6\/wp-json\/wp\/v2\/posts"}],"about":[{"href":"https:\/\/blogsaverroes.juntadeandalucia.es\/alegriadelahuerta6\/wp-json\/wp\/v2\/types\/post"}],"author":[{"embeddable":true,"href":"https:\/\/blogsaverroes.juntadeandalucia.es\/alegriadelahuerta6\/wp-json\/wp\/v2\/users\/4131"}],"replies":[{"embeddable":true,"href":"https:\/\/blogsaverroes.juntadeandalucia.es\/alegriadelahuerta6\/wp-json\/wp\/v2\/comments?post=344"}],"version-history":[{"count":0,"href":"https:\/\/blogsaverroes.juntadeandalucia.es\/alegriadelahuerta6\/wp-json\/wp\/v2\/posts\/344\/revisions"}],"wp:attachment":[{"href":"https:\/\/blogsaverroes.juntadeandalucia.es\/alegriadelahuerta6\/wp-json\/wp\/v2\/media?parent=344"}],"wp:term":[{"taxonomy":"category","embeddable":true,"href":"https:\/\/blogsaverroes.juntadeandalucia.es\/alegriadelahuerta6\/wp-json\/wp\/v2\/categories?post=344"},{"taxonomy":"post_tag","embeddable":true,"href":"https:\/\/blogsaverroes.juntadeandalucia.es\/alegriadelahuerta6\/wp-json\/wp\/v2\/tags?post=344"}],"curies":[{"name":"wp","href":"https:\/\/api.w.org\/{rel}","templated":true}]}}