{"id":803,"date":"2023-10-19T06:11:59","date_gmt":"2023-10-19T06:11:59","guid":{"rendered":"https:\/\/blogsaverroes.juntadeandalucia.es\/altascapacidadesmalaga\/?p=803"},"modified":"2023-10-19T06:11:59","modified_gmt":"2023-10-19T06:11:59","slug":"grupos-provisionales-investiga-y-descubre","status":"publish","type":"post","link":"https:\/\/blogsaverroes.juntadeandalucia.es\/altascapacidadesmalaga\/2023\/10\/19\/grupos-provisionales-investiga-y-descubre\/","title":{"rendered":"GRUPOS PROVISIONALES INVESTIGA Y DESCUBRE"},"content":{"rendered":"<p style=\"text-align: justify\">Publicada la <a title=\"Pulse para visualizar el documento:&nbsp;Resoluci\u00f3n de 16 de octubre de 2023, de la Direcci\u00f3n General de Ordenaci\u00f3n, Inclusi\u00f3n, Participaci\u00f3n y Evaluaci\u00f3n Educativa, por la que se aprueba la relaci\u00f3n provisional de centros docentes, proyectos y grupos seleccionados para el desarrollo del Programa 'Investiga y Descubre' en los centros docentes p\u00fablicos dependientes de la Consejer\u00eda de Desarrollo Educativo y Formaci\u00f3n Profesional de la Junta de Andaluc\u00eda para el curso 2023-2024\" href=\"https:\/\/www.juntadeandalucia.es\/educacion\/portals\/delegate\/content\/56dc4f91-5ad7-43a5-b89c-b721b815d7e3\/Resoluci\u00f3n de 16 de octubre de 2023, de la Direcci\u00f3n General de Ordenaci\u00f3n, Inclusi\u00f3n, Participaci\u00f3n y Evaluaci\u00f3n Educativa, por la que se aprueba la relaci\u00f3n provisional de centros docentes, proyectos y grupos seleccionados para el desarrollo del Programa 'Investiga y Descubre' en los centros docentes p\u00fablicos dependientes de la Consejer\u00eda de Desarrollo Educativo y Formaci\u00f3n Profesional de la Junta de Andaluc\u00eda para el curso 2023-2024\" target=\"_blank\" rel=\"noopener noreferrer\">Resoluci\u00f3n de 16 de octubre de 2023, de la Direcci\u00f3n General de Ordenaci\u00f3n, Inclusi\u00f3n, Participaci\u00f3n y Evaluaci\u00f3n Educativa, por la que se aprueba la relaci\u00f3n provisional de centros docentes, proyectos y grupos seleccionados para el desarrollo del Programa &#8216;Investiga y Descubre&#8217; en los centros docentes p\u00fablicos dependientes de la Consejer\u00eda de Desarrollo Educativo y Formaci\u00f3n Profesional de la Junta de Andaluc\u00eda para el curso 2023-2024 <\/a><\/p>\n<p style=\"text-align: justify\">Recordamos que el plazo de alegaciones es hasta el 23 de octubre. Asimismo, el plazo de solicitudes para el alumnado es hasta el 27 de octubre en los centros (Anexo II).<\/p>\n","protected":false},"excerpt":{"rendered":"<p>Publicada la Resoluci\u00f3n de 16 de octubre de 2023, de la Direcci\u00f3n General de Ordenaci\u00f3n, Inclusi\u00f3n, Participaci\u00f3n y Evaluaci\u00f3n Educativa, por la que se aprueba la relaci\u00f3n provisional de centros docentes, proyectos y grupos&#46;&#46;&#46;<\/p>\n","protected":false},"author":11976,"featured_media":801,"comment_status":"closed","ping_status":"open","sticky":false,"template":"","format":"standard","meta":{"ngg_post_thumbnail":0,"footnotes":""},"categories":[1],"tags":[44,43,20,45],"aioseo_notices":[],"post_mailing_queue_ids":[],"_links":{"self":[{"href":"https:\/\/blogsaverroes.juntadeandalucia.es\/altascapacidadesmalaga\/wp-json\/wp\/v2\/posts\/803"}],"collection":[{"href":"https:\/\/blogsaverroes.juntadeandalucia.es\/altascapacidadesmalaga\/wp-json\/wp\/v2\/posts"}],"about":[{"href":"https:\/\/blogsaverroes.juntadeandalucia.es\/altascapacidadesmalaga\/wp-json\/wp\/v2\/types\/post"}],"author":[{"embeddable":true,"href":"https:\/\/blogsaverroes.juntadeandalucia.es\/altascapacidadesmalaga\/wp-json\/wp\/v2\/users\/11976"}],"replies":[{"embeddable":true,"href":"https:\/\/blogsaverroes.juntadeandalucia.es\/altascapacidadesmalaga\/wp-json\/wp\/v2\/comments?post=803"}],"version-history":[{"count":1,"href":"https:\/\/blogsaverroes.juntadeandalucia.es\/altascapacidadesmalaga\/wp-json\/wp\/v2\/posts\/803\/revisions"}],"predecessor-version":[{"id":804,"href":"https:\/\/blogsaverroes.juntadeandalucia.es\/altascapacidadesmalaga\/wp-json\/wp\/v2\/posts\/803\/revisions\/804"}],"wp:featuredmedia":[{"embeddable":true,"href":"https:\/\/blogsaverroes.juntadeandalucia.es\/altascapacidadesmalaga\/wp-json\/wp\/v2\/media\/801"}],"wp:attachment":[{"href":"https:\/\/blogsaverroes.juntadeandalucia.es\/altascapacidadesmalaga\/wp-json\/wp\/v2\/media?parent=803"}],"wp:term":[{"taxonomy":"category","embeddable":true,"href":"https:\/\/blogsaverroes.juntadeandalucia.es\/altascapacidadesmalaga\/wp-json\/wp\/v2\/categories?post=803"},{"taxonomy":"post_tag","embeddable":true,"href":"https:\/\/blogsaverroes.juntadeandalucia.es\/altascapacidadesmalaga\/wp-json\/wp\/v2\/tags?post=803"}],"curies":[{"name":"wp","href":"https:\/\/api.w.org\/{rel}","templated":true}]}}