{"id":3227,"date":"2018-10-13T10:49:09","date_gmt":"2018-10-13T10:49:09","guid":{"rendered":"https:\/\/blogsaverroes.juntadeandalucia.es\/alunada\/?p=3227"},"modified":"2018-10-13T11:00:26","modified_gmt":"2018-10-13T11:00:26","slug":"elecciones-al-consejo-escolar","status":"publish","type":"post","link":"https:\/\/blogsaverroes.juntadeandalucia.es\/alunada\/elecciones-al-consejo-escolar\/","title":{"rendered":"ELECCIONES AL CONSEJO ESCOLAR."},"content":{"rendered":"<p>Presentaci\u00f3n de candidaturas.<\/p>\n<p>Plazo de admisi\u00f3n de candidaturas hasta el 18 de octubre (inclusive).<\/p>\n<p>Las candidaturas se presentar\u00e1n en el centro&nbsp;docente en horario escolar.<\/p>\n<p><a href=\"https:\/\/blogsaverroes.juntadeandalucia.es\/alunada\/files\/2018\/10\/CONSEJO-ESCOLAR.jpg\"><img loading=\"lazy\" decoding=\"async\" class=\"aligncenter size-thumbnail wp-image-3228\" src=\"https:\/\/blogsaverroes.juntadeandalucia.es\/alunada\/files\/2018\/10\/CONSEJO-ESCOLAR-150x150.jpg\" alt=\"\" width=\"150\" height=\"150\" srcset=\"https:\/\/blogsaverroes.juntadeandalucia.es\/alunada\/files\/2018\/10\/CONSEJO-ESCOLAR-150x150.jpg 150w, https:\/\/blogsaverroes.juntadeandalucia.es\/alunada\/files\/2018\/10\/CONSEJO-ESCOLAR-100x100.jpg 100w, https:\/\/blogsaverroes.juntadeandalucia.es\/alunada\/files\/2018\/10\/CONSEJO-ESCOLAR-160x160.jpg 160w, https:\/\/blogsaverroes.juntadeandalucia.es\/alunada\/files\/2018\/10\/CONSEJO-ESCOLAR-320x320.jpg 320w, https:\/\/blogsaverroes.juntadeandalucia.es\/alunada\/files\/2018\/10\/CONSEJO-ESCOLAR-24x24.jpg 24w, https:\/\/blogsaverroes.juntadeandalucia.es\/alunada\/files\/2018\/10\/CONSEJO-ESCOLAR-36x36.jpg 36w, https:\/\/blogsaverroes.juntadeandalucia.es\/alunada\/files\/2018\/10\/CONSEJO-ESCOLAR-48x48.jpg 48w, https:\/\/blogsaverroes.juntadeandalucia.es\/alunada\/files\/2018\/10\/CONSEJO-ESCOLAR.jpg 225w\" sizes=\"(max-width: 150px) 100vw, 150px\" \/><\/a><\/p>\n","protected":false},"excerpt":{"rendered":"<p>Presentaci\u00f3n de candidaturas. Plazo de admisi\u00f3n de candidaturas hasta el 18 de octubre (inclusive). Las candidaturas se presentar\u00e1n en el centro&nbsp;docente en horario escolar.<\/p>\n","protected":false},"author":1514,"featured_media":0,"comment_status":"open","ping_status":"open","sticky":false,"template":"","format":"standard","meta":{"ngg_post_thumbnail":0,"footnotes":""},"categories":[7051,810029,4441],"tags":[307450],"aioseo_notices":[],"_links":{"self":[{"href":"https:\/\/blogsaverroes.juntadeandalucia.es\/alunada\/wp-json\/wp\/v2\/posts\/3227"}],"collection":[{"href":"https:\/\/blogsaverroes.juntadeandalucia.es\/alunada\/wp-json\/wp\/v2\/posts"}],"about":[{"href":"https:\/\/blogsaverroes.juntadeandalucia.es\/alunada\/wp-json\/wp\/v2\/types\/post"}],"author":[{"embeddable":true,"href":"https:\/\/blogsaverroes.juntadeandalucia.es\/alunada\/wp-json\/wp\/v2\/users\/1514"}],"replies":[{"embeddable":true,"href":"https:\/\/blogsaverroes.juntadeandalucia.es\/alunada\/wp-json\/wp\/v2\/comments?post=3227"}],"version-history":[{"count":4,"href":"https:\/\/blogsaverroes.juntadeandalucia.es\/alunada\/wp-json\/wp\/v2\/posts\/3227\/revisions"}],"predecessor-version":[{"id":3236,"href":"https:\/\/blogsaverroes.juntadeandalucia.es\/alunada\/wp-json\/wp\/v2\/posts\/3227\/revisions\/3236"}],"wp:attachment":[{"href":"https:\/\/blogsaverroes.juntadeandalucia.es\/alunada\/wp-json\/wp\/v2\/media?parent=3227"}],"wp:term":[{"taxonomy":"category","embeddable":true,"href":"https:\/\/blogsaverroes.juntadeandalucia.es\/alunada\/wp-json\/wp\/v2\/categories?post=3227"},{"taxonomy":"post_tag","embeddable":true,"href":"https:\/\/blogsaverroes.juntadeandalucia.es\/alunada\/wp-json\/wp\/v2\/tags?post=3227"}],"curies":[{"name":"wp","href":"https:\/\/api.w.org\/{rel}","templated":true}]}}