{"id":3337,"date":"2019-06-18T11:51:24","date_gmt":"2019-06-18T11:51:24","guid":{"rendered":"https:\/\/blogsaverroes.juntadeandalucia.es\/alunada\/?p=3337"},"modified":"2019-06-18T11:51:24","modified_gmt":"2019-06-18T11:51:24","slug":"fruta-de-verano","status":"publish","type":"post","link":"https:\/\/blogsaverroes.juntadeandalucia.es\/alunada\/fruta-de-verano\/","title":{"rendered":"FRUTA DE VERANO"},"content":{"rendered":"<p style=\"text-align: center;\">EL MI\u00c9RCOLES 19 DE JUNIO NUESTRA AMPA REPARTIR\u00c1 A TODO EL ALUMNADO FRUTA DE VERANO<\/p>\n<p style=\"text-align: center;\">MEL\u00d3N Y SAND\u00cdA<\/p>\n<p>&nbsp;<\/p>\n<p style=\"text-align: center;\"><a href=\"https:\/\/blogsaverroes.juntadeandalucia.es\/alunada\/dia-de-la-fruta-de-verano\/\">FRUTA DE VERANO<\/a><\/p>\n","protected":false},"excerpt":{"rendered":"<p>EL MI\u00c9RCOLES 19 DE JUNIO NUESTRA AMPA REPARTIR\u00c1 A TODO EL ALUMNADO FRUTA DE VERANO MEL\u00d3N Y SAND\u00cdA &nbsp; FRUTA DE VERANO<\/p>\n","protected":false},"author":1514,"featured_media":0,"comment_status":"open","ping_status":"open","sticky":false,"template":"","format":"standard","meta":{"ngg_post_thumbnail":0,"footnotes":""},"categories":[41936],"tags":[],"aioseo_notices":[],"_links":{"self":[{"href":"https:\/\/blogsaverroes.juntadeandalucia.es\/alunada\/wp-json\/wp\/v2\/posts\/3337"}],"collection":[{"href":"https:\/\/blogsaverroes.juntadeandalucia.es\/alunada\/wp-json\/wp\/v2\/posts"}],"about":[{"href":"https:\/\/blogsaverroes.juntadeandalucia.es\/alunada\/wp-json\/wp\/v2\/types\/post"}],"author":[{"embeddable":true,"href":"https:\/\/blogsaverroes.juntadeandalucia.es\/alunada\/wp-json\/wp\/v2\/users\/1514"}],"replies":[{"embeddable":true,"href":"https:\/\/blogsaverroes.juntadeandalucia.es\/alunada\/wp-json\/wp\/v2\/comments?post=3337"}],"version-history":[{"count":1,"href":"https:\/\/blogsaverroes.juntadeandalucia.es\/alunada\/wp-json\/wp\/v2\/posts\/3337\/revisions"}],"predecessor-version":[{"id":3338,"href":"https:\/\/blogsaverroes.juntadeandalucia.es\/alunada\/wp-json\/wp\/v2\/posts\/3337\/revisions\/3338"}],"wp:attachment":[{"href":"https:\/\/blogsaverroes.juntadeandalucia.es\/alunada\/wp-json\/wp\/v2\/media?parent=3337"}],"wp:term":[{"taxonomy":"category","embeddable":true,"href":"https:\/\/blogsaverroes.juntadeandalucia.es\/alunada\/wp-json\/wp\/v2\/categories?post=3337"},{"taxonomy":"post_tag","embeddable":true,"href":"https:\/\/blogsaverroes.juntadeandalucia.es\/alunada\/wp-json\/wp\/v2\/tags?post=3337"}],"curies":[{"name":"wp","href":"https:\/\/api.w.org\/{rel}","templated":true}]}}