{"id":3366,"date":"2019-09-02T17:19:42","date_gmt":"2019-09-02T17:19:42","guid":{"rendered":"https:\/\/blogsaverroes.juntadeandalucia.es\/alunada\/?p=3366"},"modified":"2019-09-02T17:19:42","modified_gmt":"2019-09-02T17:19:42","slug":"comedor-2019-20","status":"publish","type":"post","link":"https:\/\/blogsaverroes.juntadeandalucia.es\/alunada\/comedor-2019-20\/","title":{"rendered":"COMEDOR 2019\/20"},"content":{"rendered":"<p style=\"text-align: center;\"><strong><span style=\"color: #000000; font-size: 24pt;\">El pr\u00f3ximo martes 3 de<\/span><\/strong><br \/>\n<strong><span style=\"color: #000000; font-size: 24pt;\">septiembre a las 12:00 tendr\u00e1<\/span><\/strong><br \/>\n<strong><span style=\"color: #000000; font-size: 24pt;\">lugar una reuni\u00f3n informativa<\/span><\/strong><br \/>\n<strong><span style=\"color: #000000; font-size: 24pt;\">con las familias usuarias del<\/span><\/strong><br \/>\n<strong><span style=\"color: #000000; font-size: 24pt;\">comedor para este curso.<\/span><\/strong><\/p>\n","protected":false},"excerpt":{"rendered":"<p>El pr\u00f3ximo martes 3 de septiembre a las 12:00 tendr\u00e1 lugar una reuni\u00f3n informativa con las familias usuarias del comedor para este curso.<\/p>\n","protected":false},"author":1514,"featured_media":0,"comment_status":"open","ping_status":"open","sticky":false,"template":"","format":"standard","meta":{"ngg_post_thumbnail":0,"footnotes":""},"categories":[7051,7787],"tags":[],"aioseo_notices":[],"_links":{"self":[{"href":"https:\/\/blogsaverroes.juntadeandalucia.es\/alunada\/wp-json\/wp\/v2\/posts\/3366"}],"collection":[{"href":"https:\/\/blogsaverroes.juntadeandalucia.es\/alunada\/wp-json\/wp\/v2\/posts"}],"about":[{"href":"https:\/\/blogsaverroes.juntadeandalucia.es\/alunada\/wp-json\/wp\/v2\/types\/post"}],"author":[{"embeddable":true,"href":"https:\/\/blogsaverroes.juntadeandalucia.es\/alunada\/wp-json\/wp\/v2\/users\/1514"}],"replies":[{"embeddable":true,"href":"https:\/\/blogsaverroes.juntadeandalucia.es\/alunada\/wp-json\/wp\/v2\/comments?post=3366"}],"version-history":[{"count":1,"href":"https:\/\/blogsaverroes.juntadeandalucia.es\/alunada\/wp-json\/wp\/v2\/posts\/3366\/revisions"}],"predecessor-version":[{"id":3367,"href":"https:\/\/blogsaverroes.juntadeandalucia.es\/alunada\/wp-json\/wp\/v2\/posts\/3366\/revisions\/3367"}],"wp:attachment":[{"href":"https:\/\/blogsaverroes.juntadeandalucia.es\/alunada\/wp-json\/wp\/v2\/media?parent=3366"}],"wp:term":[{"taxonomy":"category","embeddable":true,"href":"https:\/\/blogsaverroes.juntadeandalucia.es\/alunada\/wp-json\/wp\/v2\/categories?post=3366"},{"taxonomy":"post_tag","embeddable":true,"href":"https:\/\/blogsaverroes.juntadeandalucia.es\/alunada\/wp-json\/wp\/v2\/tags?post=3366"}],"curies":[{"name":"wp","href":"https:\/\/api.w.org\/{rel}","templated":true}]}}