{"id":3481,"date":"2020-06-25T11:00:23","date_gmt":"2020-06-25T11:00:23","guid":{"rendered":"https:\/\/blogsaverroes.juntadeandalucia.es\/alunada\/?p=3481"},"modified":"2020-06-25T11:01:27","modified_gmt":"2020-06-25T11:01:27","slug":"punto-de-recogida-electronico","status":"publish","type":"post","link":"https:\/\/blogsaverroes.juntadeandalucia.es\/alunada\/punto-de-recogida-electronico\/","title":{"rendered":"PUNTO DE RECOGIDA ELECTR\u00d3NICO"},"content":{"rendered":"<p style=\"text-align: center;\">Estimadas Familias esta es la direcci\u00f3n del <strong>PUNTO DE RECOGIDA ELECTR\u00d3NICO<\/strong><\/p>\n<p style=\"text-align: center;\"><a href=\"https:\/\/seneca.juntadeandalucia.es\/seneca\/puntoderecogida\/index.html\">https:\/\/seneca.juntadeandalucia.es\/seneca\/puntoderecogida\/index.html<\/a><\/p>\n<p style=\"text-align: center;\">En esta direcci\u00f3n Los tutores legales podr\u00e1n recoger de forma telem\u00e1tica los boletines de calificaciones y , en su caso, los cheques-libro (<em><strong>solo para el alumnado que curse 1\u00ba y 2\u00ba de PRIMARIA el Pr\u00f3ximo Curso 2020\/21).<\/strong><\/em> Para ello acceder\u00e1n mediante la introducci\u00f3n de la fecha de nacimiento del alumno y su clave iANDe (<em>La clave IANDE la ten\u00e9is anclada en comunicaciones IPASEN<\/em>)<\/p>\n<p style=\"text-align: center;\"><strong>EL EQUIPO DIRECTIVO<\/strong><\/p>\n<p>&nbsp;<\/p>\n","protected":false},"excerpt":{"rendered":"<p>Estimadas Familias esta es la direcci\u00f3n del PUNTO DE RECOGIDA ELECTR\u00d3NICO https:\/\/seneca.juntadeandalucia.es\/seneca\/puntoderecogida\/index.html En esta direcci\u00f3n Los tutores legales podr\u00e1n recoger de forma telem\u00e1tica los boletines de calificaciones y , en su caso, los cheques-libro (solo para el alumnado que curse&#46;&#46;&#46;<\/p>\n","protected":false},"author":1514,"featured_media":0,"comment_status":"open","ping_status":"open","sticky":false,"template":"","format":"standard","meta":{"ngg_post_thumbnail":0,"footnotes":""},"categories":[7787],"tags":[],"aioseo_notices":[],"_links":{"self":[{"href":"https:\/\/blogsaverroes.juntadeandalucia.es\/alunada\/wp-json\/wp\/v2\/posts\/3481"}],"collection":[{"href":"https:\/\/blogsaverroes.juntadeandalucia.es\/alunada\/wp-json\/wp\/v2\/posts"}],"about":[{"href":"https:\/\/blogsaverroes.juntadeandalucia.es\/alunada\/wp-json\/wp\/v2\/types\/post"}],"author":[{"embeddable":true,"href":"https:\/\/blogsaverroes.juntadeandalucia.es\/alunada\/wp-json\/wp\/v2\/users\/1514"}],"replies":[{"embeddable":true,"href":"https:\/\/blogsaverroes.juntadeandalucia.es\/alunada\/wp-json\/wp\/v2\/comments?post=3481"}],"version-history":[{"count":2,"href":"https:\/\/blogsaverroes.juntadeandalucia.es\/alunada\/wp-json\/wp\/v2\/posts\/3481\/revisions"}],"predecessor-version":[{"id":3483,"href":"https:\/\/blogsaverroes.juntadeandalucia.es\/alunada\/wp-json\/wp\/v2\/posts\/3481\/revisions\/3483"}],"wp:attachment":[{"href":"https:\/\/blogsaverroes.juntadeandalucia.es\/alunada\/wp-json\/wp\/v2\/media?parent=3481"}],"wp:term":[{"taxonomy":"category","embeddable":true,"href":"https:\/\/blogsaverroes.juntadeandalucia.es\/alunada\/wp-json\/wp\/v2\/categories?post=3481"},{"taxonomy":"post_tag","embeddable":true,"href":"https:\/\/blogsaverroes.juntadeandalucia.es\/alunada\/wp-json\/wp\/v2\/tags?post=3481"}],"curies":[{"name":"wp","href":"https:\/\/api.w.org\/{rel}","templated":true}]}}