{"id":3507,"date":"2020-09-05T12:02:43","date_gmt":"2020-09-05T12:02:43","guid":{"rendered":"https:\/\/blogsaverroes.juntadeandalucia.es\/alunada\/?p=3507"},"modified":"2020-09-05T12:02:43","modified_gmt":"2020-09-05T12:02:43","slug":"comunicado-inicio-de-curso-2020-21","status":"publish","type":"post","link":"https:\/\/blogsaverroes.juntadeandalucia.es\/alunada\/comunicado-inicio-de-curso-2020-21\/","title":{"rendered":"Comunicado Inicio de Curso 2020\/21"},"content":{"rendered":"<p>Estimadas familias, os trasladamos algunas informaciones referentes al inicio de curso:<\/p>\n<div>&#8211; El centro se encuentra en obras para la mejora de la climatizaci\u00f3n del mismo. A pesar de que van retrasadas, tanto el Ayuntamiento como la empresa adjudicataria est\u00e1n haciendo un esfuerzo y se han comprometido para que el colegio est\u00e9 en condiciones el d\u00eda 10 de septiembre. Desde el Equipo Directivo valoraremos la situaci\u00f3n a principios de la pr\u00f3xima semana y decidiremos en funci\u00f3n del estado en el que se encuentre la obra. Os avisaremos puntualmente de cualquier cambio.<\/div>\n<div>&#8211; La semana pr\u00f3xima, y antes del inicio de curso, tendr\u00e1n lugar las reuniones de las tutor\u00edas donde se informar\u00e1 de todo lo relacionado con el comienzo del curso, incluido el Protocolo COVID que llevaremos a cabo.<\/div>\n<div>&#8211; Para realizar cualquier gesti\u00f3n en el centro es necesario pedir <strong>CITA PREVIA<\/strong> en los n\u00famero <strong>955649504 o<\/strong><\/div>\n<div><strong>955649502.<\/strong><\/div>\n<div>&#8211; Recordad que el 7 de septiembre es el \u00faltimo d\u00eda para solicitar la bonificaci\u00f3n en el precio de los servicios&nbsp;<\/div>\n<div>complementarios de aula matinal, comedor y extraescolares. Despu\u00e9s no se podr\u00e1 solicitar la bonificaci\u00f3n.&nbsp;<\/div>\n<div>&nbsp;<\/div>\n<div>Saludos.<\/div>\n<div>El equipo Directivo.<\/div>\n","protected":false},"excerpt":{"rendered":"<p>Estimadas familias, os trasladamos algunas informaciones referentes al inicio de curso: &#8211; El centro se encuentra en obras para la mejora de la climatizaci\u00f3n del mismo. A pesar de que van retrasadas, tanto el Ayuntamiento como la empresa adjudicataria est\u00e1n&#46;&#46;&#46;<\/p>\n","protected":false},"author":1514,"featured_media":0,"comment_status":"open","ping_status":"open","sticky":false,"template":"","format":"standard","meta":{"ngg_post_thumbnail":0,"footnotes":""},"categories":[7787],"tags":[],"aioseo_notices":[],"_links":{"self":[{"href":"https:\/\/blogsaverroes.juntadeandalucia.es\/alunada\/wp-json\/wp\/v2\/posts\/3507"}],"collection":[{"href":"https:\/\/blogsaverroes.juntadeandalucia.es\/alunada\/wp-json\/wp\/v2\/posts"}],"about":[{"href":"https:\/\/blogsaverroes.juntadeandalucia.es\/alunada\/wp-json\/wp\/v2\/types\/post"}],"author":[{"embeddable":true,"href":"https:\/\/blogsaverroes.juntadeandalucia.es\/alunada\/wp-json\/wp\/v2\/users\/1514"}],"replies":[{"embeddable":true,"href":"https:\/\/blogsaverroes.juntadeandalucia.es\/alunada\/wp-json\/wp\/v2\/comments?post=3507"}],"version-history":[{"count":2,"href":"https:\/\/blogsaverroes.juntadeandalucia.es\/alunada\/wp-json\/wp\/v2\/posts\/3507\/revisions"}],"predecessor-version":[{"id":3509,"href":"https:\/\/blogsaverroes.juntadeandalucia.es\/alunada\/wp-json\/wp\/v2\/posts\/3507\/revisions\/3509"}],"wp:attachment":[{"href":"https:\/\/blogsaverroes.juntadeandalucia.es\/alunada\/wp-json\/wp\/v2\/media?parent=3507"}],"wp:term":[{"taxonomy":"category","embeddable":true,"href":"https:\/\/blogsaverroes.juntadeandalucia.es\/alunada\/wp-json\/wp\/v2\/categories?post=3507"},{"taxonomy":"post_tag","embeddable":true,"href":"https:\/\/blogsaverroes.juntadeandalucia.es\/alunada\/wp-json\/wp\/v2\/tags?post=3507"}],"curies":[{"name":"wp","href":"https:\/\/api.w.org\/{rel}","templated":true}]}}