{"id":3530,"date":"2020-10-01T10:42:08","date_gmt":"2020-10-01T10:42:08","guid":{"rendered":"https:\/\/blogsaverroes.juntadeandalucia.es\/alunada\/?p=3530"},"modified":"2020-10-01T10:43:24","modified_gmt":"2020-10-01T10:43:24","slug":"elecciones-al-consejo-escolar-2","status":"publish","type":"post","link":"https:\/\/blogsaverroes.juntadeandalucia.es\/alunada\/elecciones-al-consejo-escolar-2\/","title":{"rendered":"ELECCIONES AL CONSEJO ESCOLAR"},"content":{"rendered":"<p>Estimadas familias,<\/p>\n<p>En este mes de octubre de 2020 se inicia el proceso electoral para la renovaci\u00f3n del Consejo Escolar .<\/p>\n<p>Adjuntamos el calendario de actuaciones del proceso.<\/p>\n<p>El plazo de admisi\u00f3n de candidaturas ser\u00e1 del 16 al 29 de octubre de 2020.<\/p>\n<p>Las personas interesadas en ser candidatos\/as deber\u00e1n hacerlo mediante escrito dirigido a la Direcci\u00f3n del centro en dicho plazo.<\/p>\n<p>Atentamente.<br \/>\nEl equipo directivo.<\/p>\n","protected":false},"excerpt":{"rendered":"<p>Estimadas familias, En este mes de octubre de 2020 se inicia el proceso electoral para la renovaci\u00f3n del Consejo Escolar . Adjuntamos el calendario de actuaciones del proceso. El plazo de admisi\u00f3n de candidaturas ser\u00e1 del 16 al 29 de&#46;&#46;&#46;<\/p>\n","protected":false},"author":1514,"featured_media":0,"comment_status":"open","ping_status":"open","sticky":false,"template":"","format":"standard","meta":{"ngg_post_thumbnail":0,"footnotes":""},"categories":[7787],"tags":[],"aioseo_notices":[],"_links":{"self":[{"href":"https:\/\/blogsaverroes.juntadeandalucia.es\/alunada\/wp-json\/wp\/v2\/posts\/3530"}],"collection":[{"href":"https:\/\/blogsaverroes.juntadeandalucia.es\/alunada\/wp-json\/wp\/v2\/posts"}],"about":[{"href":"https:\/\/blogsaverroes.juntadeandalucia.es\/alunada\/wp-json\/wp\/v2\/types\/post"}],"author":[{"embeddable":true,"href":"https:\/\/blogsaverroes.juntadeandalucia.es\/alunada\/wp-json\/wp\/v2\/users\/1514"}],"replies":[{"embeddable":true,"href":"https:\/\/blogsaverroes.juntadeandalucia.es\/alunada\/wp-json\/wp\/v2\/comments?post=3530"}],"version-history":[{"count":2,"href":"https:\/\/blogsaverroes.juntadeandalucia.es\/alunada\/wp-json\/wp\/v2\/posts\/3530\/revisions"}],"predecessor-version":[{"id":3532,"href":"https:\/\/blogsaverroes.juntadeandalucia.es\/alunada\/wp-json\/wp\/v2\/posts\/3530\/revisions\/3532"}],"wp:attachment":[{"href":"https:\/\/blogsaverroes.juntadeandalucia.es\/alunada\/wp-json\/wp\/v2\/media?parent=3530"}],"wp:term":[{"taxonomy":"category","embeddable":true,"href":"https:\/\/blogsaverroes.juntadeandalucia.es\/alunada\/wp-json\/wp\/v2\/categories?post=3530"},{"taxonomy":"post_tag","embeddable":true,"href":"https:\/\/blogsaverroes.juntadeandalucia.es\/alunada\/wp-json\/wp\/v2\/tags?post=3530"}],"curies":[{"name":"wp","href":"https:\/\/api.w.org\/{rel}","templated":true}]}}