{"id":3588,"date":"2021-02-16T12:40:26","date_gmt":"2021-02-16T12:40:26","guid":{"rendered":"https:\/\/blogsaverroes.juntadeandalucia.es\/alunada\/?p=3588"},"modified":"2021-02-16T12:40:26","modified_gmt":"2021-02-16T12:40:26","slug":"recogida-de-alimentos","status":"publish","type":"post","link":"https:\/\/blogsaverroes.juntadeandalucia.es\/alunada\/recogida-de-alimentos\/","title":{"rendered":"Recogida de alimentos"},"content":{"rendered":"<div style=\"text-align: center;\">Recordamos que ma\u00f1ana mi\u00e9rcoles 17 de febrero se llevar\u00e1 a cabo en nuestro centro la recogida de alimentos de la campa\u00f1a \u00abcaravana por la paz\u00bb organizada por la asociaci\u00f3n ALFARHA.<\/div>\n<div style=\"text-align: center;\">Gracias por vuestra colaboraci\u00f3n.<\/div>\n","protected":false},"excerpt":{"rendered":"<p>Recordamos que ma\u00f1ana mi\u00e9rcoles 17 de febrero se llevar\u00e1 a cabo en nuestro centro la recogida de alimentos de la campa\u00f1a \u00abcaravana por la paz\u00bb organizada por la asociaci\u00f3n ALFARHA. Gracias por vuestra colaboraci\u00f3n.<\/p>\n","protected":false},"author":1514,"featured_media":0,"comment_status":"open","ping_status":"open","sticky":false,"template":"","format":"standard","meta":{"ngg_post_thumbnail":0,"footnotes":""},"categories":[7787],"tags":[],"aioseo_notices":[],"_links":{"self":[{"href":"https:\/\/blogsaverroes.juntadeandalucia.es\/alunada\/wp-json\/wp\/v2\/posts\/3588"}],"collection":[{"href":"https:\/\/blogsaverroes.juntadeandalucia.es\/alunada\/wp-json\/wp\/v2\/posts"}],"about":[{"href":"https:\/\/blogsaverroes.juntadeandalucia.es\/alunada\/wp-json\/wp\/v2\/types\/post"}],"author":[{"embeddable":true,"href":"https:\/\/blogsaverroes.juntadeandalucia.es\/alunada\/wp-json\/wp\/v2\/users\/1514"}],"replies":[{"embeddable":true,"href":"https:\/\/blogsaverroes.juntadeandalucia.es\/alunada\/wp-json\/wp\/v2\/comments?post=3588"}],"version-history":[{"count":1,"href":"https:\/\/blogsaverroes.juntadeandalucia.es\/alunada\/wp-json\/wp\/v2\/posts\/3588\/revisions"}],"predecessor-version":[{"id":3589,"href":"https:\/\/blogsaverroes.juntadeandalucia.es\/alunada\/wp-json\/wp\/v2\/posts\/3588\/revisions\/3589"}],"wp:attachment":[{"href":"https:\/\/blogsaverroes.juntadeandalucia.es\/alunada\/wp-json\/wp\/v2\/media?parent=3588"}],"wp:term":[{"taxonomy":"category","embeddable":true,"href":"https:\/\/blogsaverroes.juntadeandalucia.es\/alunada\/wp-json\/wp\/v2\/categories?post=3588"},{"taxonomy":"post_tag","embeddable":true,"href":"https:\/\/blogsaverroes.juntadeandalucia.es\/alunada\/wp-json\/wp\/v2\/tags?post=3588"}],"curies":[{"name":"wp","href":"https:\/\/api.w.org\/{rel}","templated":true}]}}