{"id":3617,"date":"2021-04-28T11:10:26","date_gmt":"2021-04-28T11:10:26","guid":{"rendered":"https:\/\/blogsaverroes.juntadeandalucia.es\/alunada\/?p=3617"},"modified":"2021-04-28T11:10:26","modified_gmt":"2021-04-28T11:10:26","slug":"dias-no-lectivos-2","status":"publish","type":"post","link":"https:\/\/blogsaverroes.juntadeandalucia.es\/alunada\/dias-no-lectivos-2\/","title":{"rendered":"D\u00cdAS NO LECTIVOS"},"content":{"rendered":"<p>Estimadas familias,&nbsp;<\/p>\n<p>Os informamos de los pr\u00f3ximos d\u00edas que NO habr\u00e1 clase:<\/p>\n<p>&#8211; El viernes 30 de abril y lunes 3 de mayo por ser d\u00edas no lectivos.<\/p>\n<p>&#8211; El lunes 10 de mayo por ser fiesta local.<\/p>\n<p><strong>*<\/strong><em><strong>Siempre est\u00e1 a vuestra disposici\u00f3n la consulta del Calendario escolar en la aplicaci\u00f3n<\/strong> <span style=\"color: #008000\">IPASEN<\/span>, siguiendo la ruta: <\/em><\/p>\n<p><em>\u00abClic\u00bb en hijo\/a &gt; \u00abClic\u00bb en Calendario Escolar (desplaz\u00e1ndose previamente hacia abajo en la pantalla)<\/em><strong>*<\/strong><\/p>\n<p>&nbsp;<\/p>\n<p>Un saludo cordial.<\/p>\n<p>El equipo directivo.<\/p>\n","protected":false},"excerpt":{"rendered":"<p>Estimadas familias,&nbsp; Os informamos de los pr\u00f3ximos d\u00edas que NO habr\u00e1 clase: &#8211; El viernes 30 de abril y lunes 3 de mayo por ser d\u00edas no lectivos. &#8211; El lunes 10 de mayo por ser fiesta local. *Siempre est\u00e1&#46;&#46;&#46;<\/p>\n","protected":false},"author":1514,"featured_media":0,"comment_status":"open","ping_status":"open","sticky":false,"template":"","format":"standard","meta":{"ngg_post_thumbnail":0,"footnotes":""},"categories":[7787],"tags":[],"aioseo_notices":[],"_links":{"self":[{"href":"https:\/\/blogsaverroes.juntadeandalucia.es\/alunada\/wp-json\/wp\/v2\/posts\/3617"}],"collection":[{"href":"https:\/\/blogsaverroes.juntadeandalucia.es\/alunada\/wp-json\/wp\/v2\/posts"}],"about":[{"href":"https:\/\/blogsaverroes.juntadeandalucia.es\/alunada\/wp-json\/wp\/v2\/types\/post"}],"author":[{"embeddable":true,"href":"https:\/\/blogsaverroes.juntadeandalucia.es\/alunada\/wp-json\/wp\/v2\/users\/1514"}],"replies":[{"embeddable":true,"href":"https:\/\/blogsaverroes.juntadeandalucia.es\/alunada\/wp-json\/wp\/v2\/comments?post=3617"}],"version-history":[{"count":1,"href":"https:\/\/blogsaverroes.juntadeandalucia.es\/alunada\/wp-json\/wp\/v2\/posts\/3617\/revisions"}],"predecessor-version":[{"id":3618,"href":"https:\/\/blogsaverroes.juntadeandalucia.es\/alunada\/wp-json\/wp\/v2\/posts\/3617\/revisions\/3618"}],"wp:attachment":[{"href":"https:\/\/blogsaverroes.juntadeandalucia.es\/alunada\/wp-json\/wp\/v2\/media?parent=3617"}],"wp:term":[{"taxonomy":"category","embeddable":true,"href":"https:\/\/blogsaverroes.juntadeandalucia.es\/alunada\/wp-json\/wp\/v2\/categories?post=3617"},{"taxonomy":"post_tag","embeddable":true,"href":"https:\/\/blogsaverroes.juntadeandalucia.es\/alunada\/wp-json\/wp\/v2\/tags?post=3617"}],"curies":[{"name":"wp","href":"https:\/\/api.w.org\/{rel}","templated":true}]}}