{"id":3620,"date":"2021-05-14T09:33:19","date_gmt":"2021-05-14T09:33:19","guid":{"rendered":"https:\/\/blogsaverroes.juntadeandalucia.es\/alunada\/?p=3620"},"modified":"2021-05-14T09:33:19","modified_gmt":"2021-05-14T09:33:19","slug":"plan-de-consumo-de-frutas-2","status":"publish","type":"post","link":"https:\/\/blogsaverroes.juntadeandalucia.es\/alunada\/plan-de-consumo-de-frutas-2\/","title":{"rendered":"PLAN DE CONSUMO DE FRUTAS"},"content":{"rendered":"<p style=\"text-align: center\">Desde la Direcci\u00f3n del Centro y en colaboraci\u00f3n con el <strong>PLAN DE CONSUMO DE FRUTAS<\/strong>, informamos:<\/p>\n<p style=\"text-align: center\">El pr\u00f3ximo <strong><em>lunes 17 de mayo<\/em><\/strong> se entregar\u00e1 a todo el alumnado <strong>SAND\u00cdA<\/strong> para el desayuno.<\/p>\n<p style=\"text-align: center\">El <strong><em>martes 18 de mayo<\/em><\/strong> tendremos <strong>TOMATE CHERRY + ZANAHORIAS<\/strong><\/p>\n<p style=\"text-align: center\">El <strong><em>mi\u00e9rcoles 19 de mayo<\/em><\/strong> tendremos <strong>AR\u00c1NDANOS<\/strong>.<\/p>\n<p style=\"text-align: center\">(<strong><em>Los 3 d\u00edas el alumnado debe traer recipiente\/tupper<\/em><\/strong>)<\/p>\n<p style=\"text-align: center\">GRACIAS<\/p>\n<p style=\"text-align: center\">EL EQUIPO DIRECTIVO<\/p>\n","protected":false},"excerpt":{"rendered":"<p>Desde la Direcci\u00f3n del Centro y en colaboraci\u00f3n con el PLAN DE CONSUMO DE FRUTAS, informamos: El pr\u00f3ximo lunes 17 de mayo se entregar\u00e1 a todo el alumnado SAND\u00cdA para el desayuno. El martes 18 de mayo tendremos TOMATE CHERRY&#46;&#46;&#46;<\/p>\n","protected":false},"author":1514,"featured_media":0,"comment_status":"open","ping_status":"open","sticky":false,"template":"","format":"standard","meta":{"ngg_post_thumbnail":0,"footnotes":""},"categories":[7787],"tags":[],"aioseo_notices":[],"_links":{"self":[{"href":"https:\/\/blogsaverroes.juntadeandalucia.es\/alunada\/wp-json\/wp\/v2\/posts\/3620"}],"collection":[{"href":"https:\/\/blogsaverroes.juntadeandalucia.es\/alunada\/wp-json\/wp\/v2\/posts"}],"about":[{"href":"https:\/\/blogsaverroes.juntadeandalucia.es\/alunada\/wp-json\/wp\/v2\/types\/post"}],"author":[{"embeddable":true,"href":"https:\/\/blogsaverroes.juntadeandalucia.es\/alunada\/wp-json\/wp\/v2\/users\/1514"}],"replies":[{"embeddable":true,"href":"https:\/\/blogsaverroes.juntadeandalucia.es\/alunada\/wp-json\/wp\/v2\/comments?post=3620"}],"version-history":[{"count":1,"href":"https:\/\/blogsaverroes.juntadeandalucia.es\/alunada\/wp-json\/wp\/v2\/posts\/3620\/revisions"}],"predecessor-version":[{"id":3621,"href":"https:\/\/blogsaverroes.juntadeandalucia.es\/alunada\/wp-json\/wp\/v2\/posts\/3620\/revisions\/3621"}],"wp:attachment":[{"href":"https:\/\/blogsaverroes.juntadeandalucia.es\/alunada\/wp-json\/wp\/v2\/media?parent=3620"}],"wp:term":[{"taxonomy":"category","embeddable":true,"href":"https:\/\/blogsaverroes.juntadeandalucia.es\/alunada\/wp-json\/wp\/v2\/categories?post=3620"},{"taxonomy":"post_tag","embeddable":true,"href":"https:\/\/blogsaverroes.juntadeandalucia.es\/alunada\/wp-json\/wp\/v2\/tags?post=3620"}],"curies":[{"name":"wp","href":"https:\/\/api.w.org\/{rel}","templated":true}]}}