{"id":3684,"date":"2021-11-05T11:27:31","date_gmt":"2021-11-05T11:27:31","guid":{"rendered":"https:\/\/blogsaverroes.juntadeandalucia.es\/alunada\/?p=3684"},"modified":"2021-11-05T11:27:31","modified_gmt":"2021-11-05T11:27:31","slug":"recogida-de-alimentos-2","status":"publish","type":"post","link":"https:\/\/blogsaverroes.juntadeandalucia.es\/alunada\/recogida-de-alimentos-2\/","title":{"rendered":"Recogida de alimentos"},"content":{"rendered":"<p>Estimadas familias, el pr\u00f3ximo mi\u00e9rcoles 10 de noviembre colaboraremos con la asociaci\u00f3n \u00abLLamarada de fuego\u00bb en su campa\u00f1a anual de recogida de alimentos. En esta ocasi\u00f3n ir\u00e1n destinados a la asociaci\u00f3n \u00abLuz del mundo\u00bben Huachu-Per\u00fa- Hospitales rurales de Malawi.<\/p>\n<p><strong>Solo se aportar\u00e1n \u00ab<em>MACARRONES<\/em>\u00ab<\/strong> (Debido a restricciones fronterizas).<\/p>\n<p>Gracias por vuestra colaboraci\u00f3n.<\/p>\n<p>&nbsp;<\/p>\n<p style=\"text-align: center\"><a href=\"https:\/\/blogsaverroes.juntadeandalucia.es\/alunada\/files\/2021\/11\/IMG-20211105-WA0001.jpg\"><img loading=\"lazy\" decoding=\"async\" class=\"alignnone size-thumbnail wp-image-3685\" src=\"https:\/\/blogsaverroes.juntadeandalucia.es\/alunada\/files\/2021\/11\/IMG-20211105-WA0001-150x150.jpg\" alt=\"\" width=\"150\" height=\"150\" srcset=\"https:\/\/blogsaverroes.juntadeandalucia.es\/alunada\/files\/2021\/11\/IMG-20211105-WA0001-150x150.jpg 150w, https:\/\/blogsaverroes.juntadeandalucia.es\/alunada\/files\/2021\/11\/IMG-20211105-WA0001-80x80.jpg 80w, https:\/\/blogsaverroes.juntadeandalucia.es\/alunada\/files\/2021\/11\/IMG-20211105-WA0001-320x320.jpg 320w, https:\/\/blogsaverroes.juntadeandalucia.es\/alunada\/files\/2021\/11\/IMG-20211105-WA0001-500x500.jpg 500w\" sizes=\"(max-width: 150px) 100vw, 150px\" \/><\/a><\/p>\n<p>El Equipo Directivo.<\/p>\n","protected":false},"excerpt":{"rendered":"<p>Estimadas familias, el pr\u00f3ximo mi\u00e9rcoles 10 de noviembre colaboraremos con la asociaci\u00f3n \u00abLLamarada de fuego\u00bb en su campa\u00f1a anual de recogida de alimentos. En esta ocasi\u00f3n ir\u00e1n destinados a la asociaci\u00f3n \u00abLuz del mundo\u00bben Huachu-Per\u00fa- Hospitales rurales de Malawi. Solo&#46;&#46;&#46;<\/p>\n","protected":false},"author":1514,"featured_media":0,"comment_status":"open","ping_status":"open","sticky":false,"template":"","format":"standard","meta":{"ngg_post_thumbnail":0,"footnotes":""},"categories":[7787],"tags":[],"aioseo_notices":[],"_links":{"self":[{"href":"https:\/\/blogsaverroes.juntadeandalucia.es\/alunada\/wp-json\/wp\/v2\/posts\/3684"}],"collection":[{"href":"https:\/\/blogsaverroes.juntadeandalucia.es\/alunada\/wp-json\/wp\/v2\/posts"}],"about":[{"href":"https:\/\/blogsaverroes.juntadeandalucia.es\/alunada\/wp-json\/wp\/v2\/types\/post"}],"author":[{"embeddable":true,"href":"https:\/\/blogsaverroes.juntadeandalucia.es\/alunada\/wp-json\/wp\/v2\/users\/1514"}],"replies":[{"embeddable":true,"href":"https:\/\/blogsaverroes.juntadeandalucia.es\/alunada\/wp-json\/wp\/v2\/comments?post=3684"}],"version-history":[{"count":1,"href":"https:\/\/blogsaverroes.juntadeandalucia.es\/alunada\/wp-json\/wp\/v2\/posts\/3684\/revisions"}],"predecessor-version":[{"id":3686,"href":"https:\/\/blogsaverroes.juntadeandalucia.es\/alunada\/wp-json\/wp\/v2\/posts\/3684\/revisions\/3686"}],"wp:attachment":[{"href":"https:\/\/blogsaverroes.juntadeandalucia.es\/alunada\/wp-json\/wp\/v2\/media?parent=3684"}],"wp:term":[{"taxonomy":"category","embeddable":true,"href":"https:\/\/blogsaverroes.juntadeandalucia.es\/alunada\/wp-json\/wp\/v2\/categories?post=3684"},{"taxonomy":"post_tag","embeddable":true,"href":"https:\/\/blogsaverroes.juntadeandalucia.es\/alunada\/wp-json\/wp\/v2\/tags?post=3684"}],"curies":[{"name":"wp","href":"https:\/\/api.w.org\/{rel}","templated":true}]}}