{"id":3961,"date":"2023-03-07T08:48:26","date_gmt":"2023-03-07T08:48:26","guid":{"rendered":"https:\/\/blogsaverroes.juntadeandalucia.es\/alunada\/?p=3961"},"modified":"2023-04-25T09:56:29","modified_gmt":"2023-04-25T09:56:29","slug":"semana-de-la-amistad","status":"publish","type":"post","link":"https:\/\/blogsaverroes.juntadeandalucia.es\/alunada\/semana-de-la-amistad\/","title":{"rendered":"Semana de la AMISTAD"},"content":{"rendered":"<p>En la semana de la amistad el <strong>equipo de biblioteca<\/strong> brindamos la oportunidad de<strong> leer libros interactivos<\/strong> sobre esa tem\u00e1tica. Estos v\u00eddeos est\u00e1n dirigidos a los alumnos y alumnas del CEIP LA Alunada.<\/p>\n<p><a href=\"https:\/\/blogsaverroes.juntadeandalucia.es\/alunada\/files\/2023\/03\/biblioteca-semana-amistad-Isabel-Vallejo-L\u00f3pez-scaled.jpg\"><img loading=\"lazy\" decoding=\"async\" class=\"aligncenter size-large wp-image-3962\" src=\"https:\/\/blogsaverroes.juntadeandalucia.es\/alunada\/files\/2023\/03\/biblioteca-semana-amistad-Isabel-Vallejo-L\u00f3pez-768x1024.jpg\" alt=\"\" width=\"768\" height=\"1024\" srcset=\"https:\/\/blogsaverroes.juntadeandalucia.es\/alunada\/files\/2023\/03\/biblioteca-semana-amistad-Isabel-Vallejo-L\u00f3pez-768x1024.jpg 768w, https:\/\/blogsaverroes.juntadeandalucia.es\/alunada\/files\/2023\/03\/biblioteca-semana-amistad-Isabel-Vallejo-L\u00f3pez-225x300.jpg 225w, https:\/\/blogsaverroes.juntadeandalucia.es\/alunada\/files\/2023\/03\/biblioteca-semana-amistad-Isabel-Vallejo-L\u00f3pez-1152x1536.jpg 1152w, https:\/\/blogsaverroes.juntadeandalucia.es\/alunada\/files\/2023\/03\/biblioteca-semana-amistad-Isabel-Vallejo-L\u00f3pez-1536x2048.jpg 1536w, https:\/\/blogsaverroes.juntadeandalucia.es\/alunada\/files\/2023\/03\/biblioteca-semana-amistad-Isabel-Vallejo-L\u00f3pez-scaled.jpg 1200w\" sizes=\"(max-width: 768px) 100vw, 768px\" \/><\/a><\/p>\n","protected":false},"excerpt":{"rendered":"<p>En la semana de la amistad el equipo de biblioteca brindamos la oportunidad de leer libros interactivos sobre esa tem\u00e1tica. Estos v\u00eddeos est\u00e1n dirigidos a los alumnos y alumnas del CEIP LA Alunada.<\/p>\n","protected":false},"author":1514,"featured_media":3962,"comment_status":"open","ping_status":"open","sticky":false,"template":"","format":"standard","meta":{"ngg_post_thumbnail":0,"footnotes":""},"categories":[5991,1043445,1043458],"tags":[1043446,1043447],"aioseo_notices":[],"_links":{"self":[{"href":"https:\/\/blogsaverroes.juntadeandalucia.es\/alunada\/wp-json\/wp\/v2\/posts\/3961"}],"collection":[{"href":"https:\/\/blogsaverroes.juntadeandalucia.es\/alunada\/wp-json\/wp\/v2\/posts"}],"about":[{"href":"https:\/\/blogsaverroes.juntadeandalucia.es\/alunada\/wp-json\/wp\/v2\/types\/post"}],"author":[{"embeddable":true,"href":"https:\/\/blogsaverroes.juntadeandalucia.es\/alunada\/wp-json\/wp\/v2\/users\/1514"}],"replies":[{"embeddable":true,"href":"https:\/\/blogsaverroes.juntadeandalucia.es\/alunada\/wp-json\/wp\/v2\/comments?post=3961"}],"version-history":[{"count":1,"href":"https:\/\/blogsaverroes.juntadeandalucia.es\/alunada\/wp-json\/wp\/v2\/posts\/3961\/revisions"}],"predecessor-version":[{"id":3963,"href":"https:\/\/blogsaverroes.juntadeandalucia.es\/alunada\/wp-json\/wp\/v2\/posts\/3961\/revisions\/3963"}],"wp:featuredmedia":[{"embeddable":true,"href":"https:\/\/blogsaverroes.juntadeandalucia.es\/alunada\/wp-json\/wp\/v2\/media\/3962"}],"wp:attachment":[{"href":"https:\/\/blogsaverroes.juntadeandalucia.es\/alunada\/wp-json\/wp\/v2\/media?parent=3961"}],"wp:term":[{"taxonomy":"category","embeddable":true,"href":"https:\/\/blogsaverroes.juntadeandalucia.es\/alunada\/wp-json\/wp\/v2\/categories?post=3961"},{"taxonomy":"post_tag","embeddable":true,"href":"https:\/\/blogsaverroes.juntadeandalucia.es\/alunada\/wp-json\/wp\/v2\/tags?post=3961"}],"curies":[{"name":"wp","href":"https:\/\/api.w.org\/{rel}","templated":true}]}}