{"id":4006,"date":"2023-04-05T17:31:09","date_gmt":"2023-04-05T17:31:09","guid":{"rendered":"https:\/\/blogsaverroes.juntadeandalucia.es\/alunada\/?p=4006"},"modified":"2023-04-25T09:48:52","modified_gmt":"2023-04-25T09:48:52","slug":"aula-de-jaque-jornadas-de-ajedrez","status":"publish","type":"post","link":"https:\/\/blogsaverroes.juntadeandalucia.es\/alunada\/aula-de-jaque-jornadas-de-ajedrez\/","title":{"rendered":"Aula de Jaque. Jornadas de ajedrez."},"content":{"rendered":"<p>Jornadas de ajedrez en nuestro centro por segundo a\u00f1o consecutivo. Despu\u00e9s de todo un a\u00f1o trabajando esta disciplina, hemos participado todo el centro en esta jornada de exhibici\u00f3n llena de valores y compromiso con este maravilloso deporte. Desde infantil de 3 a\u00f1itos hasta 6\u00b0 de primaria gracias por la colaboraci\u00f3n.&nbsp;<\/p>\n<p>Os dejamos algunas fotos de la experiencia:<\/p>\n<p><a href=\"https:\/\/blogsaverroes.juntadeandalucia.es\/alunada\/files\/2023\/04\/IMG-20230331-WA0016-Jos\u00e9-Antonio-Morales-Guill\u00e9n.jpg\"><img loading=\"lazy\" decoding=\"async\" class=\"wp-image-4007 alignleft\" src=\"https:\/\/blogsaverroes.juntadeandalucia.es\/alunada\/files\/2023\/04\/IMG-20230331-WA0016-Jos\u00e9-Antonio-Morales-Guill\u00e9n-300x131.jpg\" alt=\"\" width=\"421\" height=\"184\" srcset=\"https:\/\/blogsaverroes.juntadeandalucia.es\/alunada\/files\/2023\/04\/IMG-20230331-WA0016-Jos\u00e9-Antonio-Morales-Guill\u00e9n-300x131.jpg 300w, https:\/\/blogsaverroes.juntadeandalucia.es\/alunada\/files\/2023\/04\/IMG-20230331-WA0016-Jos\u00e9-Antonio-Morales-Guill\u00e9n-1024x447.jpg 1024w, https:\/\/blogsaverroes.juntadeandalucia.es\/alunada\/files\/2023\/04\/IMG-20230331-WA0016-Jos\u00e9-Antonio-Morales-Guill\u00e9n-768x335.jpg 768w, https:\/\/blogsaverroes.juntadeandalucia.es\/alunada\/files\/2023\/04\/IMG-20230331-WA0016-Jos\u00e9-Antonio-Morales-Guill\u00e9n-1536x671.jpg 1536w, https:\/\/blogsaverroes.juntadeandalucia.es\/alunada\/files\/2023\/04\/IMG-20230331-WA0016-Jos\u00e9-Antonio-Morales-Guill\u00e9n.jpg 1600w\" sizes=\"(max-width: 421px) 100vw, 421px\" \/><\/a><a href=\"https:\/\/blogsaverroes.juntadeandalucia.es\/alunada\/files\/2023\/04\/IMG-20230331-WA0017-Jos\u00e9-Antonio-Morales-Guill\u00e9n.jpg\"><img loading=\"lazy\" decoding=\"async\" class=\"size-medium wp-image-4009 aligncenter\" src=\"https:\/\/blogsaverroes.juntadeandalucia.es\/alunada\/files\/2023\/04\/IMG-20230331-WA0017-Jos\u00e9-Antonio-Morales-Guill\u00e9n-300x225.jpg\" alt=\"\" width=\"300\" height=\"225\" srcset=\"https:\/\/blogsaverroes.juntadeandalucia.es\/alunada\/files\/2023\/04\/IMG-20230331-WA0017-Jos\u00e9-Antonio-Morales-Guill\u00e9n-300x225.jpg 300w, https:\/\/blogsaverroes.juntadeandalucia.es\/alunada\/files\/2023\/04\/IMG-20230331-WA0017-Jos\u00e9-Antonio-Morales-Guill\u00e9n-1024x768.jpg 1024w, https:\/\/blogsaverroes.juntadeandalucia.es\/alunada\/files\/2023\/04\/IMG-20230331-WA0017-Jos\u00e9-Antonio-Morales-Guill\u00e9n-768x576.jpg 768w, https:\/\/blogsaverroes.juntadeandalucia.es\/alunada\/files\/2023\/04\/IMG-20230331-WA0017-Jos\u00e9-Antonio-Morales-Guill\u00e9n-1536x1152.jpg 1536w, https:\/\/blogsaverroes.juntadeandalucia.es\/alunada\/files\/2023\/04\/IMG-20230331-WA0017-Jos\u00e9-Antonio-Morales-Guill\u00e9n.jpg 1600w\" sizes=\"(max-width: 300px) 100vw, 300px\" \/><\/a><\/p>\n<p><a href=\"https:\/\/blogsaverroes.juntadeandalucia.es\/alunada\/files\/2023\/04\/IMG-20230308-WA0001-Jos\u00e9-Antonio-Morales-Guill\u00e9n.jpg\"><img loading=\"lazy\" decoding=\"async\" class=\" wp-image-4010 alignleft\" src=\"https:\/\/blogsaverroes.juntadeandalucia.es\/alunada\/files\/2023\/04\/IMG-20230308-WA0001-Jos\u00e9-Antonio-Morales-Guill\u00e9n-300x225.jpg\" alt=\"\" width=\"411\" height=\"308\" srcset=\"https:\/\/blogsaverroes.juntadeandalucia.es\/alunada\/files\/2023\/04\/IMG-20230308-WA0001-Jos\u00e9-Antonio-Morales-Guill\u00e9n-300x225.jpg 300w, https:\/\/blogsaverroes.juntadeandalucia.es\/alunada\/files\/2023\/04\/IMG-20230308-WA0001-Jos\u00e9-Antonio-Morales-Guill\u00e9n-1024x769.jpg 1024w, https:\/\/blogsaverroes.juntadeandalucia.es\/alunada\/files\/2023\/04\/IMG-20230308-WA0001-Jos\u00e9-Antonio-Morales-Guill\u00e9n-768x577.jpg 768w, https:\/\/blogsaverroes.juntadeandalucia.es\/alunada\/files\/2023\/04\/IMG-20230308-WA0001-Jos\u00e9-Antonio-Morales-Guill\u00e9n-1536x1154.jpg 1536w, https:\/\/blogsaverroes.juntadeandalucia.es\/alunada\/files\/2023\/04\/IMG-20230308-WA0001-Jos\u00e9-Antonio-Morales-Guill\u00e9n.jpg 1600w\" sizes=\"(max-width: 411px) 100vw, 411px\" \/><\/a><\/p>\n<p>&nbsp;<\/p>\n<p>&nbsp;<\/p>\n<p>&nbsp;<\/p>\n<p>&nbsp;<\/p>\n<p>&nbsp;<\/p>\n<p>&nbsp;<\/p>\n<p>&nbsp;<\/p>\n<p>&nbsp;<\/p>\n<p>&nbsp;<\/p>\n<p>Video de la actividad\u2935\ufe0f<\/p>\n<div style=\"width: 640px;\" class=\"wp-video\"><!--[if lt IE 9]><script>document.createElement('video');<\/script><![endif]-->\n<video class=\"wp-video-shortcode\" id=\"video-4006-1\" width=\"640\" height=\"640\" preload=\"metadata\" controls=\"controls\"><source type=\"video\/mp4\" src=\"https:\/\/blogsaverroes.juntadeandalucia.es\/alunada\/files\/2023\/04\/VIDEO-2023-03-31-12-46-31.mp4?_=1\" \/><a href=\"https:\/\/blogsaverroes.juntadeandalucia.es\/alunada\/files\/2023\/04\/VIDEO-2023-03-31-12-46-31.mp4\">https:\/\/blogsaverroes.juntadeandalucia.es\/alunada\/files\/2023\/04\/VIDEO-2023-03-31-12-46-31.mp4<\/a><\/video><\/div>\n<p>&nbsp;<\/p>\n","protected":false},"excerpt":{"rendered":"<p>Jornadas de ajedrez en nuestro centro por segundo a\u00f1o consecutivo. Despu\u00e9s de todo un a\u00f1o trabajando esta disciplina, hemos participado todo el centro en esta jornada de exhibici\u00f3n llena de valores y compromiso con este maravilloso deporte. Desde infantil de&#46;&#46;&#46;<\/p>\n","protected":false},"author":1514,"featured_media":0,"comment_status":"open","ping_status":"open","sticky":false,"template":"","format":"standard","meta":{"ngg_post_thumbnail":0,"footnotes":""},"categories":[1043458,1925,48458],"tags":[],"aioseo_notices":[],"_links":{"self":[{"href":"https:\/\/blogsaverroes.juntadeandalucia.es\/alunada\/wp-json\/wp\/v2\/posts\/4006"}],"collection":[{"href":"https:\/\/blogsaverroes.juntadeandalucia.es\/alunada\/wp-json\/wp\/v2\/posts"}],"about":[{"href":"https:\/\/blogsaverroes.juntadeandalucia.es\/alunada\/wp-json\/wp\/v2\/types\/post"}],"author":[{"embeddable":true,"href":"https:\/\/blogsaverroes.juntadeandalucia.es\/alunada\/wp-json\/wp\/v2\/users\/1514"}],"replies":[{"embeddable":true,"href":"https:\/\/blogsaverroes.juntadeandalucia.es\/alunada\/wp-json\/wp\/v2\/comments?post=4006"}],"version-history":[{"count":1,"href":"https:\/\/blogsaverroes.juntadeandalucia.es\/alunada\/wp-json\/wp\/v2\/posts\/4006\/revisions"}],"predecessor-version":[{"id":4012,"href":"https:\/\/blogsaverroes.juntadeandalucia.es\/alunada\/wp-json\/wp\/v2\/posts\/4006\/revisions\/4012"}],"wp:attachment":[{"href":"https:\/\/blogsaverroes.juntadeandalucia.es\/alunada\/wp-json\/wp\/v2\/media?parent=4006"}],"wp:term":[{"taxonomy":"category","embeddable":true,"href":"https:\/\/blogsaverroes.juntadeandalucia.es\/alunada\/wp-json\/wp\/v2\/categories?post=4006"},{"taxonomy":"post_tag","embeddable":true,"href":"https:\/\/blogsaverroes.juntadeandalucia.es\/alunada\/wp-json\/wp\/v2\/tags?post=4006"}],"curies":[{"name":"wp","href":"https:\/\/api.w.org\/{rel}","templated":true}]}}