{"id":4159,"date":"2023-06-22T09:29:36","date_gmt":"2023-06-22T09:29:36","guid":{"rendered":"https:\/\/blogsaverroes.juntadeandalucia.es\/alunada\/?p=4159"},"modified":"2023-06-22T09:29:36","modified_gmt":"2023-06-22T09:29:36","slug":"atareads","status":"publish","type":"post","link":"https:\/\/blogsaverroes.juntadeandalucia.es\/alunada\/atareads\/","title":{"rendered":"\u201cAtaread@s\u201d"},"content":{"rendered":"<p>Hace varias semanas se llev\u00f3 a cabo en nuestro centro la actividad \u201cAtaread@s\u201d enmarcada dentro del Plan de Igualdad. Esta actividad ha sido de nuevo retomada ya que en los \u00faltimos cursos no se ha podido organizar de acuerdo a las restricciones. Contando con la ayuda y colaboraci\u00f3n total de las personas que conforman el AMPA \u201cLa Lun\u00e1\u201d, nuestros ni\u00f1os y ni\u00f1as han aprendido valores relacionados con la coeducaci\u00f3n as\u00ed como se ha contribuido al desarrollo de la autonom\u00eda personal. Desde nuestro centro y desde el Plan de Igualdad queremos agradecer al AMPA su colaboraci\u00f3n, dedicaci\u00f3n y entrega. <a href=\"https:\/\/blogsaverroes.juntadeandalucia.es\/alunada\/files\/2023\/06\/225AF65F-0389-4EF3-9196-16F637E71899-Mar\u00eda-Jes\u00fas-Bonilla-Guerrero-scaled.jpeg\"><img loading=\"lazy\" decoding=\"async\" class=\"size-large wp-image-4160 alignleft\" src=\"https:\/\/blogsaverroes.juntadeandalucia.es\/alunada\/files\/2023\/06\/225AF65F-0389-4EF3-9196-16F637E71899-Mar\u00eda-Jes\u00fas-Bonilla-Guerrero-768x1024.jpeg\" alt=\"\" width=\"768\" height=\"1024\" srcset=\"https:\/\/blogsaverroes.juntadeandalucia.es\/alunada\/files\/2023\/06\/225AF65F-0389-4EF3-9196-16F637E71899-Mar\u00eda-Jes\u00fas-Bonilla-Guerrero-768x1024.jpeg 768w, https:\/\/blogsaverroes.juntadeandalucia.es\/alunada\/files\/2023\/06\/225AF65F-0389-4EF3-9196-16F637E71899-Mar\u00eda-Jes\u00fas-Bonilla-Guerrero-225x300.jpeg 225w, https:\/\/blogsaverroes.juntadeandalucia.es\/alunada\/files\/2023\/06\/225AF65F-0389-4EF3-9196-16F637E71899-Mar\u00eda-Jes\u00fas-Bonilla-Guerrero-1152x1536.jpeg 1152w, https:\/\/blogsaverroes.juntadeandalucia.es\/alunada\/files\/2023\/06\/225AF65F-0389-4EF3-9196-16F637E71899-Mar\u00eda-Jes\u00fas-Bonilla-Guerrero-1536x2048.jpeg 1536w, https:\/\/blogsaverroes.juntadeandalucia.es\/alunada\/files\/2023\/06\/225AF65F-0389-4EF3-9196-16F637E71899-Mar\u00eda-Jes\u00fas-Bonilla-Guerrero-scaled.jpeg 1200w\" sizes=\"(max-width: 768px) 100vw, 768px\" \/><\/a> <a href=\"https:\/\/blogsaverroes.juntadeandalucia.es\/alunada\/files\/2023\/06\/CC5D136A-52BE-4054-9F9B-1CCDE635363A-Mar\u00eda-Jes\u00fas-Bonilla-Guerrero-scaled.jpeg\"><img loading=\"lazy\" decoding=\"async\" class=\"size-large wp-image-4161 alignright\" src=\"https:\/\/blogsaverroes.juntadeandalucia.es\/alunada\/files\/2023\/06\/CC5D136A-52BE-4054-9F9B-1CCDE635363A-Mar\u00eda-Jes\u00fas-Bonilla-Guerrero-768x1024.jpeg\" alt=\"\" width=\"768\" height=\"1024\" srcset=\"https:\/\/blogsaverroes.juntadeandalucia.es\/alunada\/files\/2023\/06\/CC5D136A-52BE-4054-9F9B-1CCDE635363A-Mar\u00eda-Jes\u00fas-Bonilla-Guerrero-768x1024.jpeg 768w, https:\/\/blogsaverroes.juntadeandalucia.es\/alunada\/files\/2023\/06\/CC5D136A-52BE-4054-9F9B-1CCDE635363A-Mar\u00eda-Jes\u00fas-Bonilla-Guerrero-225x300.jpeg 225w, https:\/\/blogsaverroes.juntadeandalucia.es\/alunada\/files\/2023\/06\/CC5D136A-52BE-4054-9F9B-1CCDE635363A-Mar\u00eda-Jes\u00fas-Bonilla-Guerrero-1152x1536.jpeg 1152w, https:\/\/blogsaverroes.juntadeandalucia.es\/alunada\/files\/2023\/06\/CC5D136A-52BE-4054-9F9B-1CCDE635363A-Mar\u00eda-Jes\u00fas-Bonilla-Guerrero-1536x2048.jpeg 1536w, https:\/\/blogsaverroes.juntadeandalucia.es\/alunada\/files\/2023\/06\/CC5D136A-52BE-4054-9F9B-1CCDE635363A-Mar\u00eda-Jes\u00fas-Bonilla-Guerrero-scaled.jpeg 1200w\" sizes=\"(max-width: 768px) 100vw, 768px\" \/><\/a> <a href=\"https:\/\/blogsaverroes.juntadeandalucia.es\/alunada\/files\/2023\/06\/E3F3C1C8-9D31-45FE-99E9-C9B17E6AC994-Mar\u00eda-Jes\u00fas-Bonilla-Guerrero-scaled.jpeg\"><img loading=\"lazy\" decoding=\"async\" class=\"size-large wp-image-4162 alignleft\" src=\"https:\/\/blogsaverroes.juntadeandalucia.es\/alunada\/files\/2023\/06\/E3F3C1C8-9D31-45FE-99E9-C9B17E6AC994-Mar\u00eda-Jes\u00fas-Bonilla-Guerrero-768x1024.jpeg\" alt=\"\" width=\"768\" height=\"1024\" srcset=\"https:\/\/blogsaverroes.juntadeandalucia.es\/alunada\/files\/2023\/06\/E3F3C1C8-9D31-45FE-99E9-C9B17E6AC994-Mar\u00eda-Jes\u00fas-Bonilla-Guerrero-768x1024.jpeg 768w, https:\/\/blogsaverroes.juntadeandalucia.es\/alunada\/files\/2023\/06\/E3F3C1C8-9D31-45FE-99E9-C9B17E6AC994-Mar\u00eda-Jes\u00fas-Bonilla-Guerrero-225x300.jpeg 225w, https:\/\/blogsaverroes.juntadeandalucia.es\/alunada\/files\/2023\/06\/E3F3C1C8-9D31-45FE-99E9-C9B17E6AC994-Mar\u00eda-Jes\u00fas-Bonilla-Guerrero-1152x1536.jpeg 1152w, https:\/\/blogsaverroes.juntadeandalucia.es\/alunada\/files\/2023\/06\/E3F3C1C8-9D31-45FE-99E9-C9B17E6AC994-Mar\u00eda-Jes\u00fas-Bonilla-Guerrero-1536x2048.jpeg 1536w, https:\/\/blogsaverroes.juntadeandalucia.es\/alunada\/files\/2023\/06\/E3F3C1C8-9D31-45FE-99E9-C9B17E6AC994-Mar\u00eda-Jes\u00fas-Bonilla-Guerrero-scaled.jpeg 1200w\" sizes=\"(max-width: 768px) 100vw, 768px\" \/><\/a> <a href=\"https:\/\/blogsaverroes.juntadeandalucia.es\/alunada\/files\/2023\/06\/EC5BF63F-0025-4527-A778-B8114628E971-Mar\u00eda-Jes\u00fas-Bonilla-Guerrero-scaled.jpeg\"><img loading=\"lazy\" decoding=\"async\" class=\"size-large wp-image-4163 alignright\" src=\"https:\/\/blogsaverroes.juntadeandalucia.es\/alunada\/files\/2023\/06\/EC5BF63F-0025-4527-A778-B8114628E971-Mar\u00eda-Jes\u00fas-Bonilla-Guerrero-768x1024.jpeg\" alt=\"\" width=\"768\" height=\"1024\" srcset=\"https:\/\/blogsaverroes.juntadeandalucia.es\/alunada\/files\/2023\/06\/EC5BF63F-0025-4527-A778-B8114628E971-Mar\u00eda-Jes\u00fas-Bonilla-Guerrero-768x1024.jpeg 768w, https:\/\/blogsaverroes.juntadeandalucia.es\/alunada\/files\/2023\/06\/EC5BF63F-0025-4527-A778-B8114628E971-Mar\u00eda-Jes\u00fas-Bonilla-Guerrero-225x300.jpeg 225w, https:\/\/blogsaverroes.juntadeandalucia.es\/alunada\/files\/2023\/06\/EC5BF63F-0025-4527-A778-B8114628E971-Mar\u00eda-Jes\u00fas-Bonilla-Guerrero-1152x1536.jpeg 1152w, https:\/\/blogsaverroes.juntadeandalucia.es\/alunada\/files\/2023\/06\/EC5BF63F-0025-4527-A778-B8114628E971-Mar\u00eda-Jes\u00fas-Bonilla-Guerrero-1536x2048.jpeg 1536w, https:\/\/blogsaverroes.juntadeandalucia.es\/alunada\/files\/2023\/06\/EC5BF63F-0025-4527-A778-B8114628E971-Mar\u00eda-Jes\u00fas-Bonilla-Guerrero-scaled.jpeg 1200w\" sizes=\"(max-width: 768px) 100vw, 768px\" \/><\/a><\/p>\n","protected":false},"excerpt":{"rendered":"<p>Hace varias semanas se llev\u00f3 a cabo en nuestro centro la actividad \u201cAtaread@s\u201d enmarcada dentro del Plan de Igualdad. Esta actividad ha sido de nuevo retomada ya que en los \u00faltimos cursos no se ha podido organizar de acuerdo a&#46;&#46;&#46;<\/p>\n","protected":false},"author":1514,"featured_media":4160,"comment_status":"open","ping_status":"open","sticky":false,"template":"","format":"standard","meta":{"ngg_post_thumbnail":0,"footnotes":""},"categories":[1043458,1043459,47907,129,708],"tags":[],"aioseo_notices":[],"_links":{"self":[{"href":"https:\/\/blogsaverroes.juntadeandalucia.es\/alunada\/wp-json\/wp\/v2\/posts\/4159"}],"collection":[{"href":"https:\/\/blogsaverroes.juntadeandalucia.es\/alunada\/wp-json\/wp\/v2\/posts"}],"about":[{"href":"https:\/\/blogsaverroes.juntadeandalucia.es\/alunada\/wp-json\/wp\/v2\/types\/post"}],"author":[{"embeddable":true,"href":"https:\/\/blogsaverroes.juntadeandalucia.es\/alunada\/wp-json\/wp\/v2\/users\/1514"}],"replies":[{"embeddable":true,"href":"https:\/\/blogsaverroes.juntadeandalucia.es\/alunada\/wp-json\/wp\/v2\/comments?post=4159"}],"version-history":[{"count":1,"href":"https:\/\/blogsaverroes.juntadeandalucia.es\/alunada\/wp-json\/wp\/v2\/posts\/4159\/revisions"}],"predecessor-version":[{"id":4164,"href":"https:\/\/blogsaverroes.juntadeandalucia.es\/alunada\/wp-json\/wp\/v2\/posts\/4159\/revisions\/4164"}],"wp:featuredmedia":[{"embeddable":true,"href":"https:\/\/blogsaverroes.juntadeandalucia.es\/alunada\/wp-json\/wp\/v2\/media\/4160"}],"wp:attachment":[{"href":"https:\/\/blogsaverroes.juntadeandalucia.es\/alunada\/wp-json\/wp\/v2\/media?parent=4159"}],"wp:term":[{"taxonomy":"category","embeddable":true,"href":"https:\/\/blogsaverroes.juntadeandalucia.es\/alunada\/wp-json\/wp\/v2\/categories?post=4159"},{"taxonomy":"post_tag","embeddable":true,"href":"https:\/\/blogsaverroes.juntadeandalucia.es\/alunada\/wp-json\/wp\/v2\/tags?post=4159"}],"curies":[{"name":"wp","href":"https:\/\/api.w.org\/{rel}","templated":true}]}}