{"id":4165,"date":"2023-06-22T09:37:14","date_gmt":"2023-06-22T09:37:14","guid":{"rendered":"https:\/\/blogsaverroes.juntadeandalucia.es\/alunada\/?p=4165"},"modified":"2023-06-22T09:40:11","modified_gmt":"2023-06-22T09:40:11","slug":"unite-les-vetements","status":"publish","type":"post","link":"https:\/\/blogsaverroes.juntadeandalucia.es\/alunada\/unite-les-vetements\/","title":{"rendered":"Unit\u00e9 les v\u00eatements"},"content":{"rendered":"<p>Una vez que hemos aprendido todo el vocabulario encuadrado en la unidad \u201cles v\u00eatements\u201d, es decir, las prendas o ropa. El alumnado de Quinto de primaria ten\u00eda como tarea final y evaluadora de dicha unidad, la creaci\u00f3n con inventiva propia por parejas o individual de un armoire: armario. La actividad persigue que el alumno realice una exposici\u00f3n en franc\u00e9s acerca de las prendas de ropa aprendidas, realizando preguntas simult\u00e1neamente a los dem\u00e1s compa\u00f1eros acerca de la ropa que llevan puesta.<\/p>\n<p>&nbsp;<\/p>\n<p>V\u00eddeos:<\/p>\n<p><a href=\"https:\/\/drive.google.com\/open?id=1NhE5aa0Bs7Wrsq9OdSqmR7Wiu4WbmDIN\">https:\/\/drive.google.com\/open?id=1NhE5aa0Bs7Wrsq9OdSqmR7Wiu4WbmDIN<\/a><\/p>\n<p>&nbsp;<\/p>\n<p><a href=\"https:\/\/drive.google.com\/open?id=1v6Ydh1qq6VMQSVG5rSt2QmXqsDsdFAti\">https:\/\/drive.google.com\/open?id=1v6Ydh1qq6VMQSVG5rSt2QmXqsDsdFAti<\/a><\/p>\n<p>&nbsp;<\/p>\n<p><a href=\"https:\/\/blogsaverroes.juntadeandalucia.es\/alunada\/files\/2023\/06\/84B4BE77-3459-49F2-B19E-CC743F365EF3-Cynthia-Alna-scaled.jpeg\"><img loading=\"lazy\" decoding=\"async\" class=\"size-large wp-image-4166 alignleft\" src=\"https:\/\/blogsaverroes.juntadeandalucia.es\/alunada\/files\/2023\/06\/84B4BE77-3459-49F2-B19E-CC743F365EF3-Cynthia-Alna-768x1024.jpeg\" alt=\"\" width=\"768\" height=\"1024\" srcset=\"https:\/\/blogsaverroes.juntadeandalucia.es\/alunada\/files\/2023\/06\/84B4BE77-3459-49F2-B19E-CC743F365EF3-Cynthia-Alna-768x1024.jpeg 768w, https:\/\/blogsaverroes.juntadeandalucia.es\/alunada\/files\/2023\/06\/84B4BE77-3459-49F2-B19E-CC743F365EF3-Cynthia-Alna-225x300.jpeg 225w, https:\/\/blogsaverroes.juntadeandalucia.es\/alunada\/files\/2023\/06\/84B4BE77-3459-49F2-B19E-CC743F365EF3-Cynthia-Alna-1152x1536.jpeg 1152w, https:\/\/blogsaverroes.juntadeandalucia.es\/alunada\/files\/2023\/06\/84B4BE77-3459-49F2-B19E-CC743F365EF3-Cynthia-Alna-1536x2048.jpeg 1536w, https:\/\/blogsaverroes.juntadeandalucia.es\/alunada\/files\/2023\/06\/84B4BE77-3459-49F2-B19E-CC743F365EF3-Cynthia-Alna-scaled.jpeg 1200w\" sizes=\"(max-width: 768px) 100vw, 768px\" \/><\/a> <a href=\"https:\/\/blogsaverroes.juntadeandalucia.es\/alunada\/files\/2023\/06\/AFC76E9F-7F6F-4674-B187-C9E93C87C080-Cynthia-Alna-scaled.jpeg\"><img loading=\"lazy\" decoding=\"async\" class=\"size-large wp-image-4167 alignright\" src=\"https:\/\/blogsaverroes.juntadeandalucia.es\/alunada\/files\/2023\/06\/AFC76E9F-7F6F-4674-B187-C9E93C87C080-Cynthia-Alna-1024x768.jpeg\" alt=\"\" width=\"1024\" height=\"768\" srcset=\"https:\/\/blogsaverroes.juntadeandalucia.es\/alunada\/files\/2023\/06\/AFC76E9F-7F6F-4674-B187-C9E93C87C080-Cynthia-Alna-1024x768.jpeg 1024w, https:\/\/blogsaverroes.juntadeandalucia.es\/alunada\/files\/2023\/06\/AFC76E9F-7F6F-4674-B187-C9E93C87C080-Cynthia-Alna-300x225.jpeg 300w, https:\/\/blogsaverroes.juntadeandalucia.es\/alunada\/files\/2023\/06\/AFC76E9F-7F6F-4674-B187-C9E93C87C080-Cynthia-Alna-768x576.jpeg 768w, https:\/\/blogsaverroes.juntadeandalucia.es\/alunada\/files\/2023\/06\/AFC76E9F-7F6F-4674-B187-C9E93C87C080-Cynthia-Alna-1536x1152.jpeg 1536w, https:\/\/blogsaverroes.juntadeandalucia.es\/alunada\/files\/2023\/06\/AFC76E9F-7F6F-4674-B187-C9E93C87C080-Cynthia-Alna-2048x1536.jpeg 2048w, https:\/\/blogsaverroes.juntadeandalucia.es\/alunada\/files\/2023\/06\/AFC76E9F-7F6F-4674-B187-C9E93C87C080-Cynthia-Alna-scaled.jpeg 1600w\" sizes=\"(max-width: 1024px) 100vw, 1024px\" \/><\/a><\/p>\n<p>&nbsp;<\/p>\n<p>&nbsp;<\/p>\n<p>&nbsp;<\/p>\n<p>&nbsp;<\/p>\n<p>&nbsp;<\/p>\n<p>&nbsp;<\/p>\n<p>&nbsp;<\/p>\n<p>&nbsp;<\/p>\n<p>&nbsp;<\/p>\n<p>&nbsp;<\/p>\n<p>&nbsp;<\/p>\n<p>&nbsp;<\/p>\n<p>&nbsp;<\/p>\n<p>&nbsp;<\/p>\n<p>&nbsp;<\/p>\n<p>&nbsp;<\/p>\n<p>&nbsp;<\/p>\n<p>&nbsp;<\/p>\n<p>&nbsp;<\/p>\n<p>&nbsp;<\/p>\n<p>&nbsp;<\/p>\n<p>&nbsp;<\/p>\n<p>&nbsp;<\/p>\n<p>&nbsp;<\/p>\n<p>&nbsp;<\/p>\n<p>&nbsp;<\/p>\n<p>&nbsp;<\/p>\n<p>&nbsp;<\/p>\n","protected":false},"excerpt":{"rendered":"<p>Una vez que hemos aprendido todo el vocabulario encuadrado en la unidad \u201cles v\u00eatements\u201d, es decir, las prendas o ropa. El alumnado de Quinto de primaria ten\u00eda como tarea final y evaluadora de dicha unidad, la creaci\u00f3n con inventiva propia&#46;&#46;&#46;<\/p>\n","protected":false},"author":1514,"featured_media":0,"comment_status":"open","ping_status":"open","sticky":false,"template":"","format":"standard","meta":{"ngg_post_thumbnail":0,"footnotes":""},"categories":[1043458,1043459,1043469,48458],"tags":[],"aioseo_notices":[],"_links":{"self":[{"href":"https:\/\/blogsaverroes.juntadeandalucia.es\/alunada\/wp-json\/wp\/v2\/posts\/4165"}],"collection":[{"href":"https:\/\/blogsaverroes.juntadeandalucia.es\/alunada\/wp-json\/wp\/v2\/posts"}],"about":[{"href":"https:\/\/blogsaverroes.juntadeandalucia.es\/alunada\/wp-json\/wp\/v2\/types\/post"}],"author":[{"embeddable":true,"href":"https:\/\/blogsaverroes.juntadeandalucia.es\/alunada\/wp-json\/wp\/v2\/users\/1514"}],"replies":[{"embeddable":true,"href":"https:\/\/blogsaverroes.juntadeandalucia.es\/alunada\/wp-json\/wp\/v2\/comments?post=4165"}],"version-history":[{"count":3,"href":"https:\/\/blogsaverroes.juntadeandalucia.es\/alunada\/wp-json\/wp\/v2\/posts\/4165\/revisions"}],"predecessor-version":[{"id":4172,"href":"https:\/\/blogsaverroes.juntadeandalucia.es\/alunada\/wp-json\/wp\/v2\/posts\/4165\/revisions\/4172"}],"wp:attachment":[{"href":"https:\/\/blogsaverroes.juntadeandalucia.es\/alunada\/wp-json\/wp\/v2\/media?parent=4165"}],"wp:term":[{"taxonomy":"category","embeddable":true,"href":"https:\/\/blogsaverroes.juntadeandalucia.es\/alunada\/wp-json\/wp\/v2\/categories?post=4165"},{"taxonomy":"post_tag","embeddable":true,"href":"https:\/\/blogsaverroes.juntadeandalucia.es\/alunada\/wp-json\/wp\/v2\/tags?post=4165"}],"curies":[{"name":"wp","href":"https:\/\/api.w.org\/{rel}","templated":true}]}}