{"id":4273,"date":"2023-12-24T12:17:11","date_gmt":"2023-12-24T12:17:11","guid":{"rendered":"https:\/\/blogsaverroes.juntadeandalucia.es\/alunada\/?p=4273"},"modified":"2023-12-24T12:17:11","modified_gmt":"2023-12-24T12:17:11","slug":"felices-fiestas","status":"publish","type":"post","link":"https:\/\/blogsaverroes.juntadeandalucia.es\/alunada\/felices-fiestas\/","title":{"rendered":"\u00a1Felices fiestas!"},"content":{"rendered":"<p>Desde el CEIP La Alunada, os dejamos este video de los momentos vividos el \u00faltimo d\u00eda de cole y aprovechamos para desearos unas muy felices fiestas!<\/p>\n<p>Volvemos en enero con m\u00e1s fuerzas!<\/p>\n<p>\u00a1Feliz Navidad!<\/p>\n<div style=\"width: 848px;\" class=\"wp-video\"><!--[if lt IE 9]><script>document.createElement('video');<\/script><![endif]-->\n<video class=\"wp-video-shortcode\" id=\"video-4273-1\" width=\"848\" height=\"848\" preload=\"metadata\" controls=\"controls\"><source type=\"video\/mp4\" src=\"https:\/\/blogsaverroes.juntadeandalucia.es\/alunada\/files\/2023\/12\/VIDEO-2023-12-24-12-45-23.mp4?_=1\" \/><a href=\"https:\/\/blogsaverroes.juntadeandalucia.es\/alunada\/files\/2023\/12\/VIDEO-2023-12-24-12-45-23.mp4\">https:\/\/blogsaverroes.juntadeandalucia.es\/alunada\/files\/2023\/12\/VIDEO-2023-12-24-12-45-23.mp4<\/a><\/video><\/div>\n","protected":false},"excerpt":{"rendered":"<p>Desde el CEIP La Alunada, os dejamos este video de los momentos vividos el \u00faltimo d\u00eda de cole y aprovechamos para desearos unas muy felices fiestas! Volvemos en enero con m\u00e1s fuerzas! \u00a1Feliz Navidad!<\/p>\n","protected":false},"author":1514,"featured_media":4275,"comment_status":"open","ping_status":"open","sticky":false,"template":"","format":"standard","meta":{"ngg_post_thumbnail":0,"footnotes":""},"categories":[1043470],"tags":[],"aioseo_notices":[],"_links":{"self":[{"href":"https:\/\/blogsaverroes.juntadeandalucia.es\/alunada\/wp-json\/wp\/v2\/posts\/4273"}],"collection":[{"href":"https:\/\/blogsaverroes.juntadeandalucia.es\/alunada\/wp-json\/wp\/v2\/posts"}],"about":[{"href":"https:\/\/blogsaverroes.juntadeandalucia.es\/alunada\/wp-json\/wp\/v2\/types\/post"}],"author":[{"embeddable":true,"href":"https:\/\/blogsaverroes.juntadeandalucia.es\/alunada\/wp-json\/wp\/v2\/users\/1514"}],"replies":[{"embeddable":true,"href":"https:\/\/blogsaverroes.juntadeandalucia.es\/alunada\/wp-json\/wp\/v2\/comments?post=4273"}],"version-history":[{"count":1,"href":"https:\/\/blogsaverroes.juntadeandalucia.es\/alunada\/wp-json\/wp\/v2\/posts\/4273\/revisions"}],"predecessor-version":[{"id":4276,"href":"https:\/\/blogsaverroes.juntadeandalucia.es\/alunada\/wp-json\/wp\/v2\/posts\/4273\/revisions\/4276"}],"wp:featuredmedia":[{"embeddable":true,"href":"https:\/\/blogsaverroes.juntadeandalucia.es\/alunada\/wp-json\/wp\/v2\/media\/4275"}],"wp:attachment":[{"href":"https:\/\/blogsaverroes.juntadeandalucia.es\/alunada\/wp-json\/wp\/v2\/media?parent=4273"}],"wp:term":[{"taxonomy":"category","embeddable":true,"href":"https:\/\/blogsaverroes.juntadeandalucia.es\/alunada\/wp-json\/wp\/v2\/categories?post=4273"},{"taxonomy":"post_tag","embeddable":true,"href":"https:\/\/blogsaverroes.juntadeandalucia.es\/alunada\/wp-json\/wp\/v2\/tags?post=4273"}],"curies":[{"name":"wp","href":"https:\/\/api.w.org\/{rel}","templated":true}]}}