{"id":4666,"date":"2026-02-01T11:32:50","date_gmt":"2026-02-01T11:32:50","guid":{"rendered":"https:\/\/blogsaverroes.juntadeandalucia.es\/alunada\/?p=4666"},"modified":"2026-02-01T11:32:50","modified_gmt":"2026-02-01T11:32:50","slug":"dia-de-la-paz-2026","status":"publish","type":"post","link":"https:\/\/blogsaverroes.juntadeandalucia.es\/alunada\/dia-de-la-paz-2026\/","title":{"rendered":"D\u00cdA DE LA PAZ\/2026"},"content":{"rendered":"<p><em>El viernes, 30 de enero, en nuestro centro, nos unimos para celebrar el <strong>D\u00eda Escolar de la No Violencia y la Paz.<\/strong><\/em><\/p>\n<p><em>Esta fecha no es aleatoria; se eligi\u00f3 para conmemorar el aniversario del fallecimiento de Mahatma Gandhi, uno de los mayores referentes de la resistencia pac\u00edfica en el mundo.<\/em><\/p>\n<p><em>\u00bfPor qu\u00e9 lo celebramos con los ni\u00f1os?<\/em><br \/>\n<em>M\u00e1s all\u00e1 de ser una efem\u00e9ride, para nosotros es una oportunidad clave para:<\/em><\/p>\n<p><em>Fomentar la empat\u00eda: Ayudarles a entender que la paz empieza en el respeto mutuo dentro del aula.<\/em><\/p>\n<p><em>Resoluci\u00f3n de conflictos: Ense\u00f1arles que el di\u00e1logo es siempre nuestra herramienta m\u00e1s poderosa, no la fuerza.<\/em><\/p>\n<p><em>Construir valores: Sembrar hoy actitudes de tolerancia y solidaridad para que crezcan como ciudadanos comprometidos con un mundo mejor.<\/em><\/p>\n<p><em>Durante el d\u00eda de hoy, realizaremos diversas actividades por clase, y como colof\u00f3n, en el patio, desde el \u00e1rea de M\u00fasica y Religi\u00f3n, hemos realizado una actividad conjunta, para que los peque\u00f1os vivan la paz no como un concepto lejano, sino como un h\u00e1bito diario.<\/em><br \/>\n<em>Os dejamos un enlace donde podr\u00e9is ver peque\u00f1o v\u00eddeo como muestra de lo realizado.<\/em><\/p>\n<p>&nbsp;<\/p>\n<p><a title=\"D\u00cdA DE LA PAZ 2026\" href=\"https:\/\/drive.google.com\/file\/d\/1-b0aNef8IgYGa7-0A7Z3arVNEoiIZr8K\/view?usp=sharing\">D\u00cdA DE LA PAZ 2026<\/a><\/p>\n<p>&nbsp;<\/p>\n<p><a href=\"https:\/\/blogsaverroes.juntadeandalucia.es\/alunada\/files\/2026\/02\/Captura-de-pantalla-2026-02-01-a-las-12.31.36.png\"><img loading=\"lazy\" decoding=\"async\" class=\"aligncenter size-large wp-image-4669\" src=\"https:\/\/blogsaverroes.juntadeandalucia.es\/alunada\/files\/2026\/02\/Captura-de-pantalla-2026-02-01-a-las-12.31.36-1013x1024.png\" alt=\"\" width=\"1013\" height=\"1024\" srcset=\"https:\/\/blogsaverroes.juntadeandalucia.es\/alunada\/files\/2026\/02\/Captura-de-pantalla-2026-02-01-a-las-12.31.36-1013x1024.png 1013w, https:\/\/blogsaverroes.juntadeandalucia.es\/alunada\/files\/2026\/02\/Captura-de-pantalla-2026-02-01-a-las-12.31.36-297x300.png 297w, https:\/\/blogsaverroes.juntadeandalucia.es\/alunada\/files\/2026\/02\/Captura-de-pantalla-2026-02-01-a-las-12.31.36-768x776.png 768w, https:\/\/blogsaverroes.juntadeandalucia.es\/alunada\/files\/2026\/02\/Captura-de-pantalla-2026-02-01-a-las-12.31.36-80x80.png 80w, https:\/\/blogsaverroes.juntadeandalucia.es\/alunada\/files\/2026\/02\/Captura-de-pantalla-2026-02-01-a-las-12.31.36.png 1272w\" sizes=\"(max-width: 1013px) 100vw, 1013px\" \/><\/a><\/p>\n","protected":false},"excerpt":{"rendered":"<p>El viernes, 30 de enero, en nuestro centro, nos unimos para celebrar el D\u00eda Escolar de la No Violencia y la Paz. Esta fecha no es aleatoria; se eligi\u00f3 para conmemorar el aniversario del fallecimiento de Mahatma Gandhi, uno de&#46;&#46;&#46;<\/p>\n","protected":false},"author":1514,"featured_media":4668,"comment_status":"closed","ping_status":"open","sticky":false,"template":"","format":"standard","meta":{"ngg_post_thumbnail":0,"footnotes":""},"categories":[48458],"tags":[],"aioseo_notices":[],"_links":{"self":[{"href":"https:\/\/blogsaverroes.juntadeandalucia.es\/alunada\/wp-json\/wp\/v2\/posts\/4666"}],"collection":[{"href":"https:\/\/blogsaverroes.juntadeandalucia.es\/alunada\/wp-json\/wp\/v2\/posts"}],"about":[{"href":"https:\/\/blogsaverroes.juntadeandalucia.es\/alunada\/wp-json\/wp\/v2\/types\/post"}],"author":[{"embeddable":true,"href":"https:\/\/blogsaverroes.juntadeandalucia.es\/alunada\/wp-json\/wp\/v2\/users\/1514"}],"replies":[{"embeddable":true,"href":"https:\/\/blogsaverroes.juntadeandalucia.es\/alunada\/wp-json\/wp\/v2\/comments?post=4666"}],"version-history":[{"count":1,"href":"https:\/\/blogsaverroes.juntadeandalucia.es\/alunada\/wp-json\/wp\/v2\/posts\/4666\/revisions"}],"predecessor-version":[{"id":4670,"href":"https:\/\/blogsaverroes.juntadeandalucia.es\/alunada\/wp-json\/wp\/v2\/posts\/4666\/revisions\/4670"}],"wp:featuredmedia":[{"embeddable":true,"href":"https:\/\/blogsaverroes.juntadeandalucia.es\/alunada\/wp-json\/wp\/v2\/media\/4668"}],"wp:attachment":[{"href":"https:\/\/blogsaverroes.juntadeandalucia.es\/alunada\/wp-json\/wp\/v2\/media?parent=4666"}],"wp:term":[{"taxonomy":"category","embeddable":true,"href":"https:\/\/blogsaverroes.juntadeandalucia.es\/alunada\/wp-json\/wp\/v2\/categories?post=4666"},{"taxonomy":"post_tag","embeddable":true,"href":"https:\/\/blogsaverroes.juntadeandalucia.es\/alunada\/wp-json\/wp\/v2\/tags?post=4666"}],"curies":[{"name":"wp","href":"https:\/\/api.w.org\/{rel}","templated":true}]}}