{"id":4727,"date":"2026-03-10T16:55:18","date_gmt":"2026-03-10T16:55:18","guid":{"rendered":"https:\/\/blogsaverroes.juntadeandalucia.es\/alunada\/?p=4727"},"modified":"2026-03-10T16:55:18","modified_gmt":"2026-03-10T16:55:18","slug":"dia-de-la-mujer-2026","status":"publish","type":"post","link":"https:\/\/blogsaverroes.juntadeandalucia.es\/alunada\/dia-de-la-mujer-2026\/","title":{"rendered":"D\u00cdA DE LA MUJER 2026"},"content":{"rendered":"<p>\u00bfQu\u00e9 tienen en com\u00fan una cient\u00edfica del siglo XIX, una deportista actual y un artista revolucionaria? \u00a1Qu\u00e9 todas han transformado nuestro mundo! \ud83c\udf0f\u2728<br \/>\nCon motivo del D\u00eda Internacional de la Mujer, nuestras aulas se han convertido en centro de investigaci\u00f3n\ud83d\udd0e. El alumnado se ha sumergido en la vida de las mujeres referentes que, con su trabajo y determinaci\u00f3n, rompieron moldes en la ciencia, el arte, la pol\u00edtica y el deporte.<\/p>\n<p>Juntos hemos creado una l\u00ednea del tiempo colaborativa con los logros y el porqu\u00e9 son fuente de inspiraci\u00f3n para nosotras y nosotros. Las trayectorias de estas mujeres se entrelazan para mostrarnos que el progreso no entiende de g\u00e9nero, permiti\u00e9ndonos as\u00ed conectar con el pasado y el presente.<br \/>\nHa sido una actividad emocionante porque hemos aprendido que la historia no est\u00e1 completa si no contamos todas sus voces. \ud83d\udc9c<br \/>\n\u201cPioneras ayer, referentes hoy e inspiraci\u00f3n siempre\u201d<\/p>\n<p>\u00bfY t\u00fa?\u00bfCu\u00e1l es tu sue\u00f1o? \u00a1Sigamos haciendo historia! \ud83d\ude80<\/p>\n<p>&nbsp;<\/p>\n<div style=\"width: 480px;\" class=\"wp-video\"><!--[if lt IE 9]><script>document.createElement('video');<\/script><![endif]-->\n<video class=\"wp-video-shortcode\" id=\"video-4727-1\" width=\"480\" height=\"848\" preload=\"metadata\" controls=\"controls\"><source type=\"video\/mp4\" src=\"https:\/\/blogsaverroes.juntadeandalucia.es\/alunada\/files\/2026\/03\/WhatsApp-Video-2026-03-10-at-17.01.43.mp4?_=1\" \/><a href=\"https:\/\/blogsaverroes.juntadeandalucia.es\/alunada\/files\/2026\/03\/WhatsApp-Video-2026-03-10-at-17.01.43.mp4\">https:\/\/blogsaverroes.juntadeandalucia.es\/alunada\/files\/2026\/03\/WhatsApp-Video-2026-03-10-at-17.01.43.mp4<\/a><\/video><\/div>\n","protected":false},"excerpt":{"rendered":"<p>\u00bfQu\u00e9 tienen en com\u00fan una cient\u00edfica del siglo XIX, una deportista actual y un artista revolucionaria? \u00a1Qu\u00e9 todas han transformado nuestro mundo! \ud83c\udf0f\u2728 Con motivo del D\u00eda Internacional de la Mujer, nuestras aulas se han convertido en centro de investigaci\u00f3n\ud83d\udd0e.&#46;&#46;&#46;<\/p>\n","protected":false},"author":1514,"featured_media":4729,"comment_status":"closed","ping_status":"open","sticky":false,"template":"","format":"standard","meta":{"ngg_post_thumbnail":0,"footnotes":""},"categories":[1043476,1043438],"tags":[],"aioseo_notices":[],"_links":{"self":[{"href":"https:\/\/blogsaverroes.juntadeandalucia.es\/alunada\/wp-json\/wp\/v2\/posts\/4727"}],"collection":[{"href":"https:\/\/blogsaverroes.juntadeandalucia.es\/alunada\/wp-json\/wp\/v2\/posts"}],"about":[{"href":"https:\/\/blogsaverroes.juntadeandalucia.es\/alunada\/wp-json\/wp\/v2\/types\/post"}],"author":[{"embeddable":true,"href":"https:\/\/blogsaverroes.juntadeandalucia.es\/alunada\/wp-json\/wp\/v2\/users\/1514"}],"replies":[{"embeddable":true,"href":"https:\/\/blogsaverroes.juntadeandalucia.es\/alunada\/wp-json\/wp\/v2\/comments?post=4727"}],"version-history":[{"count":1,"href":"https:\/\/blogsaverroes.juntadeandalucia.es\/alunada\/wp-json\/wp\/v2\/posts\/4727\/revisions"}],"predecessor-version":[{"id":4730,"href":"https:\/\/blogsaverroes.juntadeandalucia.es\/alunada\/wp-json\/wp\/v2\/posts\/4727\/revisions\/4730"}],"wp:featuredmedia":[{"embeddable":true,"href":"https:\/\/blogsaverroes.juntadeandalucia.es\/alunada\/wp-json\/wp\/v2\/media\/4729"}],"wp:attachment":[{"href":"https:\/\/blogsaverroes.juntadeandalucia.es\/alunada\/wp-json\/wp\/v2\/media?parent=4727"}],"wp:term":[{"taxonomy":"category","embeddable":true,"href":"https:\/\/blogsaverroes.juntadeandalucia.es\/alunada\/wp-json\/wp\/v2\/categories?post=4727"},{"taxonomy":"post_tag","embeddable":true,"href":"https:\/\/blogsaverroes.juntadeandalucia.es\/alunada\/wp-json\/wp\/v2\/tags?post=4727"}],"curies":[{"name":"wp","href":"https:\/\/api.w.org\/{rel}","templated":true}]}}