{"id":530,"date":"2015-02-22T15:28:14","date_gmt":"2015-02-22T15:28:14","guid":{"rendered":"http:\/\/blogsaverroes.juntadeandalucia.es\/alunada\/?p=530"},"modified":"2015-02-23T22:01:41","modified_gmt":"2015-02-23T22:01:41","slug":"premio-huerto-escolar-2015","status":"publish","type":"post","link":"https:\/\/blogsaverroes.juntadeandalucia.es\/alunada\/premio-huerto-escolar-2015\/","title":{"rendered":"Premio Huerto Escolar 2015"},"content":{"rendered":"<p style=\"text-align: justify;\">El pasado 17 de febrero se present\u00f3 en \u00c9cija el libro \u201cDescubre nuestro Tesoro Azul\u201d, junto con otros proyectos dirigidos a la comunidad educativa, dentro de las acciones de Educaci\u00f3n y sensibilizaci\u00f3n desarrolladas en la comarca por el Grupo de Desarrollo Rural, destacando especialmente el premio recibido por el CEIP La Alunada en el concurso organizado por este grupo en huertos escolares en la modalidad de atenci\u00f3n a la diversidad; recogido por el coordinador del mimo, el maestro Ram\u00f3n Rold\u00e1n Pineda.<\/p>\n<p style=\"text-align: justify;\">El acto que estuvo presidido por Ricardo Gil-Toresano Riego Presidente del GDR, comenz\u00f3 con la presentaci\u00f3n del libro \u201cDescubre nuestro Tesoro Azul\u201d, a cargo de Ram\u00f3n Rodr\u00edguez, de la empresa Cactus, empresa responsable de la maquetaci\u00f3n y dise\u00f1o del mismo. Con dicho material, se pretende sensibilizar a la poblaci\u00f3n m\u00e1s joven de la importancia de cuidar un recurso tan escaso y necesario como es el agua. As\u00ed mismo, se muestran diferentes elementos relacionados con el agua, que se encuentran a lo largo de toda la comarca y que forman parte de nuestro patrimonio y como tal es preciso conocerlo, valorarlo y cuidarlo.<\/p>\n<p style=\"text-align: justify;\">Posteriormente, se present\u00f3 \u201cLa maleta viajera\u201d, otro proyecto puesto en marcha durante este curso, con el que se pretende dotar a los centros educativos participantes de material para trabajar con el alumnado la educaci\u00f3n ambiental. La maleta se entregar\u00e1 a todos los centros de la comarca que la soliciten, siendo el p\u00fablico objetivo el alumnado de 3\u00ba y 4\u00ba de primaria y sus familias. Al final del acto se hizo entrega del material a los centros asistentes.<\/p>\n<p style=\"text-align: justify;\">As\u00ed mismo, se present\u00f3 la campa\u00f1a \u201cEstr\u00e9nate con la biodiversidad\u201d, puesta en marcha por la Red Andaluza de Semillas, y se hizo entrega de las semillas de variedades locales a los centros educativos participantes en la misma, como el IES Profesor Juan Bautista de El Viso del Alcor, Los Ceips San Blas y Beato Juan Grande de Carmona, El CEIP Antonio Machado de La Luisiana, los CEIPs La Milagrosa, El Valle, San Agust\u00edn y el IES San Fulgencio, estos \u00faltimos de \u00c9cija.<\/p>\n<p style=\"text-align: justify;\">Finalmente, se hizo entrega de los premios del concurso \u201cExperiencias en torno al huerto escolar ecol\u00f3gico\u201d, con el que el GDR reconoce la labor de los centros educativos de la comarca en el Huerto Escolar como recurso con infinidad de posibilidades educativas. En este caso, los centros premiados han sido el <strong>CEIP La Alunada, de El Viso del Alcor en la modalidad de Atenci\u00f3n a la diversidad<\/strong>, el CEIP Ntra Sra de Lourdes de Carmona, en la modalidad de elaboraci\u00f3n de material pedag\u00f3gico y el CEIP San Agust\u00edn de \u00c9cija, en la modalidad de participaci\u00f3n de la comunidad educativa.<\/p>\n<p style=\"text-align: justify;\">Con este tipo de iniciativas, el GDR sigue apostando por el desarrollo sostenible de sus municipios mediante la educaci\u00f3n ambiental y en valores de la poblaci\u00f3n infantil, incluida dentro de la programaci\u00f3n desarrollada por los centros educativos, con los cuales se trabaja de forma coordinada, creando de este forma, conciencia de la importancia de cuidar los recursos naturales y el patrimonio rural del territorio.<\/p>\n<p>\n<div class=\"ngg-galleryoverview ngg-slideshow\"\n\tid=\"ngg-slideshow-1bbfee568d70297d4cea63526f6ada58-6251731370\"\n\tdata-gallery-id=\"1bbfee568d70297d4cea63526f6ada58\"\n\tstyle=\"max-width: 960px;\n\t\t\tmax-height: 720px;\n\t\t\tdisplay: none;\">\n\n\t\n\t\t<a href=\"https:\/\/blogsaverroes.juntadeandalucia.es\/alunada\/wp-content\/uploads\/sites\/629\/nggallery\/premio-huerto-escolar-2015\/DSCF5804.JPG\"\n\t\t\ttitle=\"\"\n\t\t\tdata-src=\"https:\/\/blogsaverroes.juntadeandalucia.es\/alunada\/wp-content\/uploads\/sites\/629\/nggallery\/premio-huerto-escolar-2015\/DSCF5804.JPG\"\n\t\t\tdata-thumbnail=\"https:\/\/blogsaverroes.juntadeandalucia.es\/alunada\/wp-content\/uploads\/sites\/629\/nggallery\/premio-huerto-escolar-2015\/thumbs\/thumbs_DSCF5804.JPG\"\n\t\t\tdata-image-id=\"63\"\n\t\t\tdata-title=\"DSCF5804\"\n\t\t\tdata-description=\"\"\n\t\t\tclass=\"ngg-fancybox\" rel=\"1bbfee568d70297d4cea63526f6ada58\">\n\n\t\t\t<img data-image-id='63'\n\t\t\t\ttitle=\"\"\n\t\t\t\talt=\"DSCF5804\"\n\t\t\t\tsrc=\"https:\/\/blogsaverroes.juntadeandalucia.es\/alunada\/wp-content\/uploads\/sites\/629\/nggallery\/premio-huerto-escolar-2015\/DSCF5804.JPG\"\n\t\t\t\tstyle=\"max-height: 700px;\"\/>\n\t\t<\/a>\n\n\t\t\n\t\t<a href=\"https:\/\/blogsaverroes.juntadeandalucia.es\/alunada\/wp-content\/uploads\/sites\/629\/nggallery\/premio-huerto-escolar-2015\/DSCF5808.JPG\"\n\t\t\ttitle=\" \"\n\t\t\tdata-src=\"https:\/\/blogsaverroes.juntadeandalucia.es\/alunada\/wp-content\/uploads\/sites\/629\/nggallery\/premio-huerto-escolar-2015\/DSCF5808.JPG\"\n\t\t\tdata-thumbnail=\"https:\/\/blogsaverroes.juntadeandalucia.es\/alunada\/wp-content\/uploads\/sites\/629\/nggallery\/premio-huerto-escolar-2015\/thumbs\/thumbs_DSCF5808.JPG\"\n\t\t\tdata-image-id=\"64\"\n\t\t\tdata-title=\"DSCF5808\"\n\t\t\tdata-description=\" \"\n\t\t\tclass=\"ngg-fancybox\" rel=\"1bbfee568d70297d4cea63526f6ada58\">\n\n\t\t\t<img data-image-id='64'\n\t\t\t\ttitle=\" \"\n\t\t\t\talt=\"DSCF5808\"\n\t\t\t\tsrc=\"https:\/\/blogsaverroes.juntadeandalucia.es\/alunada\/wp-content\/uploads\/sites\/629\/nggallery\/premio-huerto-escolar-2015\/DSCF5808.JPG\"\n\t\t\t\tstyle=\"max-height: 700px;\"\/>\n\t\t<\/a>\n\n\t\t<\/div>\n\n\t\t<!-- Thumbnails Link -->\n\t<div class=\"slideshowlink\" style=\"max-width: 960px;\">\n\t\t<a href='https:\/\/blogsaverroes.juntadeandalucia.es\/alunada\/premio-huerto-escolar-2015\/nggallery\/thumbnails'>Ver todas<\/a>\n\t<\/div>\n\n<\/p>\n","protected":false},"excerpt":{"rendered":"<p>El pasado 17 de febrero se present\u00f3 en \u00c9cija el libro \u201cDescubre nuestro Tesoro Azul\u201d, junto con otros proyectos dirigidos a la comunidad educativa, dentro de las acciones de Educaci\u00f3n y sensibilizaci\u00f3n desarrolladas en la comarca por el Grupo de&#46;&#46;&#46;<\/p>\n","protected":false},"author":1514,"featured_media":544,"comment_status":"open","ping_status":"open","sticky":false,"template":"","format":"standard","meta":{"ngg_post_thumbnail":0,"footnotes":""},"categories":[5991,24706,20294,48458],"tags":[32458,3980,48826,48649,948],"aioseo_notices":[],"_links":{"self":[{"href":"https:\/\/blogsaverroes.juntadeandalucia.es\/alunada\/wp-json\/wp\/v2\/posts\/530"}],"collection":[{"href":"https:\/\/blogsaverroes.juntadeandalucia.es\/alunada\/wp-json\/wp\/v2\/posts"}],"about":[{"href":"https:\/\/blogsaverroes.juntadeandalucia.es\/alunada\/wp-json\/wp\/v2\/types\/post"}],"author":[{"embeddable":true,"href":"https:\/\/blogsaverroes.juntadeandalucia.es\/alunada\/wp-json\/wp\/v2\/users\/1514"}],"replies":[{"embeddable":true,"href":"https:\/\/blogsaverroes.juntadeandalucia.es\/alunada\/wp-json\/wp\/v2\/comments?post=530"}],"version-history":[{"count":4,"href":"https:\/\/blogsaverroes.juntadeandalucia.es\/alunada\/wp-json\/wp\/v2\/posts\/530\/revisions"}],"predecessor-version":[{"id":543,"href":"https:\/\/blogsaverroes.juntadeandalucia.es\/alunada\/wp-json\/wp\/v2\/posts\/530\/revisions\/543"}],"wp:featuredmedia":[{"embeddable":true,"href":"https:\/\/blogsaverroes.juntadeandalucia.es\/alunada\/wp-json\/wp\/v2\/media\/544"}],"wp:attachment":[{"href":"https:\/\/blogsaverroes.juntadeandalucia.es\/alunada\/wp-json\/wp\/v2\/media?parent=530"}],"wp:term":[{"taxonomy":"category","embeddable":true,"href":"https:\/\/blogsaverroes.juntadeandalucia.es\/alunada\/wp-json\/wp\/v2\/categories?post=530"},{"taxonomy":"post_tag","embeddable":true,"href":"https:\/\/blogsaverroes.juntadeandalucia.es\/alunada\/wp-json\/wp\/v2\/tags?post=530"}],"curies":[{"name":"wp","href":"https:\/\/api.w.org\/{rel}","templated":true}]}}