{"id":685,"date":"2015-02-26T17:48:23","date_gmt":"2015-02-26T17:48:23","guid":{"rendered":"http:\/\/blogsaverroes.juntadeandalucia.es\/alunada\/?p=685"},"modified":"2015-02-26T19:24:11","modified_gmt":"2015-02-26T19:24:11","slug":"dia-de-andalucia-2015","status":"publish","type":"post","link":"https:\/\/blogsaverroes.juntadeandalucia.es\/alunada\/dia-de-andalucia-2015\/","title":{"rendered":"D\u00eda de Andaluc\u00eda 2015"},"content":{"rendered":"<h1 style=\"text-align: justify;\">Celebraci\u00f3n del D\u00eda de Andaluc\u00eda<\/h1>\n<h2 style=\"text-align: justify;\">Actividades a nivel de centro<\/h2>\n<ul style=\"text-align: justify;\">\n<li>El jueves a primera hora, los alumnos\/as del centro entran, dejan las mochilas en clase y salen sobre las 9:20, a la fachada del colegio, para la izada de bandera.<\/li>\n<li>A continuaci\u00f3n, los alumnos\/as de 6\u00ba curso interpretar\u00e1n el Himno de Andaluc\u00eda con la flauta.<\/li>\n<li>El desayuno de repartir\u00e1 empezando por cuarto y quinto nivel, ya que se van muchos alumnos a la Casa Cultura con M\u00aa. Gracia Sollero.<\/li>\n<li>El AMPA comenzar\u00e1 a dejar los desayunos en las clases a primera hora, intentando que a las 10:00 todas las clases tengan los desayunos.<\/li>\n<li>A los grupos de Infantil y Primer Ciclo vendr\u00e1 un Cuentacuentos que tendr\u00e1 lugar en la biblioteca con el siguiente horario:\n<ul>\n<li>Infantil 3 y 4 A\u00f1os: 10:00 de la ma\u00f1ana.<\/li>\n<li>Infantil 5 A\u00f1os: 10:30 de la ma\u00f1ana.<\/li>\n<li>Primero de Primaria 11:00 de la ma\u00f1ana.<\/li>\n<li>Segundo de primaria: 11:30 de la ma\u00f1ana.<br \/>\nPara la actividad de Flamenco, de segundo y tercer ciclo, en la Casa de la Cultura, nos iremos a las 11:00 horas y volveremos sobre las 14:00 horas.<\/li>\n<\/ul>\n<\/li>\n<li>En el colegio, el alumnado de primer ciclo, realizar\u00e1 juegos populares a partir de las 12:30 horas, es decir, despu\u00e9s del recreo.<\/li>\n<\/ul>\n<h4 style=\"text-align: justify;\">Observaciones:<\/h4>\n<ul style=\"text-align: justify;\">\n<li>En los d\u00edas previos se remitir\u00e1n tanto cuadernillos de trabajo como enlaces interesantes para trabajar la efem\u00e9rides<\/li>\n<li>El jueves se entregar\u00e1 una pegatina a cada profesor y alumnado del Centro, donde est\u00e1n recogido la bandera, el escudo y la letra del himno de Andaluc\u00eda (sufragada por AMPA).<\/li>\n<li>Se recomienda estudien por nivel o ciclo la conveniencia o no de traer los libros.<\/li>\n<\/ul>\n<h3 style=\"text-align: justify;\">Ciclo de infantil<\/h3>\n<ul style=\"text-align: justify;\">\n<li>Izada de bandera.<\/li>\n<li>Cuenta cuento con tem\u00e1tica de Andaluc\u00eda: sesiones de 30&#8242; en la biblioteca del colegio para el ciclo de infantil y 1\u00ba ciclo de primaria.<\/li>\n<li>Explicaci\u00f3n de la leyenda del escudo de la bandera de Andaluc\u00eda y colorear y montar un puzzle de una versi\u00f3n infantil del mismo<\/li>\n<li>Desayuno t\u00edpico andaluz en clase.<\/li>\n<\/ul>\n<h3 style=\"text-align: justify;\">Primer ciclo de primaria<\/h3>\n<ul style=\"text-align: justify;\">\n<li>Poetas andaluces y poes\u00edas.<\/li>\n<li>Copiado en el cuaderno, memorizaci\u00f3n y recitaci\u00f3n.\n<ul>\n<li>1\u00ba A: Rafael Alberti. \u201cLa ni\u00f1a que se va al mar\u201d.<\/li>\n<li>1\u00ba B: Federico Garc\u00eda \u201cLa tarara\u201d.<\/li>\n<li>2\u00ba A: Rafael Alberti. \u201cEl barquero \u2026\u201d.<\/li>\n<li>2\u00ba B: Antonio Machado: \u201cPegasos, lindos pegasos\u2026\u201d Copiado del himno de Andaluc\u00eda y \u201ccantarlo\u201d.<\/li>\n<\/ul>\n<\/li>\n<li>Colorear la bandera de Andaluc\u00eda. Colorear trajes t\u00edpicos andaluces: 1\u00ba.<\/li>\n<li>Aprender el nombre de las provincias andaluzas: copiado. Copiado de una receta andaluza (propuestas).<\/li>\n<li>Aprender los gentilicios (propuesta).<\/li>\n<\/ul>\n<h3 style=\"text-align: justify;\">Segundo ciclo de primaria<\/h3>\n<ul style=\"text-align: justify;\">\n<li>Proyecto sobre el flamenco relacionado con el sector servicios de Andaluc\u00eda. Bailes de flamenco.<\/li>\n<li>Trabajos sobre guitarristas, cantaores, bailares&#8230;.andaluces.<\/li>\n<li>M\u00fasica: Canci\u00f3n \u00abAdi\u00f3s olivarillos\u00bb popular de Andaluc\u00eda.<\/li>\n<\/ul>\n<h3 style=\"text-align: justify;\">Tercer ciclo de primaria<\/h3>\n<p style=\"text-align: justify;\">5\u00ba EP: Actividades relacionadas con el flamenco, una unidad did\u00e1ctica de ese tema, una salida a una exposici\u00f3n en Sevilla y audiciones.<\/p>\n<p style=\"text-align: justify;\">6\u00ba EP: Trabajo tic, del cual se adjuntan los enlaces. Trabajo de creaci\u00f3n de una unidad did\u00e1ctica para todo el ciclo por parte de los alumnos. Trabajo de investigaci\u00f3n sobre personajes ilustres de Andaluc\u00eda.<\/p>\n<ul>\n<li style=\"text-align: justify;\"><a title=\"Ir\" href=\"http:\/\/clic.xtec.cat\/db\/jclicApplet.jsp?project=http:\/\/clic.xtec.cat\/projects\/andaluz\/jclic\/andaluz.jclic.zip&amp;lang=es&amp;title=Andaluc\u00eda\" target=\"_blank\">Actividad sobre Andaluc\u00eda (r\u00edos, monta\u00f1as, provincias&#8230;)<\/a><\/li>\n<li style=\"text-align: justify;\"><a title=\"Ir\" href=\"http:\/\/averroes.ced.junta-andalucia.es\/manuelperez\/udidacticas\/andalucia\/entrada\/entrada.htm\" target=\"_blank\">Poetas de Andaluc\u00eda<\/a><\/li>\n<li style=\"text-align: justify;\"><a title=\"Ir\" href=\"http:\/\/averroes.ced.junta-andalucia.es\/~18007034\/tic\/uni\/diaanda2010\/\" target=\"_blank\">Gymkana andaluza<\/a><\/li>\n<li style=\"text-align: justify;\"><a title=\"Ir\" href=\"http:\/\/clic.xtec.cat\/db\/jclicApplet.jsp?project=http:\/\/clic.xtec.net\/projects\/cultanda\/jclic\/cultanda.jclic.zip&amp;lang=es&amp;title=Cultura+andaluza\" target=\"_blank\">Cultura andaluza<\/a><\/li>\n<li style=\"text-align: justify;\"><a title=\"Ir\" href=\"http:\/\/www.juntadeandalucia.es\/educacion\/vscripts\/w_cea\/publi-mat.htm\" target=\"_blank\">http:\/\/www.juntadeandalucia.es\/educacion\/vscripts\/w_cea\/publi-mat.htm<\/a><\/li>\n<\/ul>\n<p>\n<div class=\"ngg-galleryoverview ngg-slideshow\"\n\tid=\"ngg-slideshow-ba6eea28df9e6b41daba67083fa094a5-15644668770\"\n\tdata-gallery-id=\"ba6eea28df9e6b41daba67083fa094a5\"\n\tstyle=\"max-width: 960px;\n\t\t\tmax-height: 720px;\n\t\t\tdisplay: none;\">\n\n\t\n\t\t<a href=\"https:\/\/blogsaverroes.juntadeandalucia.es\/alunada\/wp-content\/uploads\/sites\/629\/nggallery\/dia-de-andalucia-2015\/Dia.Andalucia.15-1.JPG\"\n\t\t\ttitle=\"\"\n\t\t\tdata-src=\"https:\/\/blogsaverroes.juntadeandalucia.es\/alunada\/wp-content\/uploads\/sites\/629\/nggallery\/dia-de-andalucia-2015\/Dia.Andalucia.15-1.JPG\"\n\t\t\tdata-thumbnail=\"https:\/\/blogsaverroes.juntadeandalucia.es\/alunada\/wp-content\/uploads\/sites\/629\/nggallery\/dia-de-andalucia-2015\/thumbs\/thumbs_Dia.Andalucia.15-1.JPG\"\n\t\t\tdata-image-id=\"122\"\n\t\t\tdata-title=\"Dia.Andalucia.15 (1)\"\n\t\t\tdata-description=\"\"\n\t\t\tclass=\"ngg-fancybox\" rel=\"ba6eea28df9e6b41daba67083fa094a5\">\n\n\t\t\t<img data-image-id='122'\n\t\t\t\ttitle=\"\"\n\t\t\t\talt=\"Dia.Andalucia.15 (1)\"\n\t\t\t\tsrc=\"https:\/\/blogsaverroes.juntadeandalucia.es\/alunada\/wp-content\/uploads\/sites\/629\/nggallery\/dia-de-andalucia-2015\/Dia.Andalucia.15-1.JPG\"\n\t\t\t\tstyle=\"max-height: 700px;\"\/>\n\t\t<\/a>\n\n\t\t\n\t\t<a href=\"https:\/\/blogsaverroes.juntadeandalucia.es\/alunada\/wp-content\/uploads\/sites\/629\/nggallery\/dia-de-andalucia-2015\/Dia.Andalucia.15-2.JPG\"\n\t\t\ttitle=\" \"\n\t\t\tdata-src=\"https:\/\/blogsaverroes.juntadeandalucia.es\/alunada\/wp-content\/uploads\/sites\/629\/nggallery\/dia-de-andalucia-2015\/Dia.Andalucia.15-2.JPG\"\n\t\t\tdata-thumbnail=\"https:\/\/blogsaverroes.juntadeandalucia.es\/alunada\/wp-content\/uploads\/sites\/629\/nggallery\/dia-de-andalucia-2015\/thumbs\/thumbs_Dia.Andalucia.15-2.JPG\"\n\t\t\tdata-image-id=\"123\"\n\t\t\tdata-title=\"Dia.Andalucia.15 (2)\"\n\t\t\tdata-description=\" \"\n\t\t\tclass=\"ngg-fancybox\" rel=\"ba6eea28df9e6b41daba67083fa094a5\">\n\n\t\t\t<img data-image-id='123'\n\t\t\t\ttitle=\" \"\n\t\t\t\talt=\"Dia.Andalucia.15 (2)\"\n\t\t\t\tsrc=\"https:\/\/blogsaverroes.juntadeandalucia.es\/alunada\/wp-content\/uploads\/sites\/629\/nggallery\/dia-de-andalucia-2015\/Dia.Andalucia.15-2.JPG\"\n\t\t\t\tstyle=\"max-height: 700px;\"\/>\n\t\t<\/a>\n\n\t\t\n\t\t<a href=\"https:\/\/blogsaverroes.juntadeandalucia.es\/alunada\/wp-content\/uploads\/sites\/629\/nggallery\/dia-de-andalucia-2015\/P1010151.JPG\"\n\t\t\ttitle=\"OLYMPUS DIGITAL CAMERA\"\n\t\t\tdata-src=\"https:\/\/blogsaverroes.juntadeandalucia.es\/alunada\/wp-content\/uploads\/sites\/629\/nggallery\/dia-de-andalucia-2015\/P1010151.JPG\"\n\t\t\tdata-thumbnail=\"https:\/\/blogsaverroes.juntadeandalucia.es\/alunada\/wp-content\/uploads\/sites\/629\/nggallery\/dia-de-andalucia-2015\/thumbs\/thumbs_P1010151.JPG\"\n\t\t\tdata-image-id=\"124\"\n\t\t\tdata-title=\"OLYMPUS DIGITAL CAMERA\"\n\t\t\tdata-description=\"OLYMPUS DIGITAL CAMERA\"\n\t\t\tclass=\"ngg-fancybox\" rel=\"ba6eea28df9e6b41daba67083fa094a5\">\n\n\t\t\t<img data-image-id='124'\n\t\t\t\ttitle=\"OLYMPUS DIGITAL CAMERA\"\n\t\t\t\talt=\"OLYMPUS DIGITAL CAMERA\"\n\t\t\t\tsrc=\"https:\/\/blogsaverroes.juntadeandalucia.es\/alunada\/wp-content\/uploads\/sites\/629\/nggallery\/dia-de-andalucia-2015\/P1010151.JPG\"\n\t\t\t\tstyle=\"max-height: 700px;\"\/>\n\t\t<\/a>\n\n\t\t\n\t\t<a href=\"https:\/\/blogsaverroes.juntadeandalucia.es\/alunada\/wp-content\/uploads\/sites\/629\/nggallery\/dia-de-andalucia-2015\/P1010153.JPG\"\n\t\t\ttitle=\"OLYMPUS DIGITAL CAMERA\"\n\t\t\tdata-src=\"https:\/\/blogsaverroes.juntadeandalucia.es\/alunada\/wp-content\/uploads\/sites\/629\/nggallery\/dia-de-andalucia-2015\/P1010153.JPG\"\n\t\t\tdata-thumbnail=\"https:\/\/blogsaverroes.juntadeandalucia.es\/alunada\/wp-content\/uploads\/sites\/629\/nggallery\/dia-de-andalucia-2015\/thumbs\/thumbs_P1010153.JPG\"\n\t\t\tdata-image-id=\"125\"\n\t\t\tdata-title=\"OLYMPUS DIGITAL CAMERA\"\n\t\t\tdata-description=\"OLYMPUS DIGITAL CAMERA\"\n\t\t\tclass=\"ngg-fancybox\" rel=\"ba6eea28df9e6b41daba67083fa094a5\">\n\n\t\t\t<img data-image-id='125'\n\t\t\t\ttitle=\"OLYMPUS DIGITAL CAMERA\"\n\t\t\t\talt=\"OLYMPUS DIGITAL CAMERA\"\n\t\t\t\tsrc=\"https:\/\/blogsaverroes.juntadeandalucia.es\/alunada\/wp-content\/uploads\/sites\/629\/nggallery\/dia-de-andalucia-2015\/P1010153.JPG\"\n\t\t\t\tstyle=\"max-height: 700px;\"\/>\n\t\t<\/a>\n\n\t\t\n\t\t<a href=\"https:\/\/blogsaverroes.juntadeandalucia.es\/alunada\/wp-content\/uploads\/sites\/629\/nggallery\/dia-de-andalucia-2015\/P1010154.JPG\"\n\t\t\ttitle=\"OLYMPUS DIGITAL CAMERA\"\n\t\t\tdata-src=\"https:\/\/blogsaverroes.juntadeandalucia.es\/alunada\/wp-content\/uploads\/sites\/629\/nggallery\/dia-de-andalucia-2015\/P1010154.JPG\"\n\t\t\tdata-thumbnail=\"https:\/\/blogsaverroes.juntadeandalucia.es\/alunada\/wp-content\/uploads\/sites\/629\/nggallery\/dia-de-andalucia-2015\/thumbs\/thumbs_P1010154.JPG\"\n\t\t\tdata-image-id=\"126\"\n\t\t\tdata-title=\"OLYMPUS DIGITAL CAMERA\"\n\t\t\tdata-description=\"OLYMPUS DIGITAL CAMERA\"\n\t\t\tclass=\"ngg-fancybox\" rel=\"ba6eea28df9e6b41daba67083fa094a5\">\n\n\t\t\t<img data-image-id='126'\n\t\t\t\ttitle=\"OLYMPUS DIGITAL CAMERA\"\n\t\t\t\talt=\"OLYMPUS DIGITAL CAMERA\"\n\t\t\t\tsrc=\"https:\/\/blogsaverroes.juntadeandalucia.es\/alunada\/wp-content\/uploads\/sites\/629\/nggallery\/dia-de-andalucia-2015\/P1010154.JPG\"\n\t\t\t\tstyle=\"max-height: 700px;\"\/>\n\t\t<\/a>\n\n\t\t\n\t\t<a href=\"https:\/\/blogsaverroes.juntadeandalucia.es\/alunada\/wp-content\/uploads\/sites\/629\/nggallery\/dia-de-andalucia-2015\/P1010155.JPG\"\n\t\t\ttitle=\"OLYMPUS DIGITAL CAMERA\"\n\t\t\tdata-src=\"https:\/\/blogsaverroes.juntadeandalucia.es\/alunada\/wp-content\/uploads\/sites\/629\/nggallery\/dia-de-andalucia-2015\/P1010155.JPG\"\n\t\t\tdata-thumbnail=\"https:\/\/blogsaverroes.juntadeandalucia.es\/alunada\/wp-content\/uploads\/sites\/629\/nggallery\/dia-de-andalucia-2015\/thumbs\/thumbs_P1010155.JPG\"\n\t\t\tdata-image-id=\"127\"\n\t\t\tdata-title=\"OLYMPUS DIGITAL CAMERA\"\n\t\t\tdata-description=\"OLYMPUS DIGITAL CAMERA\"\n\t\t\tclass=\"ngg-fancybox\" rel=\"ba6eea28df9e6b41daba67083fa094a5\">\n\n\t\t\t<img data-image-id='127'\n\t\t\t\ttitle=\"OLYMPUS DIGITAL CAMERA\"\n\t\t\t\talt=\"OLYMPUS DIGITAL CAMERA\"\n\t\t\t\tsrc=\"https:\/\/blogsaverroes.juntadeandalucia.es\/alunada\/wp-content\/uploads\/sites\/629\/nggallery\/dia-de-andalucia-2015\/P1010155.JPG\"\n\t\t\t\tstyle=\"max-height: 700px;\"\/>\n\t\t<\/a>\n\n\t\t\n\t\t<a href=\"https:\/\/blogsaverroes.juntadeandalucia.es\/alunada\/wp-content\/uploads\/sites\/629\/nggallery\/dia-de-andalucia-2015\/P1010157.JPG\"\n\t\t\ttitle=\"OLYMPUS DIGITAL CAMERA\"\n\t\t\tdata-src=\"https:\/\/blogsaverroes.juntadeandalucia.es\/alunada\/wp-content\/uploads\/sites\/629\/nggallery\/dia-de-andalucia-2015\/P1010157.JPG\"\n\t\t\tdata-thumbnail=\"https:\/\/blogsaverroes.juntadeandalucia.es\/alunada\/wp-content\/uploads\/sites\/629\/nggallery\/dia-de-andalucia-2015\/thumbs\/thumbs_P1010157.JPG\"\n\t\t\tdata-image-id=\"128\"\n\t\t\tdata-title=\"OLYMPUS DIGITAL CAMERA\"\n\t\t\tdata-description=\"OLYMPUS DIGITAL CAMERA\"\n\t\t\tclass=\"ngg-fancybox\" rel=\"ba6eea28df9e6b41daba67083fa094a5\">\n\n\t\t\t<img data-image-id='128'\n\t\t\t\ttitle=\"OLYMPUS DIGITAL CAMERA\"\n\t\t\t\talt=\"OLYMPUS DIGITAL CAMERA\"\n\t\t\t\tsrc=\"https:\/\/blogsaverroes.juntadeandalucia.es\/alunada\/wp-content\/uploads\/sites\/629\/nggallery\/dia-de-andalucia-2015\/P1010157.JPG\"\n\t\t\t\tstyle=\"max-height: 700px;\"\/>\n\t\t<\/a>\n\n\t\t<\/div>\n\n\t\t<!-- Thumbnails Link -->\n\t<div class=\"slideshowlink\" style=\"max-width: 960px;\">\n\t\t<a href='https:\/\/blogsaverroes.juntadeandalucia.es\/alunada\/dia-de-andalucia-2015\/nggallery\/thumbnails'>Ver todas<\/a>\n\t<\/div>\n\n<\/p>\n","protected":false},"excerpt":{"rendered":"<p>Celebraci\u00f3n del D\u00eda de Andaluc\u00eda Actividades a nivel de centro El jueves a primera hora, los alumnos\/as del centro entran, dejan las mochilas en clase y salen sobre las 9:20, a la fachada del colegio, para la izada de bandera.&#46;&#46;&#46;<\/p>\n","protected":false},"author":1514,"featured_media":696,"comment_status":"open","ping_status":"open","sticky":false,"template":"","format":"video","meta":{"ngg_post_thumbnail":0,"footnotes":""},"categories":[5991,66,24706,20294],"tags":[32458,290,401566],"aioseo_notices":[],"_links":{"self":[{"href":"https:\/\/blogsaverroes.juntadeandalucia.es\/alunada\/wp-json\/wp\/v2\/posts\/685"}],"collection":[{"href":"https:\/\/blogsaverroes.juntadeandalucia.es\/alunada\/wp-json\/wp\/v2\/posts"}],"about":[{"href":"https:\/\/blogsaverroes.juntadeandalucia.es\/alunada\/wp-json\/wp\/v2\/types\/post"}],"author":[{"embeddable":true,"href":"https:\/\/blogsaverroes.juntadeandalucia.es\/alunada\/wp-json\/wp\/v2\/users\/1514"}],"replies":[{"embeddable":true,"href":"https:\/\/blogsaverroes.juntadeandalucia.es\/alunada\/wp-json\/wp\/v2\/comments?post=685"}],"version-history":[{"count":3,"href":"https:\/\/blogsaverroes.juntadeandalucia.es\/alunada\/wp-json\/wp\/v2\/posts\/685\/revisions"}],"predecessor-version":[{"id":695,"href":"https:\/\/blogsaverroes.juntadeandalucia.es\/alunada\/wp-json\/wp\/v2\/posts\/685\/revisions\/695"}],"wp:featuredmedia":[{"embeddable":true,"href":"https:\/\/blogsaverroes.juntadeandalucia.es\/alunada\/wp-json\/wp\/v2\/media\/696"}],"wp:attachment":[{"href":"https:\/\/blogsaverroes.juntadeandalucia.es\/alunada\/wp-json\/wp\/v2\/media?parent=685"}],"wp:term":[{"taxonomy":"category","embeddable":true,"href":"https:\/\/blogsaverroes.juntadeandalucia.es\/alunada\/wp-json\/wp\/v2\/categories?post=685"},{"taxonomy":"post_tag","embeddable":true,"href":"https:\/\/blogsaverroes.juntadeandalucia.es\/alunada\/wp-json\/wp\/v2\/tags?post=685"}],"curies":[{"name":"wp","href":"https:\/\/api.w.org\/{rel}","templated":true}]}}