{"id":749,"date":"2015-03-17T21:39:26","date_gmt":"2015-03-17T21:39:26","guid":{"rendered":"http:\/\/blogsaverroes.juntadeandalucia.es\/alunada\/?p=749"},"modified":"2015-03-17T21:46:21","modified_gmt":"2015-03-17T21:46:21","slug":"jardin-botanico-alunada","status":"publish","type":"post","link":"https:\/\/blogsaverroes.juntadeandalucia.es\/alunada\/jardin-botanico-alunada\/","title":{"rendered":"Jard\u00edn bot\u00e1nico Alunada."},"content":{"rendered":"<p style=\"text-align: justify;\"><span style=\"font-size: 12pt; font-family: 'comic sans ms', sans-serif;\">Tras la consecuci\u00f3n de la construcci\u00f3n de un huerto escolar de bancales con el dise\u00f1o que se le sugiri\u00f3 a los trabajadores del Excmo. Ayuntamiento, donde la practicidad y eficacia era la prioridad, ya que los alumnos deber\u00edan de tener acceso a las plantas de los bancales desde cualquier lado y con cualquier edad; ello conllevaba un estudio previo realizado por parte del Coordinador medioambiental del Centro; cosa que con la colaboraci\u00f3n de todos se ha conseguido.<\/span><\/p>\n<p style=\"text-align: justify;\"><span style=\"font-size: 12pt; font-family: 'comic sans ms', sans-serif;\">El siguiente paso ha sido implicar en la participaci\u00f3n \u00a0real y pr\u00e1ctica a 14 tutores con sus correspondientes alumnos, actualmente el proyecto con mayor n\u00famero de participantes del Centro, en las diversas \u00a0actividades del Huerto escolar Alunada.<\/span><\/p>\n<p style=\"text-align: justify;\"><span style=\"font-size: 12pt; font-family: 'comic sans ms', sans-serif;\">A continuaci\u00f3n, el Coordinador medioambiental del Centro, el maestro Ram\u00f3n, aprovecha la informaci\u00f3n recibida en su momento para solicitar y conseguir que el Excmo. Ayuntamiento rodee una zona delante del comedor escolar del Centro para convertirla en un jard\u00edn bot\u00e1nico de plantas arom\u00e1ticas y medicinales, con las que dar una informaci\u00f3n pr\u00e1ctica y completa de las plantas de nuestro entorno.<\/span><\/p>\n<p style=\"text-align: justify;\"><span style=\"font-size: 12pt; font-family: 'comic sans ms', sans-serif;\">El maestro Ram\u00f3n solicita a la T\u00e9cnico del \u00a0Grupo de Desarrollo Rural la Campi\u00f1a- los Alcores \u00e1rboles para el Jard\u00edn Bot\u00e1nico Alunada, recibiendo plantas de: Algarrobo, Granado, Lavanda, Romero, Array\u00e1n y \u00a0Madro\u00f1o, La consejal\u00eda de medio ambiente de la localidad nos ha proporcionado un laurel \u00a0y el resto de plantas lo tendr\u00e1 \u00a0que comprar el Centro a igual que los carteles que cada \u00e1rbol o arbusto llevar\u00e1 para \u00a0conocimiento de los alumnos a igual que el Huerto escolar.<\/span><\/p>\n<p style=\"text-align: justify;\"><span style=\"font-family: 'comic sans ms', sans-serif; font-size: 12pt;\">Al Excmo. Ayuntamiento se le solicit\u00f3 en tiempo y forma , durante \u00a0el curso pasado, \u00a0la instalaci\u00f3n de un sistema de goteo para el Huerto escolar y el Jard\u00edn bot\u00e1nico, cosa que actualmente seguimos esperando que se haga \u00a0realidad.<\/span><\/p>\n<p style=\"text-align: justify;\"><span style=\"font-family: 'comic sans ms', sans-serif; font-size: 12pt;\">\u00a0Mientras nuestros profesores y alumnos participantes en la actividad medioambiental del Centro, cuidan con esmero y regularidad sus semilleros de clase, las garrafas que hacen de semilleros en el Jard\u00edn bot\u00e1nico, el Huerto Escolar cuyos frutos se sortean entre los alumnos que participan en la actividad de una forma sistem\u00e1tica y reglada, as\u00ed como semilleros de huerto, nuestros alumnos participan en el Programa la libreta viajera desde el a\u00f1o pasado y los curso de \u00a03\u00ba , 4\u00ba A, 4\u00ba B y 5\u00ba B., participan este a\u00f1o en el\u00a0Programa de la maleta viajera.<\/span><\/p>\n<p style=\"text-align: justify;\"><span style=\"font-family: 'comic sans ms', sans-serif; font-size: 12pt;\">Recordar que hemos recibido \u00a0el premio de Huerto escolar en el apartado \u00a0la diversidad, lo cual nos ha aumentado la autoestima a los implicados y deparado un buen n\u00famero material para el huerto como: azadas, palas, guantes, mantillo y semillas ecol\u00f3gicas.<\/span><\/p>\n<p>\n<div class=\"ngg-galleryoverview ngg-slideshow\"\n\tid=\"ngg-slideshow-3a9a90e2a93e17dce1257be181aafedb-13589367840\"\n\tdata-gallery-id=\"3a9a90e2a93e17dce1257be181aafedb\"\n\tstyle=\"max-width: 960px;\n\t\t\tmax-height: 720px;\n\t\t\tdisplay: none;\">\n\n\t\n\t\t<a href=\"https:\/\/blogsaverroes.juntadeandalucia.es\/alunada\/wp-content\/uploads\/sites\/629\/nggallery\/jardin-botanico-alunada-v-17-03-15\/jardin-botanico-alunada-17-03-15-1.JPG\"\n\t\t\ttitle=\"OLYMPUS DIGITAL CAMERA\"\n\t\t\tdata-src=\"https:\/\/blogsaverroes.juntadeandalucia.es\/alunada\/wp-content\/uploads\/sites\/629\/nggallery\/jardin-botanico-alunada-v-17-03-15\/jardin-botanico-alunada-17-03-15-1.JPG\"\n\t\t\tdata-thumbnail=\"https:\/\/blogsaverroes.juntadeandalucia.es\/alunada\/wp-content\/uploads\/sites\/629\/nggallery\/jardin-botanico-alunada-v-17-03-15\/thumbs\/thumbs_jardin-botanico-alunada-17-03-15-1.JPG\"\n\t\t\tdata-image-id=\"133\"\n\t\t\tdata-title=\"OLYMPUS DIGITAL CAMERA\"\n\t\t\tdata-description=\"OLYMPUS DIGITAL CAMERA\"\n\t\t\tclass=\"ngg-fancybox\" rel=\"3a9a90e2a93e17dce1257be181aafedb\">\n\n\t\t\t<img data-image-id='133'\n\t\t\t\ttitle=\"OLYMPUS DIGITAL CAMERA\"\n\t\t\t\talt=\"OLYMPUS DIGITAL CAMERA\"\n\t\t\t\tsrc=\"https:\/\/blogsaverroes.juntadeandalucia.es\/alunada\/wp-content\/uploads\/sites\/629\/nggallery\/jardin-botanico-alunada-v-17-03-15\/jardin-botanico-alunada-17-03-15-1.JPG\"\n\t\t\t\tstyle=\"max-height: 700px;\"\/>\n\t\t<\/a>\n\n\t\t\n\t\t<a href=\"https:\/\/blogsaverroes.juntadeandalucia.es\/alunada\/wp-content\/uploads\/sites\/629\/nggallery\/jardin-botanico-alunada-v-17-03-15\/jardin-botanico-alunada-17-03-15-2.JPG\"\n\t\t\ttitle=\"OLYMPUS DIGITAL CAMERA\"\n\t\t\tdata-src=\"https:\/\/blogsaverroes.juntadeandalucia.es\/alunada\/wp-content\/uploads\/sites\/629\/nggallery\/jardin-botanico-alunada-v-17-03-15\/jardin-botanico-alunada-17-03-15-2.JPG\"\n\t\t\tdata-thumbnail=\"https:\/\/blogsaverroes.juntadeandalucia.es\/alunada\/wp-content\/uploads\/sites\/629\/nggallery\/jardin-botanico-alunada-v-17-03-15\/thumbs\/thumbs_jardin-botanico-alunada-17-03-15-2.JPG\"\n\t\t\tdata-image-id=\"134\"\n\t\t\tdata-title=\"OLYMPUS DIGITAL CAMERA\"\n\t\t\tdata-description=\"OLYMPUS DIGITAL CAMERA\"\n\t\t\tclass=\"ngg-fancybox\" rel=\"3a9a90e2a93e17dce1257be181aafedb\">\n\n\t\t\t<img data-image-id='134'\n\t\t\t\ttitle=\"OLYMPUS DIGITAL CAMERA\"\n\t\t\t\talt=\"OLYMPUS DIGITAL CAMERA\"\n\t\t\t\tsrc=\"https:\/\/blogsaverroes.juntadeandalucia.es\/alunada\/wp-content\/uploads\/sites\/629\/nggallery\/jardin-botanico-alunada-v-17-03-15\/jardin-botanico-alunada-17-03-15-2.JPG\"\n\t\t\t\tstyle=\"max-height: 700px;\"\/>\n\t\t<\/a>\n\n\t\t\n\t\t<a href=\"https:\/\/blogsaverroes.juntadeandalucia.es\/alunada\/wp-content\/uploads\/sites\/629\/nggallery\/jardin-botanico-alunada-v-17-03-15\/jardin-botanico-alunada-17-03-15-3.JPG\"\n\t\t\ttitle=\"OLYMPUS DIGITAL CAMERA\"\n\t\t\tdata-src=\"https:\/\/blogsaverroes.juntadeandalucia.es\/alunada\/wp-content\/uploads\/sites\/629\/nggallery\/jardin-botanico-alunada-v-17-03-15\/jardin-botanico-alunada-17-03-15-3.JPG\"\n\t\t\tdata-thumbnail=\"https:\/\/blogsaverroes.juntadeandalucia.es\/alunada\/wp-content\/uploads\/sites\/629\/nggallery\/jardin-botanico-alunada-v-17-03-15\/thumbs\/thumbs_jardin-botanico-alunada-17-03-15-3.JPG\"\n\t\t\tdata-image-id=\"135\"\n\t\t\tdata-title=\"OLYMPUS DIGITAL CAMERA\"\n\t\t\tdata-description=\"OLYMPUS DIGITAL CAMERA\"\n\t\t\tclass=\"ngg-fancybox\" rel=\"3a9a90e2a93e17dce1257be181aafedb\">\n\n\t\t\t<img data-image-id='135'\n\t\t\t\ttitle=\"OLYMPUS DIGITAL CAMERA\"\n\t\t\t\talt=\"OLYMPUS DIGITAL CAMERA\"\n\t\t\t\tsrc=\"https:\/\/blogsaverroes.juntadeandalucia.es\/alunada\/wp-content\/uploads\/sites\/629\/nggallery\/jardin-botanico-alunada-v-17-03-15\/jardin-botanico-alunada-17-03-15-3.JPG\"\n\t\t\t\tstyle=\"max-height: 700px;\"\/>\n\t\t<\/a>\n\n\t\t\n\t\t<a href=\"https:\/\/blogsaverroes.juntadeandalucia.es\/alunada\/wp-content\/uploads\/sites\/629\/nggallery\/jardin-botanico-alunada-v-17-03-15\/jardin-botanico-alunada-17-03-15-4.JPG\"\n\t\t\ttitle=\"OLYMPUS DIGITAL CAMERA\"\n\t\t\tdata-src=\"https:\/\/blogsaverroes.juntadeandalucia.es\/alunada\/wp-content\/uploads\/sites\/629\/nggallery\/jardin-botanico-alunada-v-17-03-15\/jardin-botanico-alunada-17-03-15-4.JPG\"\n\t\t\tdata-thumbnail=\"https:\/\/blogsaverroes.juntadeandalucia.es\/alunada\/wp-content\/uploads\/sites\/629\/nggallery\/jardin-botanico-alunada-v-17-03-15\/thumbs\/thumbs_jardin-botanico-alunada-17-03-15-4.JPG\"\n\t\t\tdata-image-id=\"136\"\n\t\t\tdata-title=\"OLYMPUS DIGITAL CAMERA\"\n\t\t\tdata-description=\"OLYMPUS DIGITAL CAMERA\"\n\t\t\tclass=\"ngg-fancybox\" rel=\"3a9a90e2a93e17dce1257be181aafedb\">\n\n\t\t\t<img data-image-id='136'\n\t\t\t\ttitle=\"OLYMPUS DIGITAL CAMERA\"\n\t\t\t\talt=\"OLYMPUS DIGITAL CAMERA\"\n\t\t\t\tsrc=\"https:\/\/blogsaverroes.juntadeandalucia.es\/alunada\/wp-content\/uploads\/sites\/629\/nggallery\/jardin-botanico-alunada-v-17-03-15\/jardin-botanico-alunada-17-03-15-4.JPG\"\n\t\t\t\tstyle=\"max-height: 700px;\"\/>\n\t\t<\/a>\n\n\t\t\n\t\t<a href=\"https:\/\/blogsaverroes.juntadeandalucia.es\/alunada\/wp-content\/uploads\/sites\/629\/nggallery\/jardin-botanico-alunada-v-17-03-15\/jardin-botanico-alunada-17-03-15-5.JPG\"\n\t\t\ttitle=\"OLYMPUS DIGITAL CAMERA\"\n\t\t\tdata-src=\"https:\/\/blogsaverroes.juntadeandalucia.es\/alunada\/wp-content\/uploads\/sites\/629\/nggallery\/jardin-botanico-alunada-v-17-03-15\/jardin-botanico-alunada-17-03-15-5.JPG\"\n\t\t\tdata-thumbnail=\"https:\/\/blogsaverroes.juntadeandalucia.es\/alunada\/wp-content\/uploads\/sites\/629\/nggallery\/jardin-botanico-alunada-v-17-03-15\/thumbs\/thumbs_jardin-botanico-alunada-17-03-15-5.JPG\"\n\t\t\tdata-image-id=\"137\"\n\t\t\tdata-title=\"OLYMPUS DIGITAL CAMERA\"\n\t\t\tdata-description=\"OLYMPUS DIGITAL CAMERA\"\n\t\t\tclass=\"ngg-fancybox\" rel=\"3a9a90e2a93e17dce1257be181aafedb\">\n\n\t\t\t<img data-image-id='137'\n\t\t\t\ttitle=\"OLYMPUS DIGITAL CAMERA\"\n\t\t\t\talt=\"OLYMPUS DIGITAL CAMERA\"\n\t\t\t\tsrc=\"https:\/\/blogsaverroes.juntadeandalucia.es\/alunada\/wp-content\/uploads\/sites\/629\/nggallery\/jardin-botanico-alunada-v-17-03-15\/jardin-botanico-alunada-17-03-15-5.JPG\"\n\t\t\t\tstyle=\"max-height: 700px;\"\/>\n\t\t<\/a>\n\n\t\t\n\t\t<a href=\"https:\/\/blogsaverroes.juntadeandalucia.es\/alunada\/wp-content\/uploads\/sites\/629\/nggallery\/jardin-botanico-alunada-v-17-03-15\/jardin-botanico-alunada-17-03-15-6.JPG\"\n\t\t\ttitle=\"OLYMPUS DIGITAL CAMERA\"\n\t\t\tdata-src=\"https:\/\/blogsaverroes.juntadeandalucia.es\/alunada\/wp-content\/uploads\/sites\/629\/nggallery\/jardin-botanico-alunada-v-17-03-15\/jardin-botanico-alunada-17-03-15-6.JPG\"\n\t\t\tdata-thumbnail=\"https:\/\/blogsaverroes.juntadeandalucia.es\/alunada\/wp-content\/uploads\/sites\/629\/nggallery\/jardin-botanico-alunada-v-17-03-15\/thumbs\/thumbs_jardin-botanico-alunada-17-03-15-6.JPG\"\n\t\t\tdata-image-id=\"138\"\n\t\t\tdata-title=\"OLYMPUS DIGITAL CAMERA\"\n\t\t\tdata-description=\"OLYMPUS DIGITAL CAMERA\"\n\t\t\tclass=\"ngg-fancybox\" rel=\"3a9a90e2a93e17dce1257be181aafedb\">\n\n\t\t\t<img data-image-id='138'\n\t\t\t\ttitle=\"OLYMPUS DIGITAL CAMERA\"\n\t\t\t\talt=\"OLYMPUS DIGITAL CAMERA\"\n\t\t\t\tsrc=\"https:\/\/blogsaverroes.juntadeandalucia.es\/alunada\/wp-content\/uploads\/sites\/629\/nggallery\/jardin-botanico-alunada-v-17-03-15\/jardin-botanico-alunada-17-03-15-6.JPG\"\n\t\t\t\tstyle=\"max-height: 700px;\"\/>\n\t\t<\/a>\n\n\t\t\n\t\t<a href=\"https:\/\/blogsaverroes.juntadeandalucia.es\/alunada\/wp-content\/uploads\/sites\/629\/nggallery\/jardin-botanico-alunada-v-17-03-15\/jardin-botanico-alunada-17-03-15-7.JPG\"\n\t\t\ttitle=\"OLYMPUS DIGITAL CAMERA\"\n\t\t\tdata-src=\"https:\/\/blogsaverroes.juntadeandalucia.es\/alunada\/wp-content\/uploads\/sites\/629\/nggallery\/jardin-botanico-alunada-v-17-03-15\/jardin-botanico-alunada-17-03-15-7.JPG\"\n\t\t\tdata-thumbnail=\"https:\/\/blogsaverroes.juntadeandalucia.es\/alunada\/wp-content\/uploads\/sites\/629\/nggallery\/jardin-botanico-alunada-v-17-03-15\/thumbs\/thumbs_jardin-botanico-alunada-17-03-15-7.JPG\"\n\t\t\tdata-image-id=\"139\"\n\t\t\tdata-title=\"OLYMPUS DIGITAL CAMERA\"\n\t\t\tdata-description=\"OLYMPUS DIGITAL CAMERA\"\n\t\t\tclass=\"ngg-fancybox\" rel=\"3a9a90e2a93e17dce1257be181aafedb\">\n\n\t\t\t<img data-image-id='139'\n\t\t\t\ttitle=\"OLYMPUS DIGITAL CAMERA\"\n\t\t\t\talt=\"OLYMPUS DIGITAL CAMERA\"\n\t\t\t\tsrc=\"https:\/\/blogsaverroes.juntadeandalucia.es\/alunada\/wp-content\/uploads\/sites\/629\/nggallery\/jardin-botanico-alunada-v-17-03-15\/jardin-botanico-alunada-17-03-15-7.JPG\"\n\t\t\t\tstyle=\"max-height: 700px;\"\/>\n\t\t<\/a>\n\n\t\t\n\t\t<a href=\"https:\/\/blogsaverroes.juntadeandalucia.es\/alunada\/wp-content\/uploads\/sites\/629\/nggallery\/jardin-botanico-alunada-v-17-03-15\/jardin-botanico-alunada-17-03-15-8.JPG\"\n\t\t\ttitle=\"OLYMPUS DIGITAL CAMERA\"\n\t\t\tdata-src=\"https:\/\/blogsaverroes.juntadeandalucia.es\/alunada\/wp-content\/uploads\/sites\/629\/nggallery\/jardin-botanico-alunada-v-17-03-15\/jardin-botanico-alunada-17-03-15-8.JPG\"\n\t\t\tdata-thumbnail=\"https:\/\/blogsaverroes.juntadeandalucia.es\/alunada\/wp-content\/uploads\/sites\/629\/nggallery\/jardin-botanico-alunada-v-17-03-15\/thumbs\/thumbs_jardin-botanico-alunada-17-03-15-8.JPG\"\n\t\t\tdata-image-id=\"140\"\n\t\t\tdata-title=\"OLYMPUS DIGITAL CAMERA\"\n\t\t\tdata-description=\"OLYMPUS DIGITAL CAMERA\"\n\t\t\tclass=\"ngg-fancybox\" rel=\"3a9a90e2a93e17dce1257be181aafedb\">\n\n\t\t\t<img data-image-id='140'\n\t\t\t\ttitle=\"OLYMPUS DIGITAL CAMERA\"\n\t\t\t\talt=\"OLYMPUS DIGITAL CAMERA\"\n\t\t\t\tsrc=\"https:\/\/blogsaverroes.juntadeandalucia.es\/alunada\/wp-content\/uploads\/sites\/629\/nggallery\/jardin-botanico-alunada-v-17-03-15\/jardin-botanico-alunada-17-03-15-8.JPG\"\n\t\t\t\tstyle=\"max-height: 700px;\"\/>\n\t\t<\/a>\n\n\t\t\n\t\t<a href=\"https:\/\/blogsaverroes.juntadeandalucia.es\/alunada\/wp-content\/uploads\/sites\/629\/nggallery\/jardin-botanico-alunada-v-17-03-15\/jardin-botanico-alunada-17-03-15-9.JPG\"\n\t\t\ttitle=\"OLYMPUS DIGITAL CAMERA\"\n\t\t\tdata-src=\"https:\/\/blogsaverroes.juntadeandalucia.es\/alunada\/wp-content\/uploads\/sites\/629\/nggallery\/jardin-botanico-alunada-v-17-03-15\/jardin-botanico-alunada-17-03-15-9.JPG\"\n\t\t\tdata-thumbnail=\"https:\/\/blogsaverroes.juntadeandalucia.es\/alunada\/wp-content\/uploads\/sites\/629\/nggallery\/jardin-botanico-alunada-v-17-03-15\/thumbs\/thumbs_jardin-botanico-alunada-17-03-15-9.JPG\"\n\t\t\tdata-image-id=\"141\"\n\t\t\tdata-title=\"OLYMPUS DIGITAL CAMERA\"\n\t\t\tdata-description=\"OLYMPUS DIGITAL CAMERA\"\n\t\t\tclass=\"ngg-fancybox\" rel=\"3a9a90e2a93e17dce1257be181aafedb\">\n\n\t\t\t<img data-image-id='141'\n\t\t\t\ttitle=\"OLYMPUS DIGITAL CAMERA\"\n\t\t\t\talt=\"OLYMPUS DIGITAL CAMERA\"\n\t\t\t\tsrc=\"https:\/\/blogsaverroes.juntadeandalucia.es\/alunada\/wp-content\/uploads\/sites\/629\/nggallery\/jardin-botanico-alunada-v-17-03-15\/jardin-botanico-alunada-17-03-15-9.JPG\"\n\t\t\t\tstyle=\"max-height: 700px;\"\/>\n\t\t<\/a>\n\n\t\t\n\t\t<a href=\"https:\/\/blogsaverroes.juntadeandalucia.es\/alunada\/wp-content\/uploads\/sites\/629\/nggallery\/jardin-botanico-alunada-v-17-03-15\/jardin-botanico-alunada-17-03-15-10.JPG\"\n\t\t\ttitle=\"OLYMPUS DIGITAL CAMERA\"\n\t\t\tdata-src=\"https:\/\/blogsaverroes.juntadeandalucia.es\/alunada\/wp-content\/uploads\/sites\/629\/nggallery\/jardin-botanico-alunada-v-17-03-15\/jardin-botanico-alunada-17-03-15-10.JPG\"\n\t\t\tdata-thumbnail=\"https:\/\/blogsaverroes.juntadeandalucia.es\/alunada\/wp-content\/uploads\/sites\/629\/nggallery\/jardin-botanico-alunada-v-17-03-15\/thumbs\/thumbs_jardin-botanico-alunada-17-03-15-10.JPG\"\n\t\t\tdata-image-id=\"142\"\n\t\t\tdata-title=\"OLYMPUS DIGITAL CAMERA\"\n\t\t\tdata-description=\"OLYMPUS DIGITAL CAMERA\"\n\t\t\tclass=\"ngg-fancybox\" rel=\"3a9a90e2a93e17dce1257be181aafedb\">\n\n\t\t\t<img data-image-id='142'\n\t\t\t\ttitle=\"OLYMPUS DIGITAL CAMERA\"\n\t\t\t\talt=\"OLYMPUS DIGITAL CAMERA\"\n\t\t\t\tsrc=\"https:\/\/blogsaverroes.juntadeandalucia.es\/alunada\/wp-content\/uploads\/sites\/629\/nggallery\/jardin-botanico-alunada-v-17-03-15\/jardin-botanico-alunada-17-03-15-10.JPG\"\n\t\t\t\tstyle=\"max-height: 700px;\"\/>\n\t\t<\/a>\n\n\t\t\n\t\t<a href=\"https:\/\/blogsaverroes.juntadeandalucia.es\/alunada\/wp-content\/uploads\/sites\/629\/nggallery\/jardin-botanico-alunada-v-17-03-15\/jardin-botanico-alunada-17-03-15-11.JPG\"\n\t\t\ttitle=\"OLYMPUS DIGITAL CAMERA\"\n\t\t\tdata-src=\"https:\/\/blogsaverroes.juntadeandalucia.es\/alunada\/wp-content\/uploads\/sites\/629\/nggallery\/jardin-botanico-alunada-v-17-03-15\/jardin-botanico-alunada-17-03-15-11.JPG\"\n\t\t\tdata-thumbnail=\"https:\/\/blogsaverroes.juntadeandalucia.es\/alunada\/wp-content\/uploads\/sites\/629\/nggallery\/jardin-botanico-alunada-v-17-03-15\/thumbs\/thumbs_jardin-botanico-alunada-17-03-15-11.JPG\"\n\t\t\tdata-image-id=\"143\"\n\t\t\tdata-title=\"OLYMPUS DIGITAL CAMERA\"\n\t\t\tdata-description=\"OLYMPUS DIGITAL CAMERA\"\n\t\t\tclass=\"ngg-fancybox\" rel=\"3a9a90e2a93e17dce1257be181aafedb\">\n\n\t\t\t<img data-image-id='143'\n\t\t\t\ttitle=\"OLYMPUS DIGITAL CAMERA\"\n\t\t\t\talt=\"OLYMPUS DIGITAL CAMERA\"\n\t\t\t\tsrc=\"https:\/\/blogsaverroes.juntadeandalucia.es\/alunada\/wp-content\/uploads\/sites\/629\/nggallery\/jardin-botanico-alunada-v-17-03-15\/jardin-botanico-alunada-17-03-15-11.JPG\"\n\t\t\t\tstyle=\"max-height: 700px;\"\/>\n\t\t<\/a>\n\n\t\t\n\t\t<a href=\"https:\/\/blogsaverroes.juntadeandalucia.es\/alunada\/wp-content\/uploads\/sites\/629\/nggallery\/jardin-botanico-alunada-v-17-03-15\/jardin-botanico-alunada-17-03-15-12.JPG\"\n\t\t\ttitle=\"OLYMPUS DIGITAL CAMERA\"\n\t\t\tdata-src=\"https:\/\/blogsaverroes.juntadeandalucia.es\/alunada\/wp-content\/uploads\/sites\/629\/nggallery\/jardin-botanico-alunada-v-17-03-15\/jardin-botanico-alunada-17-03-15-12.JPG\"\n\t\t\tdata-thumbnail=\"https:\/\/blogsaverroes.juntadeandalucia.es\/alunada\/wp-content\/uploads\/sites\/629\/nggallery\/jardin-botanico-alunada-v-17-03-15\/thumbs\/thumbs_jardin-botanico-alunada-17-03-15-12.JPG\"\n\t\t\tdata-image-id=\"144\"\n\t\t\tdata-title=\"OLYMPUS DIGITAL CAMERA\"\n\t\t\tdata-description=\"OLYMPUS DIGITAL CAMERA\"\n\t\t\tclass=\"ngg-fancybox\" rel=\"3a9a90e2a93e17dce1257be181aafedb\">\n\n\t\t\t<img data-image-id='144'\n\t\t\t\ttitle=\"OLYMPUS DIGITAL CAMERA\"\n\t\t\t\talt=\"OLYMPUS DIGITAL CAMERA\"\n\t\t\t\tsrc=\"https:\/\/blogsaverroes.juntadeandalucia.es\/alunada\/wp-content\/uploads\/sites\/629\/nggallery\/jardin-botanico-alunada-v-17-03-15\/jardin-botanico-alunada-17-03-15-12.JPG\"\n\t\t\t\tstyle=\"max-height: 700px;\"\/>\n\t\t<\/a>\n\n\t\t\n\t\t<a href=\"https:\/\/blogsaverroes.juntadeandalucia.es\/alunada\/wp-content\/uploads\/sites\/629\/nggallery\/jardin-botanico-alunada-v-17-03-15\/jardin-botanico-alunada-17-03-15-13.JPG\"\n\t\t\ttitle=\"OLYMPUS DIGITAL CAMERA\"\n\t\t\tdata-src=\"https:\/\/blogsaverroes.juntadeandalucia.es\/alunada\/wp-content\/uploads\/sites\/629\/nggallery\/jardin-botanico-alunada-v-17-03-15\/jardin-botanico-alunada-17-03-15-13.JPG\"\n\t\t\tdata-thumbnail=\"https:\/\/blogsaverroes.juntadeandalucia.es\/alunada\/wp-content\/uploads\/sites\/629\/nggallery\/jardin-botanico-alunada-v-17-03-15\/thumbs\/thumbs_jardin-botanico-alunada-17-03-15-13.JPG\"\n\t\t\tdata-image-id=\"145\"\n\t\t\tdata-title=\"OLYMPUS DIGITAL CAMERA\"\n\t\t\tdata-description=\"OLYMPUS DIGITAL CAMERA\"\n\t\t\tclass=\"ngg-fancybox\" rel=\"3a9a90e2a93e17dce1257be181aafedb\">\n\n\t\t\t<img data-image-id='145'\n\t\t\t\ttitle=\"OLYMPUS DIGITAL CAMERA\"\n\t\t\t\talt=\"OLYMPUS DIGITAL CAMERA\"\n\t\t\t\tsrc=\"https:\/\/blogsaverroes.juntadeandalucia.es\/alunada\/wp-content\/uploads\/sites\/629\/nggallery\/jardin-botanico-alunada-v-17-03-15\/jardin-botanico-alunada-17-03-15-13.JPG\"\n\t\t\t\tstyle=\"max-height: 700px;\"\/>\n\t\t<\/a>\n\n\t\t\n\t\t<a href=\"https:\/\/blogsaverroes.juntadeandalucia.es\/alunada\/wp-content\/uploads\/sites\/629\/nggallery\/jardin-botanico-alunada-v-17-03-15\/jardin-botanico-alunada-17-03-15-14.JPG\"\n\t\t\ttitle=\"OLYMPUS DIGITAL CAMERA\"\n\t\t\tdata-src=\"https:\/\/blogsaverroes.juntadeandalucia.es\/alunada\/wp-content\/uploads\/sites\/629\/nggallery\/jardin-botanico-alunada-v-17-03-15\/jardin-botanico-alunada-17-03-15-14.JPG\"\n\t\t\tdata-thumbnail=\"https:\/\/blogsaverroes.juntadeandalucia.es\/alunada\/wp-content\/uploads\/sites\/629\/nggallery\/jardin-botanico-alunada-v-17-03-15\/thumbs\/thumbs_jardin-botanico-alunada-17-03-15-14.JPG\"\n\t\t\tdata-image-id=\"146\"\n\t\t\tdata-title=\"OLYMPUS DIGITAL CAMERA\"\n\t\t\tdata-description=\"OLYMPUS DIGITAL CAMERA\"\n\t\t\tclass=\"ngg-fancybox\" rel=\"3a9a90e2a93e17dce1257be181aafedb\">\n\n\t\t\t<img data-image-id='146'\n\t\t\t\ttitle=\"OLYMPUS DIGITAL CAMERA\"\n\t\t\t\talt=\"OLYMPUS DIGITAL CAMERA\"\n\t\t\t\tsrc=\"https:\/\/blogsaverroes.juntadeandalucia.es\/alunada\/wp-content\/uploads\/sites\/629\/nggallery\/jardin-botanico-alunada-v-17-03-15\/jardin-botanico-alunada-17-03-15-14.JPG\"\n\t\t\t\tstyle=\"max-height: 700px;\"\/>\n\t\t<\/a>\n\n\t\t\n\t\t<a href=\"https:\/\/blogsaverroes.juntadeandalucia.es\/alunada\/wp-content\/uploads\/sites\/629\/nggallery\/jardin-botanico-alunada-v-17-03-15\/jardin-botanico-alunada-17-03-15-15.JPG\"\n\t\t\ttitle=\"OLYMPUS DIGITAL CAMERA\"\n\t\t\tdata-src=\"https:\/\/blogsaverroes.juntadeandalucia.es\/alunada\/wp-content\/uploads\/sites\/629\/nggallery\/jardin-botanico-alunada-v-17-03-15\/jardin-botanico-alunada-17-03-15-15.JPG\"\n\t\t\tdata-thumbnail=\"https:\/\/blogsaverroes.juntadeandalucia.es\/alunada\/wp-content\/uploads\/sites\/629\/nggallery\/jardin-botanico-alunada-v-17-03-15\/thumbs\/thumbs_jardin-botanico-alunada-17-03-15-15.JPG\"\n\t\t\tdata-image-id=\"147\"\n\t\t\tdata-title=\"OLYMPUS DIGITAL CAMERA\"\n\t\t\tdata-description=\"OLYMPUS DIGITAL CAMERA\"\n\t\t\tclass=\"ngg-fancybox\" rel=\"3a9a90e2a93e17dce1257be181aafedb\">\n\n\t\t\t<img data-image-id='147'\n\t\t\t\ttitle=\"OLYMPUS DIGITAL CAMERA\"\n\t\t\t\talt=\"OLYMPUS DIGITAL CAMERA\"\n\t\t\t\tsrc=\"https:\/\/blogsaverroes.juntadeandalucia.es\/alunada\/wp-content\/uploads\/sites\/629\/nggallery\/jardin-botanico-alunada-v-17-03-15\/jardin-botanico-alunada-17-03-15-15.JPG\"\n\t\t\t\tstyle=\"max-height: 700px;\"\/>\n\t\t<\/a>\n\n\t\t\n\t\t<a href=\"https:\/\/blogsaverroes.juntadeandalucia.es\/alunada\/wp-content\/uploads\/sites\/629\/nggallery\/jardin-botanico-alunada-v-17-03-15\/jardin-botanico-alunada-17-03-15-16.JPG\"\n\t\t\ttitle=\"OLYMPUS DIGITAL CAMERA\"\n\t\t\tdata-src=\"https:\/\/blogsaverroes.juntadeandalucia.es\/alunada\/wp-content\/uploads\/sites\/629\/nggallery\/jardin-botanico-alunada-v-17-03-15\/jardin-botanico-alunada-17-03-15-16.JPG\"\n\t\t\tdata-thumbnail=\"https:\/\/blogsaverroes.juntadeandalucia.es\/alunada\/wp-content\/uploads\/sites\/629\/nggallery\/jardin-botanico-alunada-v-17-03-15\/thumbs\/thumbs_jardin-botanico-alunada-17-03-15-16.JPG\"\n\t\t\tdata-image-id=\"148\"\n\t\t\tdata-title=\"OLYMPUS DIGITAL CAMERA\"\n\t\t\tdata-description=\"OLYMPUS DIGITAL CAMERA\"\n\t\t\tclass=\"ngg-fancybox\" rel=\"3a9a90e2a93e17dce1257be181aafedb\">\n\n\t\t\t<img data-image-id='148'\n\t\t\t\ttitle=\"OLYMPUS DIGITAL CAMERA\"\n\t\t\t\talt=\"OLYMPUS DIGITAL CAMERA\"\n\t\t\t\tsrc=\"https:\/\/blogsaverroes.juntadeandalucia.es\/alunada\/wp-content\/uploads\/sites\/629\/nggallery\/jardin-botanico-alunada-v-17-03-15\/jardin-botanico-alunada-17-03-15-16.JPG\"\n\t\t\t\tstyle=\"max-height: 700px;\"\/>\n\t\t<\/a>\n\n\t\t\n\t\t<a href=\"https:\/\/blogsaverroes.juntadeandalucia.es\/alunada\/wp-content\/uploads\/sites\/629\/nggallery\/jardin-botanico-alunada-v-17-03-15\/jardin-botanico-alunada-17-03-15-17.JPG\"\n\t\t\ttitle=\"OLYMPUS DIGITAL CAMERA\"\n\t\t\tdata-src=\"https:\/\/blogsaverroes.juntadeandalucia.es\/alunada\/wp-content\/uploads\/sites\/629\/nggallery\/jardin-botanico-alunada-v-17-03-15\/jardin-botanico-alunada-17-03-15-17.JPG\"\n\t\t\tdata-thumbnail=\"https:\/\/blogsaverroes.juntadeandalucia.es\/alunada\/wp-content\/uploads\/sites\/629\/nggallery\/jardin-botanico-alunada-v-17-03-15\/thumbs\/thumbs_jardin-botanico-alunada-17-03-15-17.JPG\"\n\t\t\tdata-image-id=\"149\"\n\t\t\tdata-title=\"OLYMPUS DIGITAL CAMERA\"\n\t\t\tdata-description=\"OLYMPUS DIGITAL CAMERA\"\n\t\t\tclass=\"ngg-fancybox\" rel=\"3a9a90e2a93e17dce1257be181aafedb\">\n\n\t\t\t<img data-image-id='149'\n\t\t\t\ttitle=\"OLYMPUS DIGITAL CAMERA\"\n\t\t\t\talt=\"OLYMPUS DIGITAL CAMERA\"\n\t\t\t\tsrc=\"https:\/\/blogsaverroes.juntadeandalucia.es\/alunada\/wp-content\/uploads\/sites\/629\/nggallery\/jardin-botanico-alunada-v-17-03-15\/jardin-botanico-alunada-17-03-15-17.JPG\"\n\t\t\t\tstyle=\"max-height: 700px;\"\/>\n\t\t<\/a>\n\n\t\t\n\t\t<a href=\"https:\/\/blogsaverroes.juntadeandalucia.es\/alunada\/wp-content\/uploads\/sites\/629\/nggallery\/jardin-botanico-alunada-v-17-03-15\/jardin-botanico-alunada-17-03-15-18.JPG\"\n\t\t\ttitle=\"OLYMPUS DIGITAL CAMERA\"\n\t\t\tdata-src=\"https:\/\/blogsaverroes.juntadeandalucia.es\/alunada\/wp-content\/uploads\/sites\/629\/nggallery\/jardin-botanico-alunada-v-17-03-15\/jardin-botanico-alunada-17-03-15-18.JPG\"\n\t\t\tdata-thumbnail=\"https:\/\/blogsaverroes.juntadeandalucia.es\/alunada\/wp-content\/uploads\/sites\/629\/nggallery\/jardin-botanico-alunada-v-17-03-15\/thumbs\/thumbs_jardin-botanico-alunada-17-03-15-18.JPG\"\n\t\t\tdata-image-id=\"150\"\n\t\t\tdata-title=\"OLYMPUS DIGITAL CAMERA\"\n\t\t\tdata-description=\"OLYMPUS DIGITAL CAMERA\"\n\t\t\tclass=\"ngg-fancybox\" rel=\"3a9a90e2a93e17dce1257be181aafedb\">\n\n\t\t\t<img data-image-id='150'\n\t\t\t\ttitle=\"OLYMPUS DIGITAL CAMERA\"\n\t\t\t\talt=\"OLYMPUS DIGITAL CAMERA\"\n\t\t\t\tsrc=\"https:\/\/blogsaverroes.juntadeandalucia.es\/alunada\/wp-content\/uploads\/sites\/629\/nggallery\/jardin-botanico-alunada-v-17-03-15\/jardin-botanico-alunada-17-03-15-18.JPG\"\n\t\t\t\tstyle=\"max-height: 700px;\"\/>\n\t\t<\/a>\n\n\t\t\n\t\t<a href=\"https:\/\/blogsaverroes.juntadeandalucia.es\/alunada\/wp-content\/uploads\/sites\/629\/nggallery\/jardin-botanico-alunada-v-17-03-15\/jardin-botanico-alunada-17-03-15-19.JPG\"\n\t\t\ttitle=\"OLYMPUS DIGITAL CAMERA\"\n\t\t\tdata-src=\"https:\/\/blogsaverroes.juntadeandalucia.es\/alunada\/wp-content\/uploads\/sites\/629\/nggallery\/jardin-botanico-alunada-v-17-03-15\/jardin-botanico-alunada-17-03-15-19.JPG\"\n\t\t\tdata-thumbnail=\"https:\/\/blogsaverroes.juntadeandalucia.es\/alunada\/wp-content\/uploads\/sites\/629\/nggallery\/jardin-botanico-alunada-v-17-03-15\/thumbs\/thumbs_jardin-botanico-alunada-17-03-15-19.JPG\"\n\t\t\tdata-image-id=\"151\"\n\t\t\tdata-title=\"OLYMPUS DIGITAL CAMERA\"\n\t\t\tdata-description=\"OLYMPUS DIGITAL CAMERA\"\n\t\t\tclass=\"ngg-fancybox\" rel=\"3a9a90e2a93e17dce1257be181aafedb\">\n\n\t\t\t<img data-image-id='151'\n\t\t\t\ttitle=\"OLYMPUS DIGITAL CAMERA\"\n\t\t\t\talt=\"OLYMPUS DIGITAL CAMERA\"\n\t\t\t\tsrc=\"https:\/\/blogsaverroes.juntadeandalucia.es\/alunada\/wp-content\/uploads\/sites\/629\/nggallery\/jardin-botanico-alunada-v-17-03-15\/jardin-botanico-alunada-17-03-15-19.JPG\"\n\t\t\t\tstyle=\"max-height: 700px;\"\/>\n\t\t<\/a>\n\n\t\t\n\t\t<a href=\"https:\/\/blogsaverroes.juntadeandalucia.es\/alunada\/wp-content\/uploads\/sites\/629\/nggallery\/jardin-botanico-alunada-v-17-03-15\/jardin-botanico-alunada-17-03-15-20.JPG\"\n\t\t\ttitle=\"OLYMPUS DIGITAL CAMERA\"\n\t\t\tdata-src=\"https:\/\/blogsaverroes.juntadeandalucia.es\/alunada\/wp-content\/uploads\/sites\/629\/nggallery\/jardin-botanico-alunada-v-17-03-15\/jardin-botanico-alunada-17-03-15-20.JPG\"\n\t\t\tdata-thumbnail=\"https:\/\/blogsaverroes.juntadeandalucia.es\/alunada\/wp-content\/uploads\/sites\/629\/nggallery\/jardin-botanico-alunada-v-17-03-15\/thumbs\/thumbs_jardin-botanico-alunada-17-03-15-20.JPG\"\n\t\t\tdata-image-id=\"152\"\n\t\t\tdata-title=\"OLYMPUS DIGITAL CAMERA\"\n\t\t\tdata-description=\"OLYMPUS DIGITAL CAMERA\"\n\t\t\tclass=\"ngg-fancybox\" rel=\"3a9a90e2a93e17dce1257be181aafedb\">\n\n\t\t\t<img data-image-id='152'\n\t\t\t\ttitle=\"OLYMPUS DIGITAL CAMERA\"\n\t\t\t\talt=\"OLYMPUS DIGITAL CAMERA\"\n\t\t\t\tsrc=\"https:\/\/blogsaverroes.juntadeandalucia.es\/alunada\/wp-content\/uploads\/sites\/629\/nggallery\/jardin-botanico-alunada-v-17-03-15\/jardin-botanico-alunada-17-03-15-20.JPG\"\n\t\t\t\tstyle=\"max-height: 700px;\"\/>\n\t\t<\/a>\n\n\t\t\n\t\t<a href=\"https:\/\/blogsaverroes.juntadeandalucia.es\/alunada\/wp-content\/uploads\/sites\/629\/nggallery\/jardin-botanico-alunada-v-17-03-15\/jardin-botanico-alunada-17-03-15-21.JPG\"\n\t\t\ttitle=\"OLYMPUS DIGITAL CAMERA\"\n\t\t\tdata-src=\"https:\/\/blogsaverroes.juntadeandalucia.es\/alunada\/wp-content\/uploads\/sites\/629\/nggallery\/jardin-botanico-alunada-v-17-03-15\/jardin-botanico-alunada-17-03-15-21.JPG\"\n\t\t\tdata-thumbnail=\"https:\/\/blogsaverroes.juntadeandalucia.es\/alunada\/wp-content\/uploads\/sites\/629\/nggallery\/jardin-botanico-alunada-v-17-03-15\/thumbs\/thumbs_jardin-botanico-alunada-17-03-15-21.JPG\"\n\t\t\tdata-image-id=\"153\"\n\t\t\tdata-title=\"OLYMPUS DIGITAL CAMERA\"\n\t\t\tdata-description=\"OLYMPUS DIGITAL CAMERA\"\n\t\t\tclass=\"ngg-fancybox\" rel=\"3a9a90e2a93e17dce1257be181aafedb\">\n\n\t\t\t<img data-image-id='153'\n\t\t\t\ttitle=\"OLYMPUS DIGITAL CAMERA\"\n\t\t\t\talt=\"OLYMPUS DIGITAL CAMERA\"\n\t\t\t\tsrc=\"https:\/\/blogsaverroes.juntadeandalucia.es\/alunada\/wp-content\/uploads\/sites\/629\/nggallery\/jardin-botanico-alunada-v-17-03-15\/jardin-botanico-alunada-17-03-15-21.JPG\"\n\t\t\t\tstyle=\"max-height: 700px;\"\/>\n\t\t<\/a>\n\n\t\t\n\t\t<a href=\"https:\/\/blogsaverroes.juntadeandalucia.es\/alunada\/wp-content\/uploads\/sites\/629\/nggallery\/jardin-botanico-alunada-v-17-03-15\/jardin-botanico-alunada-17-03-15-22.JPG\"\n\t\t\ttitle=\"OLYMPUS DIGITAL CAMERA\"\n\t\t\tdata-src=\"https:\/\/blogsaverroes.juntadeandalucia.es\/alunada\/wp-content\/uploads\/sites\/629\/nggallery\/jardin-botanico-alunada-v-17-03-15\/jardin-botanico-alunada-17-03-15-22.JPG\"\n\t\t\tdata-thumbnail=\"https:\/\/blogsaverroes.juntadeandalucia.es\/alunada\/wp-content\/uploads\/sites\/629\/nggallery\/jardin-botanico-alunada-v-17-03-15\/thumbs\/thumbs_jardin-botanico-alunada-17-03-15-22.JPG\"\n\t\t\tdata-image-id=\"154\"\n\t\t\tdata-title=\"OLYMPUS DIGITAL CAMERA\"\n\t\t\tdata-description=\"OLYMPUS DIGITAL CAMERA\"\n\t\t\tclass=\"ngg-fancybox\" rel=\"3a9a90e2a93e17dce1257be181aafedb\">\n\n\t\t\t<img data-image-id='154'\n\t\t\t\ttitle=\"OLYMPUS DIGITAL CAMERA\"\n\t\t\t\talt=\"OLYMPUS DIGITAL CAMERA\"\n\t\t\t\tsrc=\"https:\/\/blogsaverroes.juntadeandalucia.es\/alunada\/wp-content\/uploads\/sites\/629\/nggallery\/jardin-botanico-alunada-v-17-03-15\/jardin-botanico-alunada-17-03-15-22.JPG\"\n\t\t\t\tstyle=\"max-height: 700px;\"\/>\n\t\t<\/a>\n\n\t\t\n\t\t<a href=\"https:\/\/blogsaverroes.juntadeandalucia.es\/alunada\/wp-content\/uploads\/sites\/629\/nggallery\/jardin-botanico-alunada-v-17-03-15\/jardin-botanico-alunada-17-03-15-23.JPG\"\n\t\t\ttitle=\"OLYMPUS DIGITAL CAMERA\"\n\t\t\tdata-src=\"https:\/\/blogsaverroes.juntadeandalucia.es\/alunada\/wp-content\/uploads\/sites\/629\/nggallery\/jardin-botanico-alunada-v-17-03-15\/jardin-botanico-alunada-17-03-15-23.JPG\"\n\t\t\tdata-thumbnail=\"https:\/\/blogsaverroes.juntadeandalucia.es\/alunada\/wp-content\/uploads\/sites\/629\/nggallery\/jardin-botanico-alunada-v-17-03-15\/thumbs\/thumbs_jardin-botanico-alunada-17-03-15-23.JPG\"\n\t\t\tdata-image-id=\"155\"\n\t\t\tdata-title=\"OLYMPUS DIGITAL CAMERA\"\n\t\t\tdata-description=\"OLYMPUS DIGITAL CAMERA\"\n\t\t\tclass=\"ngg-fancybox\" rel=\"3a9a90e2a93e17dce1257be181aafedb\">\n\n\t\t\t<img data-image-id='155'\n\t\t\t\ttitle=\"OLYMPUS DIGITAL CAMERA\"\n\t\t\t\talt=\"OLYMPUS DIGITAL CAMERA\"\n\t\t\t\tsrc=\"https:\/\/blogsaverroes.juntadeandalucia.es\/alunada\/wp-content\/uploads\/sites\/629\/nggallery\/jardin-botanico-alunada-v-17-03-15\/jardin-botanico-alunada-17-03-15-23.JPG\"\n\t\t\t\tstyle=\"max-height: 700px;\"\/>\n\t\t<\/a>\n\n\t\t<\/div>\n\n\t\t<!-- Thumbnails Link -->\n\t<div class=\"slideshowlink\" style=\"max-width: 960px;\">\n\t\t<a href='https:\/\/blogsaverroes.juntadeandalucia.es\/alunada\/jardin-botanico-alunada\/nggallery\/thumbnails'>Ver todas<\/a>\n\t<\/div>\n\n<\/p>\n<p><span style=\"font-family: 'comic sans ms', sans-serif; font-size: 12pt;\">\u00a0<\/span><\/p>\n<p><span style=\"font-family: 'comic sans ms', sans-serif; font-size: 12pt;\">\u00a0<\/span><\/p>\n","protected":false},"excerpt":{"rendered":"<p>Tras la consecuci\u00f3n de la construcci\u00f3n de un huerto escolar de bancales con el dise\u00f1o que se le sugiri\u00f3 a los trabajadores del Excmo. Ayuntamiento, donde la practicidad y eficacia era la prioridad, ya que los alumnos deber\u00edan de tener&#46;&#46;&#46;<\/p>\n","protected":false},"author":1514,"featured_media":803,"comment_status":"open","ping_status":"open","sticky":false,"template":"","format":"standard","meta":{"ngg_post_thumbnail":0,"footnotes":""},"categories":[5991,185,24706],"tags":[49033,49032,8599],"aioseo_notices":[],"_links":{"self":[{"href":"https:\/\/blogsaverroes.juntadeandalucia.es\/alunada\/wp-json\/wp\/v2\/posts\/749"}],"collection":[{"href":"https:\/\/blogsaverroes.juntadeandalucia.es\/alunada\/wp-json\/wp\/v2\/posts"}],"about":[{"href":"https:\/\/blogsaverroes.juntadeandalucia.es\/alunada\/wp-json\/wp\/v2\/types\/post"}],"author":[{"embeddable":true,"href":"https:\/\/blogsaverroes.juntadeandalucia.es\/alunada\/wp-json\/wp\/v2\/users\/1514"}],"replies":[{"embeddable":true,"href":"https:\/\/blogsaverroes.juntadeandalucia.es\/alunada\/wp-json\/wp\/v2\/comments?post=749"}],"version-history":[{"count":4,"href":"https:\/\/blogsaverroes.juntadeandalucia.es\/alunada\/wp-json\/wp\/v2\/posts\/749\/revisions"}],"predecessor-version":[{"id":802,"href":"https:\/\/blogsaverroes.juntadeandalucia.es\/alunada\/wp-json\/wp\/v2\/posts\/749\/revisions\/802"}],"wp:featuredmedia":[{"embeddable":true,"href":"https:\/\/blogsaverroes.juntadeandalucia.es\/alunada\/wp-json\/wp\/v2\/media\/803"}],"wp:attachment":[{"href":"https:\/\/blogsaverroes.juntadeandalucia.es\/alunada\/wp-json\/wp\/v2\/media?parent=749"}],"wp:term":[{"taxonomy":"category","embeddable":true,"href":"https:\/\/blogsaverroes.juntadeandalucia.es\/alunada\/wp-json\/wp\/v2\/categories?post=749"},{"taxonomy":"post_tag","embeddable":true,"href":"https:\/\/blogsaverroes.juntadeandalucia.es\/alunada\/wp-json\/wp\/v2\/tags?post=749"}],"curies":[{"name":"wp","href":"https:\/\/api.w.org\/{rel}","templated":true}]}}