{"id":964,"date":"2015-09-09T11:13:05","date_gmt":"2015-09-09T11:13:05","guid":{"rendered":"http:\/\/blogsaverroes.juntadeandalucia.es\/alunada\/?p=964"},"modified":"2015-09-09T11:28:44","modified_gmt":"2015-09-09T11:28:44","slug":"inicio-del-curso-2015-2016","status":"publish","type":"post","link":"https:\/\/blogsaverroes.juntadeandalucia.es\/alunada\/inicio-del-curso-2015-2016\/","title":{"rendered":"Inicio del curso 2015-2016"},"content":{"rendered":"<h1 style=\"text-align: justify;\">CURSO 2.015\/2.016<\/h1>\n<p style=\"text-align: justify;\"><strong>El jueves 10 de septiembre de 2.015<\/strong>, el CEIP La Alunada comienza un nuevo curso escolar con un horario de adaptaci\u00f3n <span style=\"color: #ff0000;\">el primer d\u00eda de clase donde se entrar\u00e1 a las 12 y se saldr\u00e1 a las 14 horas<\/span>. El d\u00eda siguiente, viernes 11, tendremos ya el horario normal donde la entrada ser\u00e1 a las 9 horas y la salida a las 14 horas.<\/p>\n<p style=\"text-align: justify;\">El horario de <strong>tutor\u00eda<\/strong> durante el mes de septiembre se realizar\u00e1 los martes de 14 a 15 horas.<\/p>\n<p style=\"text-align: justify;\">Damos la bienvenida a la plantilla del Centro de cuatro <strong>nuevos\/as compa\u00f1eros\/as:<\/strong><\/p>\n<ul style=\"text-align: justify;\">\n<li>D\u00aa. Mar\u00eda del Roc\u00edo Gallego Fern\u00e1ndez. Profesora de 4\u00ba A, especialista de M\u00fasica.<\/li>\n<li>D\u00aa. Mar\u00eda del Carmen Rega\u00f1a Salas. Profesora de 1\u00ba B. Educaci\u00f3n Primaria.<\/li>\n<li>D\u00aa. Lourdes Le\u00f3n Jim\u00e9nez. Profesora de 1\u00ba C. Educaci\u00f3n Primaria.<\/li>\n<li>D. Francisco Javier Pineda Ben\u00edtez. Profesor de 1\u00ba A. Educaci\u00f3n Primaria.<\/li>\n<\/ul>\n<p style=\"text-align: justify;\">Con estos nuevos\/as compa\u00f1eros\/as tenemos un Claustro formado por 26 profesores.<\/p>\n<p style=\"text-align: justify;\">En este curso que comenzamos tenemos como novedad un \u00e1rea nueva en 6\u00ba curso de Educaci\u00f3n Primaria llamada <strong>Cultura y pr\u00e1ctica digital<\/strong> que se impartir\u00e1 en dos sesiones de 45 minutos, lo que supone 1,30 horas a la semana. Mientras que <strong>Ciudadan\u00eda<\/strong> se mantiene en los curso de 5\u00ba de Educaci\u00f3n Primaria.<\/p>\n<p style=\"text-align: justify;\">Tambi\u00e9n tenemos un nuevo programa \u201c<strong>Creciendo en salud<\/strong>\u201d que engloba los programas de a\u00f1os anteriores: Aprende a sonreir, Alimentaci\u00f3n saludable y Mira. Este nuevo programa se desarrolla sobre tres l\u00edneas: Educaci\u00f3n emocional, H\u00e1bitos saludables y Uso seguro de las T.I.C.<\/p>\n<p style=\"text-align: justify;\">Este a\u00f1o contamos con tres cursos de Primero y con tres de Sexto de Educaci\u00f3n Primaria.<\/p>\n","protected":false},"excerpt":{"rendered":"<p>CURSO 2.015\/2.016 El jueves 10 de septiembre de 2.015, el CEIP La Alunada comienza un nuevo curso escolar con un horario de adaptaci\u00f3n el primer d\u00eda de clase donde se entrar\u00e1 a las 12 y se saldr\u00e1 a las 14&#46;&#46;&#46;<\/p>\n","protected":false},"author":1514,"featured_media":970,"comment_status":"open","ping_status":"open","sticky":false,"template":"","format":"standard","meta":{"ngg_post_thumbnail":0,"footnotes":""},"categories":[2238,7051,304857,20294,48458],"tags":[32458,304868,190,49041,2091,60754,60752,4276,16,1328],"aioseo_notices":[],"_links":{"self":[{"href":"https:\/\/blogsaverroes.juntadeandalucia.es\/alunada\/wp-json\/wp\/v2\/posts\/964"}],"collection":[{"href":"https:\/\/blogsaverroes.juntadeandalucia.es\/alunada\/wp-json\/wp\/v2\/posts"}],"about":[{"href":"https:\/\/blogsaverroes.juntadeandalucia.es\/alunada\/wp-json\/wp\/v2\/types\/post"}],"author":[{"embeddable":true,"href":"https:\/\/blogsaverroes.juntadeandalucia.es\/alunada\/wp-json\/wp\/v2\/users\/1514"}],"replies":[{"embeddable":true,"href":"https:\/\/blogsaverroes.juntadeandalucia.es\/alunada\/wp-json\/wp\/v2\/comments?post=964"}],"version-history":[{"count":5,"href":"https:\/\/blogsaverroes.juntadeandalucia.es\/alunada\/wp-json\/wp\/v2\/posts\/964\/revisions"}],"predecessor-version":[{"id":969,"href":"https:\/\/blogsaverroes.juntadeandalucia.es\/alunada\/wp-json\/wp\/v2\/posts\/964\/revisions\/969"}],"wp:featuredmedia":[{"embeddable":true,"href":"https:\/\/blogsaverroes.juntadeandalucia.es\/alunada\/wp-json\/wp\/v2\/media\/970"}],"wp:attachment":[{"href":"https:\/\/blogsaverroes.juntadeandalucia.es\/alunada\/wp-json\/wp\/v2\/media?parent=964"}],"wp:term":[{"taxonomy":"category","embeddable":true,"href":"https:\/\/blogsaverroes.juntadeandalucia.es\/alunada\/wp-json\/wp\/v2\/categories?post=964"},{"taxonomy":"post_tag","embeddable":true,"href":"https:\/\/blogsaverroes.juntadeandalucia.es\/alunada\/wp-json\/wp\/v2\/tags?post=964"}],"curies":[{"name":"wp","href":"https:\/\/api.w.org\/{rel}","templated":true}]}}