{"id":215,"date":"2017-11-08T13:31:48","date_gmt":"2017-11-08T13:31:48","guid":{"rendered":"http:\/\/blogsaverroes.juntadeandalucia.es\/ambitocientificotecnico\/?p=215"},"modified":"2017-11-08T19:34:08","modified_gmt":"2017-11-08T19:34:08","slug":"motivacion-docente","status":"publish","type":"post","link":"https:\/\/blogsaverroes.juntadeandalucia.es\/ambitocientificotecnico\/motivacion-docente\/","title":{"rendered":"Motivaci\u00f3n docente"},"content":{"rendered":"<p><img loading=\"lazy\" decoding=\"async\" class=\"alignnone size-full wp-image-220\" src=\"https:\/\/blogsaverroes.juntadeandalucia.es\/ambitocientificotecnico\/files\/2017\/11\/stickandcarrot.jpg\" alt=\"\" width=\"600\" height=\"300\" srcset=\"https:\/\/blogsaverroes.juntadeandalucia.es\/ambitocientificotecnico\/files\/2017\/11\/stickandcarrot.jpg 600w, https:\/\/blogsaverroes.juntadeandalucia.es\/ambitocientificotecnico\/files\/2017\/11\/stickandcarrot-300x150.jpg 300w, https:\/\/blogsaverroes.juntadeandalucia.es\/ambitocientificotecnico\/files\/2017\/11\/stickandcarrot-24x12.jpg 24w, https:\/\/blogsaverroes.juntadeandalucia.es\/ambitocientificotecnico\/files\/2017\/11\/stickandcarrot-36x18.jpg 36w, https:\/\/blogsaverroes.juntadeandalucia.es\/ambitocientificotecnico\/files\/2017\/11\/stickandcarrot-48x24.jpg 48w\" sizes=\"(max-width: 600px) 100vw, 600px\" \/><\/p>\n<p>Este no es un post de dif\u00edcil lectura, aunque s\u00ed creo que pueda llevar a malentendidos. El mensaje que de aqu\u00ed se saca va dirigido especialmente a aquellos equipos directivos y responsables de formaci\u00f3n que agradecer\u00edan&nbsp;alguna orientaci\u00f3n sobre c\u00f3mo gestionar sus recursos humanos. Sin m\u00e1s, se trata de concienciar sobre lo importante que es motivar a un equipo y cada individuo, de tener en cuenta lo que sabemos hacer bien y potenciarlo, de conocer a las personas, de velar por que todos rememos en la misma direcci\u00f3n y, c\u00f3mo no, tener esa direcci\u00f3n clara. No debemos olvidar que si sabemos d\u00f3nde poner nuestro esfuerzo, ahorraremos tambi\u00e9n mucha energ\u00eda. En <em>\u201cLa sorprendente verdad sobre lo que nos motiva\u201d<\/em>, Daniel Pink [1]&nbsp;arroja conclusiones clave sobre el rendimiento de los entornos productivos. Una idea muy interesante que sostiene el autor es que las tareas que requieren de creatividad, inspiraci\u00f3n y reflexi\u00f3n (tareas intelectuales de alto nivel) no se mejoran con recompensas econ\u00f3micas, al contrario que las tareas mec\u00e1nicas o f\u00edsicas, en las que el paradigma stick-&amp;-carrot (el palo y la zanahoria, de ah\u00ed la imagen de cabecera: no se ofendan&#8230;) s\u00ed funciona.<\/p>\n[youtube https:\/\/www.youtube.com\/watch?v=rrkrvAUbU9Y&amp;w=560&amp;h=315]\n<p>&nbsp;<\/p>\n<p>Para alcanzar mejores resultados en las tareas intelectuales se debe promover un entorno c\u00f3modo, y contar con tres ingredientes clave: <strong>autonom\u00eda, maestr\u00eda y prop\u00f3sito<\/strong>. Llevado a la docencia, podr\u00edamos establecer que la motivaci\u00f3n docente est\u00e1 basada en elementos intr\u00ednsecos del trabajo como son el reto intelectual, la autonom\u00eda, la libertad para probar nuevas ideas, el desarrollo de la competencia profesional y la oportunidad de crecer personalmente, el sentir que se beneficia a la sociedad influyendo en la educaci\u00f3n de ni\u00f1os y j\u00f3venes, y el desarrollo de la creatividad.<\/p>\n<blockquote><p>la motivaci\u00f3n docente est\u00e1&nbsp;relacionada con sentir que se beneficia a la sociedad influyendo en la educaci\u00f3n de ni\u00f1os y j\u00f3venes<\/p><\/blockquote>\n<p>La realidad individual de cada miembro del colectivo docente es muy distinta, pero son muchos los que adolecen, por motivos de sobra justificados, de obst\u00e1culos parecidos a la hora de intentar mejorar su pr\u00e1ctica: falta de tiempo, de reconocimiento, desconocimiento de pr\u00e1cticas de \u00e9xito, falta de recursos&#8230; Se requiere de mucho esfuerzo para remar a contracorriente y no son muchos los argumentos que se pueden dar a favor a quienes no cuentan con esta motivaci\u00f3n intr\u00ednseca. Everett Rogers, propon\u00eda en 1983 una distribuci\u00f3n normal(siguiente figura) en la que identificaba qu\u00e9 proporciones de personas tienen diversas actitudes ante la adopci\u00f3n de una medida innovadora que ha de transformar sus pr\u00e1cticas profesionales [2]. El autor defiende que tratar de convencer a toda una organizaci\u00f3n de un cambio es in\u00fatil; el esfuerzo debe centrarse en los dos primeros cortes: los m\u00e1s innovadores. El resto necesitan de ejemplos directos y evidencias cercanas para convencerse, incluso podr\u00edan requerir de la <em>pedagog\u00eda v\u00edrica<\/em> que propone <a href=\"https:\/\/twitter.com\/leonidasarjona\">Pepe Arjona<\/a> [3]. En cualquier caso, el cambio se propagar\u00e1 mucho m\u00e1s r\u00e1pido una vez se haya alcanzado la \u201cmasa cr\u00edtica\u201d y, a\u00fan as\u00ed, existe un amplio sector rezagado, al que dif\u00edcilmente se podr\u00e1 motivar: no malgastemos esfuerzos.<\/p>\n<div class=\"mceTemp\">&nbsp;<\/div>\n<div id=\"attachment_217\" style=\"width: 1024px\" class=\"wp-caption alignnone\"><img loading=\"lazy\" decoding=\"async\" aria-describedby=\"caption-attachment-217\" class=\"size-full wp-image-217\" src=\"https:\/\/blogsaverroes.juntadeandalucia.es\/ambitocientificotecnico\/files\/2017\/11\/everettrogers.png\" alt=\"\" width=\"1014\" height=\"420\" srcset=\"https:\/\/blogsaverroes.juntadeandalucia.es\/ambitocientificotecnico\/files\/2017\/11\/everettrogers.png 1014w, https:\/\/blogsaverroes.juntadeandalucia.es\/ambitocientificotecnico\/files\/2017\/11\/everettrogers-300x124.png 300w, https:\/\/blogsaverroes.juntadeandalucia.es\/ambitocientificotecnico\/files\/2017\/11\/everettrogers-768x318.png 768w, https:\/\/blogsaverroes.juntadeandalucia.es\/ambitocientificotecnico\/files\/2017\/11\/everettrogers-24x10.png 24w, https:\/\/blogsaverroes.juntadeandalucia.es\/ambitocientificotecnico\/files\/2017\/11\/everettrogers-36x15.png 36w, https:\/\/blogsaverroes.juntadeandalucia.es\/ambitocientificotecnico\/files\/2017\/11\/everettrogers-48x20.png 48w\" sizes=\"(max-width: 1014px) 100vw, 1014px\" \/><p id=\"caption-attachment-217\" class=\"wp-caption-text\">Curva de difusi\u00f3n y adopci\u00f3n de la innovaci\u00f3n (Everett Rogers, 1983)<\/p><\/div>\n<p>Frecuentemente, los docentes nos sentimos blanco de las cr\u00edticas cuando las cosas no funcionan, pues se dice que si no funcionan es porque no nos adaptamos a nuestros nuevos roles. Desde hace alg\u00fan tiempo venimos acusando un cierto desprestigio de la profesi\u00f3n, con p\u00e9rdida de estatus y respeto y aumento de cr\u00edtica p\u00fablica. Nos sentimos como marionetas movidos por fuerzas extra\u00f1as: la pol\u00edtica, el gobierno, los inspectores, las familias, cuando precisamente para la motivaci\u00f3n es muy importante sentirse <strong>\u00abpersona origen\u201d<\/strong>[4].<\/p>\n<blockquote><p>ninguna reforma educativa tiene \u00e9xito contra los profesores o sin su participaci\u00f3n<\/p><\/blockquote>\n<p>Los docentes vocacionales implican tanto su sentido de identidad personal en el trabajo y se encuentran tan moralmente comprometidos en la ense\u00f1anza, que cuando son puestos bajo presi\u00f3n por fuerzas externas, que les llevan a actuar en formas contrarias a sus valores y a su sentido de identidad, se sienten estresados, con sentimiento de culpa y p\u00e9rdida de autoestima. La motivaci\u00f3n del profesorado, por tanto, es un problema necesario de abordar, ya que, como sostiene el <em>informe Delors<\/em>: \u201cninguna reforma educativa tiene \u00e9xito contra los profesores o sin su participaci\u00f3n\u201d [5].<\/p>\n<p><strong>El docente motivado<\/strong> debe contar con apoyo afectivo, hay que poner su trabajo en valor, si cuenta con buenas pr\u00e1cticas, hay que difundirlas, situarlo como referente entre sus iguales, se le debe prestar especial atenci\u00f3n, debe ser escuchado, sus opiniones tenidas en cuenta, se debe apoyar su autonom\u00eda y <strong>se le deben procurar medios para la mejora permanente de su competencia<\/strong>. Estas son metas a alcanzar por el sistema educativo y particularmente por los equipos directivos responsables del \u201cliderazgo transformacional\u201d, por supuesto, con el apoyo de la red de formaci\u00f3n de nuestra Comunidad Aut\u00f3noma.<\/p>\n<h2>Referencias<\/h2>\n<ol>\n<li><span style=\"color: #808080\">Pink, D.H. (2010). La sorprendente verdad sobre lo que nos motiva.<\/span><\/li>\n<li><span style=\"color: #808080\">Rogers, E. M. (1983). \u201cDiffusion of Innovations\u201d.<\/span><\/li>\n<li><span style=\"color: #808080\">Arjona, J. (2016). Pedagog\u00eda V\u00edrica. <a style=\"color: #808080\" href=\"http:\/\/www.juntadeandalucia.es\/educacion\/webportal\/web\/revista-andalucia-educativa\/contenidos\/-\/contenidos\/detalle\/4-pedagogia-virica-1\">Revista Andaluc\u00eda Educativa<\/a>.&nbsp;<\/span><\/li>\n<li><span style=\"color: #808080\">Gonz\u00e1lez Torres, M.Cn. (2003). Claves para favorecer la motivaci\u00f3n de los profesores ante los retos educativos actuales. ESE. Estudios sobre educaci\u00f3n. N\u00ba 5, pp.61-83<\/span><\/li>\n<li><span style=\"color: #808080\">Delors, J. (1996). La Educaci\u00f3n Encierra un Tesoro.<\/span><\/li>\n<\/ol>\n<p>&nbsp;<\/p>\n","protected":false},"excerpt":{"rendered":"<p>Este no es un post de dif\u00edcil lectura, aunque s\u00ed creo que pueda llevar a malentendidos. El mensaje que de aqu\u00ed se saca va dirigido especialmente a aquellos equipos directivos y responsables de formaci\u00f3n&#46;&#46;&#46;<\/p>\n","protected":false},"author":3851,"featured_media":220,"comment_status":"open","ping_status":"open","sticky":false,"template":"","format":"standard","meta":{"ngg_post_thumbnail":0,"footnotes":""},"categories":[168],"tags":[],"aioseo_notices":[],"_links":{"self":[{"href":"https:\/\/blogsaverroes.juntadeandalucia.es\/ambitocientificotecnico\/wp-json\/wp\/v2\/posts\/215"}],"collection":[{"href":"https:\/\/blogsaverroes.juntadeandalucia.es\/ambitocientificotecnico\/wp-json\/wp\/v2\/posts"}],"about":[{"href":"https:\/\/blogsaverroes.juntadeandalucia.es\/ambitocientificotecnico\/wp-json\/wp\/v2\/types\/post"}],"author":[{"embeddable":true,"href":"https:\/\/blogsaverroes.juntadeandalucia.es\/ambitocientificotecnico\/wp-json\/wp\/v2\/users\/3851"}],"replies":[{"embeddable":true,"href":"https:\/\/blogsaverroes.juntadeandalucia.es\/ambitocientificotecnico\/wp-json\/wp\/v2\/comments?post=215"}],"version-history":[{"count":15,"href":"https:\/\/blogsaverroes.juntadeandalucia.es\/ambitocientificotecnico\/wp-json\/wp\/v2\/posts\/215\/revisions"}],"predecessor-version":[{"id":234,"href":"https:\/\/blogsaverroes.juntadeandalucia.es\/ambitocientificotecnico\/wp-json\/wp\/v2\/posts\/215\/revisions\/234"}],"wp:featuredmedia":[{"embeddable":true,"href":"https:\/\/blogsaverroes.juntadeandalucia.es\/ambitocientificotecnico\/wp-json\/wp\/v2\/media\/220"}],"wp:attachment":[{"href":"https:\/\/blogsaverroes.juntadeandalucia.es\/ambitocientificotecnico\/wp-json\/wp\/v2\/media?parent=215"}],"wp:term":[{"taxonomy":"category","embeddable":true,"href":"https:\/\/blogsaverroes.juntadeandalucia.es\/ambitocientificotecnico\/wp-json\/wp\/v2\/categories?post=215"},{"taxonomy":"post_tag","embeddable":true,"href":"https:\/\/blogsaverroes.juntadeandalucia.es\/ambitocientificotecnico\/wp-json\/wp\/v2\/tags?post=215"}],"curies":[{"name":"wp","href":"https:\/\/api.w.org\/{rel}","templated":true}]}}