{"id":3052,"date":"2015-12-17T10:47:25","date_gmt":"2015-12-17T10:47:25","guid":{"rendered":"http:\/\/blogsaverroes.juntadeandalucia.es\/ampaolea\/?p=3052"},"modified":"2015-12-17T10:54:28","modified_gmt":"2015-12-17T10:54:28","slug":"almanaques-2016","status":"publish","type":"post","link":"https:\/\/blogsaverroes.juntadeandalucia.es\/ampaolea\/2015\/12\/17\/almanaques-2016\/","title":{"rendered":"ALMANAQUES 2016"},"content":{"rendered":"<p>Ya tenemos nuestro calendario del colegio. Se han hecho dos tipos, uno por grupos de clase en A4, y otro con todas las clases en formato A3.<br \/>\nEsperamos que los disfruteis. Los ni\u00f1os\/as, los profes, y las colaboradoras que trabajamos aquel d\u00eda, nos divertimos much\u00edsimo. <a href=\"http:\/\/blogsaverroes.juntadeandalucia.es\/ampaolea\/files\/2015\/12\/ALMANAQUEPRIMEROlluvia.jpg\"><img loading=\"lazy\" decoding=\"async\" class=\"alignright size-thumbnail wp-image-3055\" src=\"http:\/\/blogsaverroes.juntadeandalucia.es\/ampaolea\/files\/2015\/12\/ALMANAQUEPRIMEROlluvia-150x150.jpg\" alt=\"ALMANAQUEPRIMEROlluvia\" width=\"150\" height=\"150\" srcset=\"https:\/\/blogsaverroes.juntadeandalucia.es\/ampaolea\/files\/2015\/12\/ALMANAQUEPRIMEROlluvia-150x150.jpg 150w, https:\/\/blogsaverroes.juntadeandalucia.es\/ampaolea\/files\/2015\/12\/ALMANAQUEPRIMEROlluvia-100x100.jpg 100w, https:\/\/blogsaverroes.juntadeandalucia.es\/ampaolea\/files\/2015\/12\/ALMANAQUEPRIMEROlluvia-432x432.jpg 432w, https:\/\/blogsaverroes.juntadeandalucia.es\/ampaolea\/files\/2015\/12\/ALMANAQUEPRIMEROlluvia-268x268.jpg 268w\" sizes=\"(max-width: 150px) 100vw, 150px\" \/><\/a><br \/>\nOs recordamos que todo se ha hecho con el tiempo y trabajo de madres y padres voluntarios, incluso el propio padre fot\u00f3grafo, que se pidi\u00f3 unas horas en el trabajo a cambio de nada&#8230; bueno s\u00ed,&#8230; \u00a1\u00a1\u00a1\u00e9l, tambi\u00e9n se lo pas\u00f3 genial!!<\/p>\n<p>A la hora de escoger cada foto, se ha dado prioridad a una foto divertida en la que al mismo tiempo, se vieran todas las caras.\u00a0 En algunos cursos no ha sido posible, de tal modo que optamos por poner la foto divertida en el almanaque com\u00fan, y la foto que aparecen todos, en el almanaque de clase. Es por ello que las im\u00e1genes escogidas de sexto, tercero, y primero, son diferentes en un calendario y en otro<\/p>\n<p><a href=\"http:\/\/blogsaverroes.juntadeandalucia.es\/ampaolea\/files\/2015\/12\/PROFESreducida.jpg\"><img loading=\"lazy\" decoding=\"async\" class=\"aligncenter size-medium wp-image-3054\" src=\"http:\/\/blogsaverroes.juntadeandalucia.es\/ampaolea\/files\/2015\/12\/PROFESreducida-300x212.jpg\" alt=\"PROFESreducida\" width=\"300\" height=\"212\" srcset=\"https:\/\/blogsaverroes.juntadeandalucia.es\/ampaolea\/files\/2015\/12\/PROFESreducida-300x212.jpg 300w, https:\/\/blogsaverroes.juntadeandalucia.es\/ampaolea\/files\/2015\/12\/PROFESreducida-700x495.jpg 700w, https:\/\/blogsaverroes.juntadeandalucia.es\/ampaolea\/files\/2015\/12\/PROFESreducida.jpg 1000w\" sizes=\"(max-width: 300px) 100vw, 300px\" \/><\/a><\/p>\n","protected":false},"excerpt":{"rendered":"<p>Ya tenemos nuestro calendario del colegio. Se han hecho dos tipos, uno por grupos de clase en A4, y otro con todas las clases en formato A3. Esperamos que los disfruteis. Los ni\u00f1os\/as, los&#46;&#46;&#46;<\/p>\n","protected":false},"author":1806,"featured_media":3056,"comment_status":"closed","ping_status":"open","sticky":false,"template":"","format":"standard","meta":{"ngg_post_thumbnail":0,"footnotes":""},"categories":[32,526,5852,28],"tags":[],"aioseo_notices":[],"_links":{"self":[{"href":"https:\/\/blogsaverroes.juntadeandalucia.es\/ampaolea\/wp-json\/wp\/v2\/posts\/3052"}],"collection":[{"href":"https:\/\/blogsaverroes.juntadeandalucia.es\/ampaolea\/wp-json\/wp\/v2\/posts"}],"about":[{"href":"https:\/\/blogsaverroes.juntadeandalucia.es\/ampaolea\/wp-json\/wp\/v2\/types\/post"}],"author":[{"embeddable":true,"href":"https:\/\/blogsaverroes.juntadeandalucia.es\/ampaolea\/wp-json\/wp\/v2\/users\/1806"}],"replies":[{"embeddable":true,"href":"https:\/\/blogsaverroes.juntadeandalucia.es\/ampaolea\/wp-json\/wp\/v2\/comments?post=3052"}],"version-history":[{"count":6,"href":"https:\/\/blogsaverroes.juntadeandalucia.es\/ampaolea\/wp-json\/wp\/v2\/posts\/3052\/revisions"}],"predecessor-version":[{"id":3061,"href":"https:\/\/blogsaverroes.juntadeandalucia.es\/ampaolea\/wp-json\/wp\/v2\/posts\/3052\/revisions\/3061"}],"wp:featuredmedia":[{"embeddable":true,"href":"https:\/\/blogsaverroes.juntadeandalucia.es\/ampaolea\/wp-json\/wp\/v2\/media\/3056"}],"wp:attachment":[{"href":"https:\/\/blogsaverroes.juntadeandalucia.es\/ampaolea\/wp-json\/wp\/v2\/media?parent=3052"}],"wp:term":[{"taxonomy":"category","embeddable":true,"href":"https:\/\/blogsaverroes.juntadeandalucia.es\/ampaolea\/wp-json\/wp\/v2\/categories?post=3052"},{"taxonomy":"post_tag","embeddable":true,"href":"https:\/\/blogsaverroes.juntadeandalucia.es\/ampaolea\/wp-json\/wp\/v2\/tags?post=3052"}],"curies":[{"name":"wp","href":"https:\/\/api.w.org\/{rel}","templated":true}]}}