{"id":3672,"date":"2016-05-24T11:01:15","date_gmt":"2016-05-24T11:01:15","guid":{"rendered":"http:\/\/blogsaverroes.juntadeandalucia.es\/ampaolea\/?p=3672"},"modified":"2016-05-24T11:05:23","modified_gmt":"2016-05-24T11:05:23","slug":"martes-cultural-31-de-mayo","status":"publish","type":"post","link":"https:\/\/blogsaverroes.juntadeandalucia.es\/ampaolea\/2016\/05\/24\/martes-cultural-31-de-mayo\/","title":{"rendered":"Martes cultural &#8211; 31 de mayo"},"content":{"rendered":"<p>Tendremos el \u00faltimo martes cultural, \u00a0el pr\u00f3ximo martes 31 de mayo. Contaremos con:<br \/>\n<strong>17h.: ESCUELA DE FAMILIA : \u00abcierre del curso, conclusiones y planificaci\u00f3n del pr\u00f3ximo curso\u00bb<br \/>\n18.30h.: ACTIVIDAD CULTURAL:<br \/>\n<\/strong><strong>&#8211; Ultima edici\u00f3n de JUNIOR TV, <\/strong>presentado en directo por los alumnos y alumnas<strong><br \/>\n&#8211; FOTOGRAFIA Y BOMBEROS:<\/strong> Adem\u00e1s de la actividad que los ni\u00f1os disfruten por la ma\u00f1ana, por la tarde, todos, conoceremos al director de\u00a0fotograf\u00eda\u00a0y al protagonista del documental\u00a0\u00abLa vida en llamas\u00bb, adem\u00e1s de a dos de los bomberos que atendieron en Grecia a personas en situaciones desesperada<\/p>\n<p>Consulta la<a href=\"http:\/\/blogsaverroes.juntadeandalucia.es\/ampaolea\/files\/2016\/05\/Martes-cultural-31mayo-circular.jpg\" target=\"_blank\"> circular oficial <\/a>que el Colegio nos ha enviado por los grupos de whatsapp oficiales, informando sobre este evento<br \/>\nPuedes ver m\u00e1s informaci\u00f3n relacionada en:<br \/>\n<a href=\"http:\/\/juniortv5colenuevo.blogspot.com.es\/\">http:\/\/juniortv5colenuevo.blogspot.com.es\/<\/a><br \/>\n<a href=\"http:\/\/www.discoverymax.marca.com\/series\/supervivencia\/la-vida-en-llamas\/episodios-completos\/\" target=\"_blank\">http:\/\/www.discoverymax.marca.com\/series\/supervivencia\/la-vida-en-llamas\/episodios-completos\/<\/a><\/p>\n","protected":false},"excerpt":{"rendered":"<p>Tendremos el \u00faltimo martes cultural, \u00a0el pr\u00f3ximo martes 31 de mayo. Contaremos con: 17h.: ESCUELA DE FAMILIA : \u00abcierre del curso, conclusiones y planificaci\u00f3n del pr\u00f3ximo curso\u00bb 18.30h.: ACTIVIDAD CULTURAL: &#8211; Ultima edici\u00f3n de&#46;&#46;&#46;<\/p>\n","protected":false},"author":1806,"featured_media":3674,"comment_status":"closed","ping_status":"open","sticky":false,"template":"","format":"standard","meta":{"ngg_post_thumbnail":0,"footnotes":""},"categories":[32,5852,28,311059],"tags":[],"aioseo_notices":[],"_links":{"self":[{"href":"https:\/\/blogsaverroes.juntadeandalucia.es\/ampaolea\/wp-json\/wp\/v2\/posts\/3672"}],"collection":[{"href":"https:\/\/blogsaverroes.juntadeandalucia.es\/ampaolea\/wp-json\/wp\/v2\/posts"}],"about":[{"href":"https:\/\/blogsaverroes.juntadeandalucia.es\/ampaolea\/wp-json\/wp\/v2\/types\/post"}],"author":[{"embeddable":true,"href":"https:\/\/blogsaverroes.juntadeandalucia.es\/ampaolea\/wp-json\/wp\/v2\/users\/1806"}],"replies":[{"embeddable":true,"href":"https:\/\/blogsaverroes.juntadeandalucia.es\/ampaolea\/wp-json\/wp\/v2\/comments?post=3672"}],"version-history":[{"count":5,"href":"https:\/\/blogsaverroes.juntadeandalucia.es\/ampaolea\/wp-json\/wp\/v2\/posts\/3672\/revisions"}],"predecessor-version":[{"id":3678,"href":"https:\/\/blogsaverroes.juntadeandalucia.es\/ampaolea\/wp-json\/wp\/v2\/posts\/3672\/revisions\/3678"}],"wp:featuredmedia":[{"embeddable":true,"href":"https:\/\/blogsaverroes.juntadeandalucia.es\/ampaolea\/wp-json\/wp\/v2\/media\/3674"}],"wp:attachment":[{"href":"https:\/\/blogsaverroes.juntadeandalucia.es\/ampaolea\/wp-json\/wp\/v2\/media?parent=3672"}],"wp:term":[{"taxonomy":"category","embeddable":true,"href":"https:\/\/blogsaverroes.juntadeandalucia.es\/ampaolea\/wp-json\/wp\/v2\/categories?post=3672"},{"taxonomy":"post_tag","embeddable":true,"href":"https:\/\/blogsaverroes.juntadeandalucia.es\/ampaolea\/wp-json\/wp\/v2\/tags?post=3672"}],"curies":[{"name":"wp","href":"https:\/\/api.w.org\/{rel}","templated":true}]}}