{"id":6809,"date":"2018-11-09T12:56:07","date_gmt":"2018-11-09T12:56:07","guid":{"rendered":"https:\/\/blogsaverroes.juntadeandalucia.es\/ampaolea\/?p=6809"},"modified":"2018-11-09T13:29:16","modified_gmt":"2018-11-09T13:29:16","slug":"asamblea-de-ampa","status":"publish","type":"post","link":"https:\/\/blogsaverroes.juntadeandalucia.es\/ampaolea\/2018\/11\/09\/asamblea-de-ampa\/","title":{"rendered":"ASAMBLEA de  AMPA"},"content":{"rendered":"<p>El <strong>martes 20 de noviembre, a las 17h,<\/strong> tendremos nuestra ASAMBLEA ANUAL a la que invitamos a todas las familias socias o no socias de este AMPA. Se expondr\u00e1n la memoria de actuaciones y actividades del curso pasado, las inversiones, objetivos pendientes, etc. Se invitar\u00e1 a los asistentes a la participaci\u00f3n y a la aportaci\u00f3n de ideas o proyectos.<\/p>\n<p>Entre los puntos a tratar tambien se presentar\u00e1 la nueva Junta Directiva.<\/p>\n<p>\u00a1\u00a1 Gracias por asistir !!<\/p>\n<p><a href=\"https:\/\/blogsaverroes.juntadeandalucia.es\/ampaolea\/files\/2018\/11\/Cartel-Asamblea-2018-11-20-1.jpg\" target=\"_blank\" rel=\"noopener\"><img loading=\"lazy\" decoding=\"async\" class=\"aligncenter size-medium wp-image-6811\" src=\"https:\/\/blogsaverroes.juntadeandalucia.es\/ampaolea\/files\/2018\/11\/Cartel-Asamblea-2018-11-20-1-300x212.jpg\" alt=\"\" width=\"300\" height=\"212\" srcset=\"https:\/\/blogsaverroes.juntadeandalucia.es\/ampaolea\/files\/2018\/11\/Cartel-Asamblea-2018-11-20-1-300x212.jpg 300w, https:\/\/blogsaverroes.juntadeandalucia.es\/ampaolea\/files\/2018\/11\/Cartel-Asamblea-2018-11-20-1-768x543.jpg 768w, https:\/\/blogsaverroes.juntadeandalucia.es\/ampaolea\/files\/2018\/11\/Cartel-Asamblea-2018-11-20-1-1024x724.jpg 1024w, https:\/\/blogsaverroes.juntadeandalucia.es\/ampaolea\/files\/2018\/11\/Cartel-Asamblea-2018-11-20-1-700x495.jpg 700w, https:\/\/blogsaverroes.juntadeandalucia.es\/ampaolea\/files\/2018\/11\/Cartel-Asamblea-2018-11-20-1-24x17.jpg 24w, https:\/\/blogsaverroes.juntadeandalucia.es\/ampaolea\/files\/2018\/11\/Cartel-Asamblea-2018-11-20-1-36x25.jpg 36w, https:\/\/blogsaverroes.juntadeandalucia.es\/ampaolea\/files\/2018\/11\/Cartel-Asamblea-2018-11-20-1-48x34.jpg 48w, https:\/\/blogsaverroes.juntadeandalucia.es\/ampaolea\/files\/2018\/11\/Cartel-Asamblea-2018-11-20-1.jpg 1600w\" sizes=\"(max-width: 300px) 100vw, 300px\" \/><\/a><\/p>\n","protected":false},"excerpt":{"rendered":"<p>El martes 20 de noviembre, a las 17h, tendremos nuestra ASAMBLEA ANUAL a la que invitamos a todas las familias socias o no socias de este AMPA. Se expondr\u00e1n la memoria de actuaciones y&#46;&#46;&#46;<\/p>\n","protected":false},"author":1806,"featured_media":6810,"comment_status":"closed","ping_status":"open","sticky":false,"template":"","format":"standard","meta":{"ngg_post_thumbnail":0,"footnotes":""},"categories":[32,526,28,27903,310290],"tags":[],"aioseo_notices":[],"_links":{"self":[{"href":"https:\/\/blogsaverroes.juntadeandalucia.es\/ampaolea\/wp-json\/wp\/v2\/posts\/6809"}],"collection":[{"href":"https:\/\/blogsaverroes.juntadeandalucia.es\/ampaolea\/wp-json\/wp\/v2\/posts"}],"about":[{"href":"https:\/\/blogsaverroes.juntadeandalucia.es\/ampaolea\/wp-json\/wp\/v2\/types\/post"}],"author":[{"embeddable":true,"href":"https:\/\/blogsaverroes.juntadeandalucia.es\/ampaolea\/wp-json\/wp\/v2\/users\/1806"}],"replies":[{"embeddable":true,"href":"https:\/\/blogsaverroes.juntadeandalucia.es\/ampaolea\/wp-json\/wp\/v2\/comments?post=6809"}],"version-history":[{"count":4,"href":"https:\/\/blogsaverroes.juntadeandalucia.es\/ampaolea\/wp-json\/wp\/v2\/posts\/6809\/revisions"}],"predecessor-version":[{"id":6815,"href":"https:\/\/blogsaverroes.juntadeandalucia.es\/ampaolea\/wp-json\/wp\/v2\/posts\/6809\/revisions\/6815"}],"wp:featuredmedia":[{"embeddable":true,"href":"https:\/\/blogsaverroes.juntadeandalucia.es\/ampaolea\/wp-json\/wp\/v2\/media\/6810"}],"wp:attachment":[{"href":"https:\/\/blogsaverroes.juntadeandalucia.es\/ampaolea\/wp-json\/wp\/v2\/media?parent=6809"}],"wp:term":[{"taxonomy":"category","embeddable":true,"href":"https:\/\/blogsaverroes.juntadeandalucia.es\/ampaolea\/wp-json\/wp\/v2\/categories?post=6809"},{"taxonomy":"post_tag","embeddable":true,"href":"https:\/\/blogsaverroes.juntadeandalucia.es\/ampaolea\/wp-json\/wp\/v2\/tags?post=6809"}],"curies":[{"name":"wp","href":"https:\/\/api.w.org\/{rel}","templated":true}]}}