{"id":8339,"date":"2021-04-25T04:32:47","date_gmt":"2021-04-25T04:32:47","guid":{"rendered":"https:\/\/blogsaverroes.juntadeandalucia.es\/ampaolea\/?p=8339"},"modified":"2021-04-25T04:32:47","modified_gmt":"2021-04-25T04:32:47","slug":"talleres-de-educacion-emocional-y-teatro","status":"publish","type":"post","link":"https:\/\/blogsaverroes.juntadeandalucia.es\/ampaolea\/2021\/04\/25\/talleres-de-educacion-emocional-y-teatro\/","title":{"rendered":"TALLERES de EDUCACI\u00d3N EMOCIONAL y TEATRO"},"content":{"rendered":"<p><strong>ACTIVIDADES EDUCATIVAS Y DIVERTIDAS PARA TODO EL ALUMNADO<\/strong><\/p>\n<p><img loading=\"lazy\" decoding=\"async\" class=\"alignleft size-thumbnail wp-image-8345\" src=\"https:\/\/blogsaverroes.juntadeandalucia.es\/ampaolea\/files\/2021\/04\/emociones-iconos-150x150.jpg\" alt=\"\" width=\"150\" height=\"150\" srcset=\"https:\/\/blogsaverroes.juntadeandalucia.es\/ampaolea\/files\/2021\/04\/emociones-iconos-150x150.jpg 150w, https:\/\/blogsaverroes.juntadeandalucia.es\/ampaolea\/files\/2021\/04\/emociones-iconos-298x300.jpg 298w, https:\/\/blogsaverroes.juntadeandalucia.es\/ampaolea\/files\/2021\/04\/emociones-iconos-432x432.jpg 432w, https:\/\/blogsaverroes.juntadeandalucia.es\/ampaolea\/files\/2021\/04\/emociones-iconos-268x268.jpg 268w, https:\/\/blogsaverroes.juntadeandalucia.es\/ampaolea\/files\/2021\/04\/emociones-iconos.jpg 550w\" sizes=\"(max-width: 150px) 100vw, 150px\" \/>Desde el AMPA se ha propuesto al colegio la realizaci\u00f3n de algunas actividades para todo el alumnado ofreciendo un <span style=\"text-decoration: underline\"><strong>TEATRO para los peque\u00f1os de Infantil y TALLERES de EDUCACI\u00d3N EMOCIONAL para Primaria.<\/strong><\/span><\/p>\n<p>Todas las actividades se realizar\u00e1n en el horario escolar, en coordinaci\u00f3n con las tutoras y con el equipo directivo, y se desarrollar\u00e1n a&nbsp; lo largo del mes de mayo<\/p>\n<p><a href=\"https:\/\/blogsaverroes.juntadeandalucia.es\/ampaolea\/files\/2021\/04\/Cartel-Kiriko-Y-Cuentos1.jpg\" target=\"_blank\" rel=\"noopener noreferrer\"><img loading=\"lazy\" decoding=\"async\" class=\"size-medium wp-image-8352 alignright\" src=\"https:\/\/blogsaverroes.juntadeandalucia.es\/ampaolea\/files\/2021\/04\/Cartel-Kiriko-Y-Cuentos1-225x300.jpg\" alt=\"\" width=\"225\" height=\"300\" srcset=\"https:\/\/blogsaverroes.juntadeandalucia.es\/ampaolea\/files\/2021\/04\/Cartel-Kiriko-Y-Cuentos1-225x300.jpg 225w, https:\/\/blogsaverroes.juntadeandalucia.es\/ampaolea\/files\/2021\/04\/Cartel-Kiriko-Y-Cuentos1-700x933.jpg 700w, https:\/\/blogsaverroes.juntadeandalucia.es\/ampaolea\/files\/2021\/04\/Cartel-Kiriko-Y-Cuentos1.jpg 720w\" sizes=\"(max-width: 225px) 100vw, 225px\" \/><\/a><\/p>\n<p>Para todo el alumnado de <strong>INFANTIL:<\/strong><br \/>\n<strong>Representaci\u00f3n teatral<\/strong> de algunos de los \u00abCuentos de la Media Lunita\u00bb de A. R. Almod\u00f3var<\/p>\n<p>Para todo el alumnado de <strong>PRIMARIA:<\/strong><br \/>\n<strong>Talleres de educaci\u00f3n emocional (un taller para cada curso)<\/strong><br \/>\nEducaci\u00f3n emocional y resoluci\u00f3n de conflictos, relaciones interpersonales positivas, amistad, respeto, cortes\u00eda, tolerancia, di\u00e1logo, escucha, &nbsp;autoestima, autoconcepto, la aceptaci\u00f3n de grupo, relaciones en Redes Sociales, bullying, etc<\/p>\n<p><img loading=\"lazy\" decoding=\"async\" class=\"size-thumbnail wp-image-8344 alignleft\" src=\"https:\/\/blogsaverroes.juntadeandalucia.es\/ampaolea\/files\/2021\/04\/emociones-150x150.png\" alt=\"\" width=\"150\" height=\"150\"><\/p>\n<p>&nbsp;<\/p>\n<p>El <strong>precio<\/strong> de la actividad para <strong>familias NO SOCIAS del Ampa&nbsp; es de 3\u20ac.<\/strong><br \/>\nPara las familias SOCIAS del Ampa, el precio est\u00e1 incluido en la cuota anual de socio.<\/p>\n<p>&nbsp;<\/p>\n<p>El Ampa asumira solidariamente el coste de la actividad para aquellas familias que no puedan hacer frente al pago de la misma.<br \/>\n<span style=\"text-decoration: underline\"><em><strong>Ning\u00fan alumno\/a se quedar\u00e1 sin actividad.<\/strong><\/em><\/span><\/p>\n<p>Trabajaremos con \u00abCREADA: personas y crecimiento\u00bb y con la compa\u00f1ia de teatro \u00abFARANDULARIO\u00bb&nbsp;<\/p>\n<p><img loading=\"lazy\" decoding=\"async\" class=\"alignleft wp-image-8354 size-thumbnail\" src=\"https:\/\/blogsaverroes.juntadeandalucia.es\/ampaolea\/files\/2021\/04\/Logo-Creada-150x150.jpeg\" alt=\"\" width=\"150\" height=\"150\" srcset=\"https:\/\/blogsaverroes.juntadeandalucia.es\/ampaolea\/files\/2021\/04\/Logo-Creada-150x150.jpeg 150w, https:\/\/blogsaverroes.juntadeandalucia.es\/ampaolea\/files\/2021\/04\/Logo-Creada-432x432.jpeg 432w, https:\/\/blogsaverroes.juntadeandalucia.es\/ampaolea\/files\/2021\/04\/Logo-Creada-268x268.jpeg 268w\" sizes=\"(max-width: 150px) 100vw, 150px\" \/> <img loading=\"lazy\" decoding=\"async\" class=\"alignleft wp-image-8346 size-thumbnail\" src=\"https:\/\/blogsaverroes.juntadeandalucia.es\/ampaolea\/files\/2021\/04\/Farandulario-1-150x150.jpg\" alt=\"\" width=\"150\" height=\"150\" srcset=\"https:\/\/blogsaverroes.juntadeandalucia.es\/ampaolea\/files\/2021\/04\/Farandulario-1-150x150.jpg 150w, https:\/\/blogsaverroes.juntadeandalucia.es\/ampaolea\/files\/2021\/04\/Farandulario-1-268x268.jpg 268w\" sizes=\"(max-width: 150px) 100vw, 150px\" \/> <img loading=\"lazy\" decoding=\"async\" class=\"alignleft wp-image-8353 size-thumbnail\" src=\"https:\/\/blogsaverroes.juntadeandalucia.es\/ampaolea\/files\/2021\/04\/Foto-CREADA-150x150.jpeg\" alt=\"\" width=\"150\" height=\"150\" srcset=\"https:\/\/blogsaverroes.juntadeandalucia.es\/ampaolea\/files\/2021\/04\/Foto-CREADA-150x150.jpeg 150w, https:\/\/blogsaverroes.juntadeandalucia.es\/ampaolea\/files\/2021\/04\/Foto-CREADA-432x432.jpeg 432w, https:\/\/blogsaverroes.juntadeandalucia.es\/ampaolea\/files\/2021\/04\/Foto-CREADA-268x268.jpeg 268w\" sizes=\"(max-width: 150px) 100vw, 150px\" \/><\/p>\n<p>&nbsp;<\/p>\n<p>&nbsp;<\/p>\n<p>&nbsp;<\/p>\n<p>&nbsp;<\/p>\n","protected":false},"excerpt":{"rendered":"<p>ACTIVIDADES EDUCATIVAS Y DIVERTIDAS PARA TODO EL ALUMNADO Desde el AMPA se ha propuesto al colegio la realizaci\u00f3n de algunas actividades para todo el alumnado ofreciendo un TEATRO para los peque\u00f1os de Infantil y&#46;&#46;&#46;<\/p>\n","protected":false},"author":1806,"featured_media":8344,"comment_status":"closed","ping_status":"open","sticky":false,"template":"","format":"standard","meta":{"ngg_post_thumbnail":0,"footnotes":""},"categories":[32,526,5852,28],"tags":[],"aioseo_notices":[],"_links":{"self":[{"href":"https:\/\/blogsaverroes.juntadeandalucia.es\/ampaolea\/wp-json\/wp\/v2\/posts\/8339"}],"collection":[{"href":"https:\/\/blogsaverroes.juntadeandalucia.es\/ampaolea\/wp-json\/wp\/v2\/posts"}],"about":[{"href":"https:\/\/blogsaverroes.juntadeandalucia.es\/ampaolea\/wp-json\/wp\/v2\/types\/post"}],"author":[{"embeddable":true,"href":"https:\/\/blogsaverroes.juntadeandalucia.es\/ampaolea\/wp-json\/wp\/v2\/users\/1806"}],"replies":[{"embeddable":true,"href":"https:\/\/blogsaverroes.juntadeandalucia.es\/ampaolea\/wp-json\/wp\/v2\/comments?post=8339"}],"version-history":[{"count":13,"href":"https:\/\/blogsaverroes.juntadeandalucia.es\/ampaolea\/wp-json\/wp\/v2\/posts\/8339\/revisions"}],"predecessor-version":[{"id":8360,"href":"https:\/\/blogsaverroes.juntadeandalucia.es\/ampaolea\/wp-json\/wp\/v2\/posts\/8339\/revisions\/8360"}],"wp:featuredmedia":[{"embeddable":true,"href":"https:\/\/blogsaverroes.juntadeandalucia.es\/ampaolea\/wp-json\/wp\/v2\/media\/8344"}],"wp:attachment":[{"href":"https:\/\/blogsaverroes.juntadeandalucia.es\/ampaolea\/wp-json\/wp\/v2\/media?parent=8339"}],"wp:term":[{"taxonomy":"category","embeddable":true,"href":"https:\/\/blogsaverroes.juntadeandalucia.es\/ampaolea\/wp-json\/wp\/v2\/categories?post=8339"},{"taxonomy":"post_tag","embeddable":true,"href":"https:\/\/blogsaverroes.juntadeandalucia.es\/ampaolea\/wp-json\/wp\/v2\/tags?post=8339"}],"curies":[{"name":"wp","href":"https:\/\/api.w.org\/{rel}","templated":true}]}}