{"id":193,"date":"2020-11-28T00:31:54","date_gmt":"2020-11-28T00:31:54","guid":{"rendered":"https:\/\/blogsaverroes.juntadeandalucia.es\/andreainfantil\/?p=193"},"modified":"2020-11-29T21:27:03","modified_gmt":"2020-11-29T21:27:03","slug":"otono","status":"publish","type":"post","link":"https:\/\/blogsaverroes.juntadeandalucia.es\/andreainfantil\/2020\/11\/28\/otono\/","title":{"rendered":"OTO\u00d1O."},"content":{"rendered":"<p style=\"text-align: center\"><strong><span style=\"font-size: 18pt\">OTO\u00d1O<\/span><\/strong><\/p>\n<p>Con la llegada del oto\u00f1o, hemos estado en el patio observando los \u00e1rboles, hemos recogido hojas :<\/p>\n<p><strong><img loading=\"lazy\" decoding=\"async\" class=\"alignnone size-medium wp-image-195\" src=\"https:\/\/blogsaverroes.juntadeandalucia.es\/andreainfantil\/files\/2020\/11\/IMG_8277-300x225.jpg\" alt=\"\" width=\"300\" height=\"225\" srcset=\"https:\/\/blogsaverroes.juntadeandalucia.es\/andreainfantil\/files\/2020\/11\/IMG_8277-300x225.jpg 300w, https:\/\/blogsaverroes.juntadeandalucia.es\/andreainfantil\/files\/2020\/11\/IMG_8277-1024x768.jpg 1024w, https:\/\/blogsaverroes.juntadeandalucia.es\/andreainfantil\/files\/2020\/11\/IMG_8277-768x576.jpg 768w, https:\/\/blogsaverroes.juntadeandalucia.es\/andreainfantil\/files\/2020\/11\/IMG_8277-1536x1152.jpg 1536w, https:\/\/blogsaverroes.juntadeandalucia.es\/andreainfantil\/files\/2020\/11\/IMG_8277-2048x1536.jpg 2048w, https:\/\/blogsaverroes.juntadeandalucia.es\/andreainfantil\/files\/2020\/11\/IMG_8277-700x525.jpg 700w, https:\/\/blogsaverroes.juntadeandalucia.es\/andreainfantil\/files\/2020\/11\/IMG_8277-332x249.jpg 332w, https:\/\/blogsaverroes.juntadeandalucia.es\/andreainfantil\/files\/2020\/11\/IMG_8277-24x18.jpg 24w, https:\/\/blogsaverroes.juntadeandalucia.es\/andreainfantil\/files\/2020\/11\/IMG_8277-36x27.jpg 36w, https:\/\/blogsaverroes.juntadeandalucia.es\/andreainfantil\/files\/2020\/11\/IMG_8277-48x36.jpg 48w\" sizes=\"(max-width: 300px) 100vw, 300px\" \/> <img loading=\"lazy\" decoding=\"async\" class=\"alignnone size-medium wp-image-196\" src=\"https:\/\/blogsaverroes.juntadeandalucia.es\/andreainfantil\/files\/2020\/11\/IMG_8279-300x225.jpg\" alt=\"\" width=\"300\" height=\"225\" srcset=\"https:\/\/blogsaverroes.juntadeandalucia.es\/andreainfantil\/files\/2020\/11\/IMG_8279-300x225.jpg 300w, https:\/\/blogsaverroes.juntadeandalucia.es\/andreainfantil\/files\/2020\/11\/IMG_8279-1024x768.jpg 1024w, https:\/\/blogsaverroes.juntadeandalucia.es\/andreainfantil\/files\/2020\/11\/IMG_8279-768x576.jpg 768w, https:\/\/blogsaverroes.juntadeandalucia.es\/andreainfantil\/files\/2020\/11\/IMG_8279-1536x1152.jpg 1536w, https:\/\/blogsaverroes.juntadeandalucia.es\/andreainfantil\/files\/2020\/11\/IMG_8279-2048x1536.jpg 2048w, https:\/\/blogsaverroes.juntadeandalucia.es\/andreainfantil\/files\/2020\/11\/IMG_8279-700x525.jpg 700w, https:\/\/blogsaverroes.juntadeandalucia.es\/andreainfantil\/files\/2020\/11\/IMG_8279-332x249.jpg 332w, https:\/\/blogsaverroes.juntadeandalucia.es\/andreainfantil\/files\/2020\/11\/IMG_8279-24x18.jpg 24w, https:\/\/blogsaverroes.juntadeandalucia.es\/andreainfantil\/files\/2020\/11\/IMG_8279-36x27.jpg 36w, https:\/\/blogsaverroes.juntadeandalucia.es\/andreainfantil\/files\/2020\/11\/IMG_8279-48x36.jpg 48w\" sizes=\"(max-width: 300px) 100vw, 300px\" \/> <img loading=\"lazy\" decoding=\"async\" class=\"alignnone size-medium wp-image-197\" src=\"https:\/\/blogsaverroes.juntadeandalucia.es\/andreainfantil\/files\/2020\/11\/IMG_8280-300x225.jpg\" alt=\"\" width=\"300\" height=\"225\" srcset=\"https:\/\/blogsaverroes.juntadeandalucia.es\/andreainfantil\/files\/2020\/11\/IMG_8280-300x225.jpg 300w, https:\/\/blogsaverroes.juntadeandalucia.es\/andreainfantil\/files\/2020\/11\/IMG_8280-1024x768.jpg 1024w, https:\/\/blogsaverroes.juntadeandalucia.es\/andreainfantil\/files\/2020\/11\/IMG_8280-768x576.jpg 768w, https:\/\/blogsaverroes.juntadeandalucia.es\/andreainfantil\/files\/2020\/11\/IMG_8280-1536x1152.jpg 1536w, https:\/\/blogsaverroes.juntadeandalucia.es\/andreainfantil\/files\/2020\/11\/IMG_8280-2048x1536.jpg 2048w, https:\/\/blogsaverroes.juntadeandalucia.es\/andreainfantil\/files\/2020\/11\/IMG_8280-700x525.jpg 700w, https:\/\/blogsaverroes.juntadeandalucia.es\/andreainfantil\/files\/2020\/11\/IMG_8280-332x249.jpg 332w, https:\/\/blogsaverroes.juntadeandalucia.es\/andreainfantil\/files\/2020\/11\/IMG_8280-24x18.jpg 24w, https:\/\/blogsaverroes.juntadeandalucia.es\/andreainfantil\/files\/2020\/11\/IMG_8280-36x27.jpg 36w, https:\/\/blogsaverroes.juntadeandalucia.es\/andreainfantil\/files\/2020\/11\/IMG_8280-48x36.jpg 48w\" sizes=\"(max-width: 300px) 100vw, 300px\" \/> <img loading=\"lazy\" decoding=\"async\" class=\"alignnone size-medium wp-image-198\" src=\"https:\/\/blogsaverroes.juntadeandalucia.es\/andreainfantil\/files\/2020\/11\/IMG_8281-300x225.jpg\" alt=\"\" width=\"300\" height=\"225\" srcset=\"https:\/\/blogsaverroes.juntadeandalucia.es\/andreainfantil\/files\/2020\/11\/IMG_8281-300x225.jpg 300w, https:\/\/blogsaverroes.juntadeandalucia.es\/andreainfantil\/files\/2020\/11\/IMG_8281-1024x768.jpg 1024w, https:\/\/blogsaverroes.juntadeandalucia.es\/andreainfantil\/files\/2020\/11\/IMG_8281-768x576.jpg 768w, https:\/\/blogsaverroes.juntadeandalucia.es\/andreainfantil\/files\/2020\/11\/IMG_8281-1536x1152.jpg 1536w, https:\/\/blogsaverroes.juntadeandalucia.es\/andreainfantil\/files\/2020\/11\/IMG_8281-2048x1536.jpg 2048w, https:\/\/blogsaverroes.juntadeandalucia.es\/andreainfantil\/files\/2020\/11\/IMG_8281-700x525.jpg 700w, https:\/\/blogsaverroes.juntadeandalucia.es\/andreainfantil\/files\/2020\/11\/IMG_8281-332x249.jpg 332w, https:\/\/blogsaverroes.juntadeandalucia.es\/andreainfantil\/files\/2020\/11\/IMG_8281-24x18.jpg 24w, https:\/\/blogsaverroes.juntadeandalucia.es\/andreainfantil\/files\/2020\/11\/IMG_8281-36x27.jpg 36w, https:\/\/blogsaverroes.juntadeandalucia.es\/andreainfantil\/files\/2020\/11\/IMG_8281-48x36.jpg 48w\" sizes=\"(max-width: 300px) 100vw, 300px\" \/> <img loading=\"lazy\" decoding=\"async\" class=\"alignnone size-medium wp-image-199\" src=\"https:\/\/blogsaverroes.juntadeandalucia.es\/andreainfantil\/files\/2020\/11\/IMG_8282-300x225.jpg\" alt=\"\" width=\"300\" height=\"225\" srcset=\"https:\/\/blogsaverroes.juntadeandalucia.es\/andreainfantil\/files\/2020\/11\/IMG_8282-300x225.jpg 300w, https:\/\/blogsaverroes.juntadeandalucia.es\/andreainfantil\/files\/2020\/11\/IMG_8282-1024x768.jpg 1024w, https:\/\/blogsaverroes.juntadeandalucia.es\/andreainfantil\/files\/2020\/11\/IMG_8282-768x576.jpg 768w, https:\/\/blogsaverroes.juntadeandalucia.es\/andreainfantil\/files\/2020\/11\/IMG_8282-1536x1152.jpg 1536w, https:\/\/blogsaverroes.juntadeandalucia.es\/andreainfantil\/files\/2020\/11\/IMG_8282-2048x1536.jpg 2048w, https:\/\/blogsaverroes.juntadeandalucia.es\/andreainfantil\/files\/2020\/11\/IMG_8282-700x525.jpg 700w, https:\/\/blogsaverroes.juntadeandalucia.es\/andreainfantil\/files\/2020\/11\/IMG_8282-332x249.jpg 332w, https:\/\/blogsaverroes.juntadeandalucia.es\/andreainfantil\/files\/2020\/11\/IMG_8282-24x18.jpg 24w, https:\/\/blogsaverroes.juntadeandalucia.es\/andreainfantil\/files\/2020\/11\/IMG_8282-36x27.jpg 36w, https:\/\/blogsaverroes.juntadeandalucia.es\/andreainfantil\/files\/2020\/11\/IMG_8282-48x36.jpg 48w\" sizes=\"(max-width: 300px) 100vw, 300px\" \/><\/strong><\/p>\n<p>DESPU\u00c9S NOS HEMOS IDO PARA LA CLASE Y HEMOS HECHO NUESTRO \u00c1RBOL DEL OTO\u00d1O:<\/p>\n<p><strong> <img loading=\"lazy\" decoding=\"async\" class=\"alignnone size-medium wp-image-201\" src=\"https:\/\/blogsaverroes.juntadeandalucia.es\/andreainfantil\/files\/2020\/11\/IMG_8284-300x225.jpg\" alt=\"\" width=\"300\" height=\"225\" srcset=\"https:\/\/blogsaverroes.juntadeandalucia.es\/andreainfantil\/files\/2020\/11\/IMG_8284-300x225.jpg 300w, https:\/\/blogsaverroes.juntadeandalucia.es\/andreainfantil\/files\/2020\/11\/IMG_8284-1024x768.jpg 1024w, https:\/\/blogsaverroes.juntadeandalucia.es\/andreainfantil\/files\/2020\/11\/IMG_8284-768x576.jpg 768w, https:\/\/blogsaverroes.juntadeandalucia.es\/andreainfantil\/files\/2020\/11\/IMG_8284-1536x1152.jpg 1536w, https:\/\/blogsaverroes.juntadeandalucia.es\/andreainfantil\/files\/2020\/11\/IMG_8284-2048x1536.jpg 2048w, https:\/\/blogsaverroes.juntadeandalucia.es\/andreainfantil\/files\/2020\/11\/IMG_8284-700x525.jpg 700w, https:\/\/blogsaverroes.juntadeandalucia.es\/andreainfantil\/files\/2020\/11\/IMG_8284-332x249.jpg 332w, https:\/\/blogsaverroes.juntadeandalucia.es\/andreainfantil\/files\/2020\/11\/IMG_8284-24x18.jpg 24w, https:\/\/blogsaverroes.juntadeandalucia.es\/andreainfantil\/files\/2020\/11\/IMG_8284-36x27.jpg 36w, https:\/\/blogsaverroes.juntadeandalucia.es\/andreainfantil\/files\/2020\/11\/IMG_8284-48x36.jpg 48w\" sizes=\"(max-width: 300px) 100vw, 300px\" \/> <img loading=\"lazy\" decoding=\"async\" class=\"alignnone size-medium wp-image-202\" src=\"https:\/\/blogsaverroes.juntadeandalucia.es\/andreainfantil\/files\/2020\/11\/IMG_8285-300x225.jpg\" alt=\"\" width=\"300\" height=\"225\" srcset=\"https:\/\/blogsaverroes.juntadeandalucia.es\/andreainfantil\/files\/2020\/11\/IMG_8285-300x225.jpg 300w, https:\/\/blogsaverroes.juntadeandalucia.es\/andreainfantil\/files\/2020\/11\/IMG_8285-1024x768.jpg 1024w, https:\/\/blogsaverroes.juntadeandalucia.es\/andreainfantil\/files\/2020\/11\/IMG_8285-768x576.jpg 768w, https:\/\/blogsaverroes.juntadeandalucia.es\/andreainfantil\/files\/2020\/11\/IMG_8285-1536x1152.jpg 1536w, https:\/\/blogsaverroes.juntadeandalucia.es\/andreainfantil\/files\/2020\/11\/IMG_8285-2048x1536.jpg 2048w, https:\/\/blogsaverroes.juntadeandalucia.es\/andreainfantil\/files\/2020\/11\/IMG_8285-700x525.jpg 700w, https:\/\/blogsaverroes.juntadeandalucia.es\/andreainfantil\/files\/2020\/11\/IMG_8285-332x249.jpg 332w, https:\/\/blogsaverroes.juntadeandalucia.es\/andreainfantil\/files\/2020\/11\/IMG_8285-24x18.jpg 24w, https:\/\/blogsaverroes.juntadeandalucia.es\/andreainfantil\/files\/2020\/11\/IMG_8285-36x27.jpg 36w, https:\/\/blogsaverroes.juntadeandalucia.es\/andreainfantil\/files\/2020\/11\/IMG_8285-48x36.jpg 48w\" sizes=\"(max-width: 300px) 100vw, 300px\" \/> <\/strong><\/p>\n<p>&nbsp;<\/p>\n<p><strong><img loading=\"lazy\" decoding=\"async\" class=\"alignnone size-medium wp-image-203\" src=\"https:\/\/blogsaverroes.juntadeandalucia.es\/andreainfantil\/files\/2020\/11\/IMG_8286-300x225.jpg\" alt=\"\" width=\"300\" height=\"225\" srcset=\"https:\/\/blogsaverroes.juntadeandalucia.es\/andreainfantil\/files\/2020\/11\/IMG_8286-300x225.jpg 300w, https:\/\/blogsaverroes.juntadeandalucia.es\/andreainfantil\/files\/2020\/11\/IMG_8286-1024x768.jpg 1024w, https:\/\/blogsaverroes.juntadeandalucia.es\/andreainfantil\/files\/2020\/11\/IMG_8286-768x576.jpg 768w, https:\/\/blogsaverroes.juntadeandalucia.es\/andreainfantil\/files\/2020\/11\/IMG_8286-1536x1152.jpg 1536w, https:\/\/blogsaverroes.juntadeandalucia.es\/andreainfantil\/files\/2020\/11\/IMG_8286-2048x1536.jpg 2048w, https:\/\/blogsaverroes.juntadeandalucia.es\/andreainfantil\/files\/2020\/11\/IMG_8286-700x525.jpg 700w, https:\/\/blogsaverroes.juntadeandalucia.es\/andreainfantil\/files\/2020\/11\/IMG_8286-332x249.jpg 332w, https:\/\/blogsaverroes.juntadeandalucia.es\/andreainfantil\/files\/2020\/11\/IMG_8286-24x18.jpg 24w, https:\/\/blogsaverroes.juntadeandalucia.es\/andreainfantil\/files\/2020\/11\/IMG_8286-36x27.jpg 36w, https:\/\/blogsaverroes.juntadeandalucia.es\/andreainfantil\/files\/2020\/11\/IMG_8286-48x36.jpg 48w\" sizes=\"(max-width: 300px) 100vw, 300px\" \/><\/strong><\/p>\n<p>&nbsp; HICIMOS \u00c1RBOLES CON PLASTILINA:<\/p>\n<p><strong> <img loading=\"lazy\" decoding=\"async\" class=\"alignnone size-medium wp-image-204\" src=\"https:\/\/blogsaverroes.juntadeandalucia.es\/andreainfantil\/files\/2020\/11\/IMG_8288-300x225.jpg\" alt=\"\" width=\"300\" height=\"225\" srcset=\"https:\/\/blogsaverroes.juntadeandalucia.es\/andreainfantil\/files\/2020\/11\/IMG_8288-300x225.jpg 300w, https:\/\/blogsaverroes.juntadeandalucia.es\/andreainfantil\/files\/2020\/11\/IMG_8288-1024x768.jpg 1024w, https:\/\/blogsaverroes.juntadeandalucia.es\/andreainfantil\/files\/2020\/11\/IMG_8288-768x576.jpg 768w, https:\/\/blogsaverroes.juntadeandalucia.es\/andreainfantil\/files\/2020\/11\/IMG_8288-1536x1152.jpg 1536w, https:\/\/blogsaverroes.juntadeandalucia.es\/andreainfantil\/files\/2020\/11\/IMG_8288-2048x1536.jpg 2048w, https:\/\/blogsaverroes.juntadeandalucia.es\/andreainfantil\/files\/2020\/11\/IMG_8288-700x525.jpg 700w, https:\/\/blogsaverroes.juntadeandalucia.es\/andreainfantil\/files\/2020\/11\/IMG_8288-332x249.jpg 332w, https:\/\/blogsaverroes.juntadeandalucia.es\/andreainfantil\/files\/2020\/11\/IMG_8288-24x18.jpg 24w, https:\/\/blogsaverroes.juntadeandalucia.es\/andreainfantil\/files\/2020\/11\/IMG_8288-36x27.jpg 36w, https:\/\/blogsaverroes.juntadeandalucia.es\/andreainfantil\/files\/2020\/11\/IMG_8288-48x36.jpg 48w\" sizes=\"(max-width: 300px) 100vw, 300px\" \/><\/strong><\/p>\n<p>Y HEMOS APRENDIDO ESTA POES\u00cdA:<\/p>\n<p><img loading=\"lazy\" decoding=\"async\" class=\"alignnone size-medium wp-image-206\" src=\"https:\/\/blogsaverroes.juntadeandalucia.es\/andreainfantil\/files\/2020\/11\/EL-TRISTE-ARBOLILLO-300x218.jpg\" alt=\"\" width=\"300\" height=\"218\" srcset=\"https:\/\/blogsaverroes.juntadeandalucia.es\/andreainfantil\/files\/2020\/11\/EL-TRISTE-ARBOLILLO-300x218.jpg 300w, https:\/\/blogsaverroes.juntadeandalucia.es\/andreainfantil\/files\/2020\/11\/EL-TRISTE-ARBOLILLO-332x241.jpg 332w, https:\/\/blogsaverroes.juntadeandalucia.es\/andreainfantil\/files\/2020\/11\/EL-TRISTE-ARBOLILLO-24x17.jpg 24w, https:\/\/blogsaverroes.juntadeandalucia.es\/andreainfantil\/files\/2020\/11\/EL-TRISTE-ARBOLILLO-36x26.jpg 36w, https:\/\/blogsaverroes.juntadeandalucia.es\/andreainfantil\/files\/2020\/11\/EL-TRISTE-ARBOLILLO-48x35.jpg 48w, https:\/\/blogsaverroes.juntadeandalucia.es\/andreainfantil\/files\/2020\/11\/EL-TRISTE-ARBOLILLO.jpg 640w\" sizes=\"(max-width: 300px) 100vw, 300px\" \/>&nbsp; <img loading=\"lazy\" decoding=\"async\" class=\"alignnone size-medium wp-image-207\" src=\"https:\/\/blogsaverroes.juntadeandalucia.es\/andreainfantil\/files\/2020\/11\/cancion-ardilla-300x203.jpg\" alt=\"\" width=\"300\" height=\"203\" srcset=\"https:\/\/blogsaverroes.juntadeandalucia.es\/andreainfantil\/files\/2020\/11\/cancion-ardilla-300x203.jpg 300w, https:\/\/blogsaverroes.juntadeandalucia.es\/andreainfantil\/files\/2020\/11\/cancion-ardilla-332x225.jpg 332w, https:\/\/blogsaverroes.juntadeandalucia.es\/andreainfantil\/files\/2020\/11\/cancion-ardilla-24x16.jpg 24w, https:\/\/blogsaverroes.juntadeandalucia.es\/andreainfantil\/files\/2020\/11\/cancion-ardilla-36x24.jpg 36w, https:\/\/blogsaverroes.juntadeandalucia.es\/andreainfantil\/files\/2020\/11\/cancion-ardilla-48x33.jpg 48w, https:\/\/blogsaverroes.juntadeandalucia.es\/andreainfantil\/files\/2020\/11\/cancion-ardilla.jpg 700w\" sizes=\"(max-width: 300px) 100vw, 300px\" \/><\/p>\n<p>&nbsp;<\/p>\n<p>Y ESCUCHAMOS EL CUENTO: \u00bb LLEG\u00d3 EL OTO\u00d1O\u00bb:<\/p>\n<p style=\"text-align: center\"><iframe loading=\"lazy\" src=\"\/\/www.youtube.com\/embed\/a_DL5Q8EY7g\" width=\"560\" height=\"314\"><\/iframe><\/p>\n<p>&nbsp;<\/p>\n<p>&nbsp;<\/p>\n<p>&nbsp;<\/p>\n","protected":false},"excerpt":{"rendered":"<p>OTO\u00d1O Con la llegada del oto\u00f1o, hemos estado en el patio observando los \u00e1rboles, hemos recogido hojas : DESPU\u00c9S NOS HEMOS IDO PARA LA CLASE Y HEMOS HECHO NUESTRO \u00c1RBOL DEL OTO\u00d1O: &nbsp; &nbsp;&#46;&#46;&#46;<\/p>\n","protected":false},"author":11481,"featured_media":0,"comment_status":"open","ping_status":"open","sticky":false,"template":"","format":"standard","meta":{"ngg_post_thumbnail":0,"footnotes":""},"categories":[1],"tags":[],"aioseo_notices":[],"_links":{"self":[{"href":"https:\/\/blogsaverroes.juntadeandalucia.es\/andreainfantil\/wp-json\/wp\/v2\/posts\/193"}],"collection":[{"href":"https:\/\/blogsaverroes.juntadeandalucia.es\/andreainfantil\/wp-json\/wp\/v2\/posts"}],"about":[{"href":"https:\/\/blogsaverroes.juntadeandalucia.es\/andreainfantil\/wp-json\/wp\/v2\/types\/post"}],"author":[{"embeddable":true,"href":"https:\/\/blogsaverroes.juntadeandalucia.es\/andreainfantil\/wp-json\/wp\/v2\/users\/11481"}],"replies":[{"embeddable":true,"href":"https:\/\/blogsaverroes.juntadeandalucia.es\/andreainfantil\/wp-json\/wp\/v2\/comments?post=193"}],"version-history":[{"count":4,"href":"https:\/\/blogsaverroes.juntadeandalucia.es\/andreainfantil\/wp-json\/wp\/v2\/posts\/193\/revisions"}],"predecessor-version":[{"id":360,"href":"https:\/\/blogsaverroes.juntadeandalucia.es\/andreainfantil\/wp-json\/wp\/v2\/posts\/193\/revisions\/360"}],"wp:attachment":[{"href":"https:\/\/blogsaverroes.juntadeandalucia.es\/andreainfantil\/wp-json\/wp\/v2\/media?parent=193"}],"wp:term":[{"taxonomy":"category","embeddable":true,"href":"https:\/\/blogsaverroes.juntadeandalucia.es\/andreainfantil\/wp-json\/wp\/v2\/categories?post=193"},{"taxonomy":"post_tag","embeddable":true,"href":"https:\/\/blogsaverroes.juntadeandalucia.es\/andreainfantil\/wp-json\/wp\/v2\/tags?post=193"}],"curies":[{"name":"wp","href":"https:\/\/api.w.org\/{rel}","templated":true}]}}