{"id":6370,"date":"2023-02-17T17:36:13","date_gmt":"2023-02-17T17:36:13","guid":{"rendered":"https:\/\/blogsaverroes.juntadeandalucia.es\/andreainfantil\/?p=6370"},"modified":"2023-02-17T18:09:48","modified_gmt":"2023-02-17T18:09:48","slug":"carnaval23","status":"publish","type":"post","link":"https:\/\/blogsaverroes.juntadeandalucia.es\/andreainfantil\/2023\/02\/17\/carnaval23\/","title":{"rendered":"CARNAVAL\u00b423"},"content":{"rendered":"<p>HA LLEGADO EL CARNAVAL Y COMO ESTAMOS CON EL PROYECTO DE LA ABEJA, HEMOS DECIDIDO POR UNANIMIDAD, DISFRAZARNOS DE ABEJAS.&nbsp;<\/p>\n<p>&nbsp; &nbsp; &nbsp;HEMOS VENIDOS TODOS-AS GUAP\u00cdSIMOS-AS CON UNA GRAN DIVERSIDAD.<\/p>\n<p>EN EL COLE, LE ESTABA ESPERANDO LA SE\u00d1O, HORMIGA, RAT\u00d3N Y LA ABEJA.<\/p>\n<p><img loading=\"lazy\" decoding=\"async\" class=\"alignnone size-medium wp-image-6371\" src=\"https:\/\/blogsaverroes.juntadeandalucia.es\/andreainfantil\/files\/2023\/02\/F41BAFE2-2CDD-4293-B9A5-C9880C3B0730-300x169.jpg\" alt=\"\" width=\"300\" height=\"169\" srcset=\"https:\/\/blogsaverroes.juntadeandalucia.es\/andreainfantil\/files\/2023\/02\/F41BAFE2-2CDD-4293-B9A5-C9880C3B0730-300x169.jpg 300w, https:\/\/blogsaverroes.juntadeandalucia.es\/andreainfantil\/files\/2023\/02\/F41BAFE2-2CDD-4293-B9A5-C9880C3B0730-1024x576.jpg 1024w, https:\/\/blogsaverroes.juntadeandalucia.es\/andreainfantil\/files\/2023\/02\/F41BAFE2-2CDD-4293-B9A5-C9880C3B0730-768x432.jpg 768w, https:\/\/blogsaverroes.juntadeandalucia.es\/andreainfantil\/files\/2023\/02\/F41BAFE2-2CDD-4293-B9A5-C9880C3B0730-1536x864.jpg 1536w, https:\/\/blogsaverroes.juntadeandalucia.es\/andreainfantil\/files\/2023\/02\/F41BAFE2-2CDD-4293-B9A5-C9880C3B0730-2048x1153.jpg 2048w, https:\/\/blogsaverroes.juntadeandalucia.es\/andreainfantil\/files\/2023\/02\/F41BAFE2-2CDD-4293-B9A5-C9880C3B0730-700x393.jpg 700w, https:\/\/blogsaverroes.juntadeandalucia.es\/andreainfantil\/files\/2023\/02\/F41BAFE2-2CDD-4293-B9A5-C9880C3B0730-332x187.jpg 332w\" sizes=\"(max-width: 300px) 100vw, 300px\" \/> <img loading=\"lazy\" decoding=\"async\" class=\"alignnone size-medium wp-image-6373\" src=\"https:\/\/blogsaverroes.juntadeandalucia.es\/andreainfantil\/files\/2023\/02\/IMG_5089-225x300.jpg\" alt=\"\" width=\"225\" height=\"300\" srcset=\"https:\/\/blogsaverroes.juntadeandalucia.es\/andreainfantil\/files\/2023\/02\/IMG_5089-225x300.jpg 225w, https:\/\/blogsaverroes.juntadeandalucia.es\/andreainfantil\/files\/2023\/02\/IMG_5089-768x1024.jpg 768w, https:\/\/blogsaverroes.juntadeandalucia.es\/andreainfantil\/files\/2023\/02\/IMG_5089-1152x1536.jpg 1152w, https:\/\/blogsaverroes.juntadeandalucia.es\/andreainfantil\/files\/2023\/02\/IMG_5089-1536x2048.jpg 1536w, https:\/\/blogsaverroes.juntadeandalucia.es\/andreainfantil\/files\/2023\/02\/IMG_5089-700x933.jpg 700w, https:\/\/blogsaverroes.juntadeandalucia.es\/andreainfantil\/files\/2023\/02\/IMG_5089-332x443.jpg 332w, https:\/\/blogsaverroes.juntadeandalucia.es\/andreainfantil\/files\/2023\/02\/IMG_5089-scaled.jpg 1920w\" sizes=\"(max-width: 225px) 100vw, 225px\" \/><\/p>\n<p>AS\u00cd DE BONITA, ESTABA HOY LA CLASE CON TODAS LAS ABEJITAS.<\/p>\n<p><img loading=\"lazy\" decoding=\"async\" class=\"alignnone size-medium wp-image-6374\" src=\"https:\/\/blogsaverroes.juntadeandalucia.es\/andreainfantil\/files\/2023\/02\/IMG_5090-300x225.jpg\" alt=\"\" width=\"300\" height=\"225\" srcset=\"https:\/\/blogsaverroes.juntadeandalucia.es\/andreainfantil\/files\/2023\/02\/IMG_5090-300x225.jpg 300w, https:\/\/blogsaverroes.juntadeandalucia.es\/andreainfantil\/files\/2023\/02\/IMG_5090-1024x768.jpg 1024w, https:\/\/blogsaverroes.juntadeandalucia.es\/andreainfantil\/files\/2023\/02\/IMG_5090-768x576.jpg 768w, https:\/\/blogsaverroes.juntadeandalucia.es\/andreainfantil\/files\/2023\/02\/IMG_5090-1536x1152.jpg 1536w, https:\/\/blogsaverroes.juntadeandalucia.es\/andreainfantil\/files\/2023\/02\/IMG_5090-2048x1536.jpg 2048w, https:\/\/blogsaverroes.juntadeandalucia.es\/andreainfantil\/files\/2023\/02\/IMG_5090-700x525.jpg 700w, https:\/\/blogsaverroes.juntadeandalucia.es\/andreainfantil\/files\/2023\/02\/IMG_5090-332x249.jpg 332w\" sizes=\"(max-width: 300px) 100vw, 300px\" \/> <img loading=\"lazy\" decoding=\"async\" class=\"alignnone size-medium wp-image-6375\" src=\"https:\/\/blogsaverroes.juntadeandalucia.es\/andreainfantil\/files\/2023\/02\/IMG_5091-300x225.jpg\" alt=\"\" width=\"300\" height=\"225\" srcset=\"https:\/\/blogsaverroes.juntadeandalucia.es\/andreainfantil\/files\/2023\/02\/IMG_5091-300x225.jpg 300w, https:\/\/blogsaverroes.juntadeandalucia.es\/andreainfantil\/files\/2023\/02\/IMG_5091-1024x768.jpg 1024w, https:\/\/blogsaverroes.juntadeandalucia.es\/andreainfantil\/files\/2023\/02\/IMG_5091-768x576.jpg 768w, https:\/\/blogsaverroes.juntadeandalucia.es\/andreainfantil\/files\/2023\/02\/IMG_5091-1536x1152.jpg 1536w, https:\/\/blogsaverroes.juntadeandalucia.es\/andreainfantil\/files\/2023\/02\/IMG_5091-2048x1536.jpg 2048w, https:\/\/blogsaverroes.juntadeandalucia.es\/andreainfantil\/files\/2023\/02\/IMG_5091-700x525.jpg 700w, https:\/\/blogsaverroes.juntadeandalucia.es\/andreainfantil\/files\/2023\/02\/IMG_5091-332x249.jpg 332w\" sizes=\"(max-width: 300px) 100vw, 300px\" \/> <img loading=\"lazy\" decoding=\"async\" class=\"alignnone size-medium wp-image-6376\" src=\"https:\/\/blogsaverroes.juntadeandalucia.es\/andreainfantil\/files\/2023\/02\/IMG_5092-300x225.jpg\" alt=\"\" width=\"300\" height=\"225\" srcset=\"https:\/\/blogsaverroes.juntadeandalucia.es\/andreainfantil\/files\/2023\/02\/IMG_5092-300x225.jpg 300w, https:\/\/blogsaverroes.juntadeandalucia.es\/andreainfantil\/files\/2023\/02\/IMG_5092-1024x768.jpg 1024w, https:\/\/blogsaverroes.juntadeandalucia.es\/andreainfantil\/files\/2023\/02\/IMG_5092-768x576.jpg 768w, https:\/\/blogsaverroes.juntadeandalucia.es\/andreainfantil\/files\/2023\/02\/IMG_5092-1536x1152.jpg 1536w, https:\/\/blogsaverroes.juntadeandalucia.es\/andreainfantil\/files\/2023\/02\/IMG_5092-2048x1536.jpg 2048w, https:\/\/blogsaverroes.juntadeandalucia.es\/andreainfantil\/files\/2023\/02\/IMG_5092-700x525.jpg 700w, https:\/\/blogsaverroes.juntadeandalucia.es\/andreainfantil\/files\/2023\/02\/IMG_5092-332x249.jpg 332w\" sizes=\"(max-width: 300px) 100vw, 300px\" \/> <img loading=\"lazy\" decoding=\"async\" class=\"alignnone size-medium wp-image-6377\" src=\"https:\/\/blogsaverroes.juntadeandalucia.es\/andreainfantil\/files\/2023\/02\/IMG_5093-300x225.jpg\" alt=\"\" width=\"300\" height=\"225\" srcset=\"https:\/\/blogsaverroes.juntadeandalucia.es\/andreainfantil\/files\/2023\/02\/IMG_5093-300x225.jpg 300w, https:\/\/blogsaverroes.juntadeandalucia.es\/andreainfantil\/files\/2023\/02\/IMG_5093-1024x768.jpg 1024w, https:\/\/blogsaverroes.juntadeandalucia.es\/andreainfantil\/files\/2023\/02\/IMG_5093-768x576.jpg 768w, https:\/\/blogsaverroes.juntadeandalucia.es\/andreainfantil\/files\/2023\/02\/IMG_5093-1536x1152.jpg 1536w, https:\/\/blogsaverroes.juntadeandalucia.es\/andreainfantil\/files\/2023\/02\/IMG_5093-2048x1536.jpg 2048w, https:\/\/blogsaverroes.juntadeandalucia.es\/andreainfantil\/files\/2023\/02\/IMG_5093-700x525.jpg 700w, https:\/\/blogsaverroes.juntadeandalucia.es\/andreainfantil\/files\/2023\/02\/IMG_5093-332x249.jpg 332w\" sizes=\"(max-width: 300px) 100vw, 300px\" \/><\/p>\n<p>EL ENJAMBRE DE ABEJAS SE PREPARAR\u00d3 PARA SALIR AL PATIO, PARA VER A NUESTRAS FAMILIAS Y AL &nbsp;RESTO DE LOS COMPA\u00d1EROS-AS DEL COLEGIO QUE TAMBI\u00c9N VEN\u00cdAN DISFRAZADOS.<\/p>\n<p><img loading=\"lazy\" decoding=\"async\" class=\"alignnone size-medium wp-image-6378\" src=\"https:\/\/blogsaverroes.juntadeandalucia.es\/andreainfantil\/files\/2023\/02\/IMG_5094-300x225.jpg\" alt=\"\" width=\"300\" height=\"225\" srcset=\"https:\/\/blogsaverroes.juntadeandalucia.es\/andreainfantil\/files\/2023\/02\/IMG_5094-300x225.jpg 300w, https:\/\/blogsaverroes.juntadeandalucia.es\/andreainfantil\/files\/2023\/02\/IMG_5094-1024x768.jpg 1024w, https:\/\/blogsaverroes.juntadeandalucia.es\/andreainfantil\/files\/2023\/02\/IMG_5094-768x576.jpg 768w, https:\/\/blogsaverroes.juntadeandalucia.es\/andreainfantil\/files\/2023\/02\/IMG_5094-1536x1152.jpg 1536w, https:\/\/blogsaverroes.juntadeandalucia.es\/andreainfantil\/files\/2023\/02\/IMG_5094-2048x1536.jpg 2048w, https:\/\/blogsaverroes.juntadeandalucia.es\/andreainfantil\/files\/2023\/02\/IMG_5094-700x525.jpg 700w, https:\/\/blogsaverroes.juntadeandalucia.es\/andreainfantil\/files\/2023\/02\/IMG_5094-332x249.jpg 332w\" sizes=\"(max-width: 300px) 100vw, 300px\" \/> <img loading=\"lazy\" decoding=\"async\" class=\"alignnone size-medium wp-image-6379\" src=\"https:\/\/blogsaverroes.juntadeandalucia.es\/andreainfantil\/files\/2023\/02\/IMG_5095-225x300.jpg\" alt=\"\" width=\"225\" height=\"300\" srcset=\"https:\/\/blogsaverroes.juntadeandalucia.es\/andreainfantil\/files\/2023\/02\/IMG_5095-225x300.jpg 225w, https:\/\/blogsaverroes.juntadeandalucia.es\/andreainfantil\/files\/2023\/02\/IMG_5095-768x1024.jpg 768w, https:\/\/blogsaverroes.juntadeandalucia.es\/andreainfantil\/files\/2023\/02\/IMG_5095-1152x1536.jpg 1152w, https:\/\/blogsaverroes.juntadeandalucia.es\/andreainfantil\/files\/2023\/02\/IMG_5095-1536x2048.jpg 1536w, https:\/\/blogsaverroes.juntadeandalucia.es\/andreainfantil\/files\/2023\/02\/IMG_5095-700x933.jpg 700w, https:\/\/blogsaverroes.juntadeandalucia.es\/andreainfantil\/files\/2023\/02\/IMG_5095-332x443.jpg 332w, https:\/\/blogsaverroes.juntadeandalucia.es\/andreainfantil\/files\/2023\/02\/IMG_5095-scaled.jpg 1920w\" sizes=\"(max-width: 225px) 100vw, 225px\" \/> <img loading=\"lazy\" decoding=\"async\" class=\"alignnone size-medium wp-image-6380\" src=\"https:\/\/blogsaverroes.juntadeandalucia.es\/andreainfantil\/files\/2023\/02\/IMG_5096-225x300.jpg\" alt=\"\" width=\"225\" height=\"300\" srcset=\"https:\/\/blogsaverroes.juntadeandalucia.es\/andreainfantil\/files\/2023\/02\/IMG_5096-225x300.jpg 225w, https:\/\/blogsaverroes.juntadeandalucia.es\/andreainfantil\/files\/2023\/02\/IMG_5096-768x1024.jpg 768w, https:\/\/blogsaverroes.juntadeandalucia.es\/andreainfantil\/files\/2023\/02\/IMG_5096-1152x1536.jpg 1152w, https:\/\/blogsaverroes.juntadeandalucia.es\/andreainfantil\/files\/2023\/02\/IMG_5096-1536x2048.jpg 1536w, https:\/\/blogsaverroes.juntadeandalucia.es\/andreainfantil\/files\/2023\/02\/IMG_5096-700x933.jpg 700w, https:\/\/blogsaverroes.juntadeandalucia.es\/andreainfantil\/files\/2023\/02\/IMG_5096-332x443.jpg 332w, https:\/\/blogsaverroes.juntadeandalucia.es\/andreainfantil\/files\/2023\/02\/IMG_5096-scaled.jpg 1920w\" sizes=\"(max-width: 225px) 100vw, 225px\" \/> <img loading=\"lazy\" decoding=\"async\" class=\"alignnone size-medium wp-image-6381\" src=\"https:\/\/blogsaverroes.juntadeandalucia.es\/andreainfantil\/files\/2023\/02\/IMG_5098-300x225.jpg\" alt=\"\" width=\"300\" height=\"225\" srcset=\"https:\/\/blogsaverroes.juntadeandalucia.es\/andreainfantil\/files\/2023\/02\/IMG_5098-300x225.jpg 300w, https:\/\/blogsaverroes.juntadeandalucia.es\/andreainfantil\/files\/2023\/02\/IMG_5098-1024x768.jpg 1024w, https:\/\/blogsaverroes.juntadeandalucia.es\/andreainfantil\/files\/2023\/02\/IMG_5098-768x576.jpg 768w, https:\/\/blogsaverroes.juntadeandalucia.es\/andreainfantil\/files\/2023\/02\/IMG_5098-1536x1152.jpg 1536w, https:\/\/blogsaverroes.juntadeandalucia.es\/andreainfantil\/files\/2023\/02\/IMG_5098-2048x1536.jpg 2048w, https:\/\/blogsaverroes.juntadeandalucia.es\/andreainfantil\/files\/2023\/02\/IMG_5098-700x525.jpg 700w, https:\/\/blogsaverroes.juntadeandalucia.es\/andreainfantil\/files\/2023\/02\/IMG_5098-332x249.jpg 332w\" sizes=\"(max-width: 300px) 100vw, 300px\" \/> <img loading=\"lazy\" decoding=\"async\" class=\"alignnone size-medium wp-image-6382\" src=\"https:\/\/blogsaverroes.juntadeandalucia.es\/andreainfantil\/files\/2023\/02\/IMG_5100-300x225.jpg\" alt=\"\" width=\"300\" height=\"225\" srcset=\"https:\/\/blogsaverroes.juntadeandalucia.es\/andreainfantil\/files\/2023\/02\/IMG_5100-300x225.jpg 300w, https:\/\/blogsaverroes.juntadeandalucia.es\/andreainfantil\/files\/2023\/02\/IMG_5100-1024x768.jpg 1024w, https:\/\/blogsaverroes.juntadeandalucia.es\/andreainfantil\/files\/2023\/02\/IMG_5100-768x576.jpg 768w, https:\/\/blogsaverroes.juntadeandalucia.es\/andreainfantil\/files\/2023\/02\/IMG_5100-1536x1152.jpg 1536w, https:\/\/blogsaverroes.juntadeandalucia.es\/andreainfantil\/files\/2023\/02\/IMG_5100-2048x1536.jpg 2048w, https:\/\/blogsaverroes.juntadeandalucia.es\/andreainfantil\/files\/2023\/02\/IMG_5100-700x525.jpg 700w, https:\/\/blogsaverroes.juntadeandalucia.es\/andreainfantil\/files\/2023\/02\/IMG_5100-332x249.jpg 332w\" sizes=\"(max-width: 300px) 100vw, 300px\" \/><\/p>\n<p>ANTES DE SALIR, NOS HEMOS HECHO FOTOS CON: LA SE\u00d1O MAR\u00cdA, LA SE\u00d1O ELENA, TEACHER JUAN Y LA SE\u00d1O ASUN.<\/p>\n<p>&nbsp;<img loading=\"lazy\" decoding=\"async\" class=\"alignnone size-medium wp-image-6384\" src=\"https:\/\/blogsaverroes.juntadeandalucia.es\/andreainfantil\/files\/2023\/02\/IMG_5102-300x225.jpg\" alt=\"\" width=\"300\" height=\"225\" srcset=\"https:\/\/blogsaverroes.juntadeandalucia.es\/andreainfantil\/files\/2023\/02\/IMG_5102-300x225.jpg 300w, https:\/\/blogsaverroes.juntadeandalucia.es\/andreainfantil\/files\/2023\/02\/IMG_5102-1024x768.jpg 1024w, https:\/\/blogsaverroes.juntadeandalucia.es\/andreainfantil\/files\/2023\/02\/IMG_5102-768x576.jpg 768w, https:\/\/blogsaverroes.juntadeandalucia.es\/andreainfantil\/files\/2023\/02\/IMG_5102-1536x1152.jpg 1536w, https:\/\/blogsaverroes.juntadeandalucia.es\/andreainfantil\/files\/2023\/02\/IMG_5102-2048x1536.jpg 2048w, https:\/\/blogsaverroes.juntadeandalucia.es\/andreainfantil\/files\/2023\/02\/IMG_5102-700x525.jpg 700w, https:\/\/blogsaverroes.juntadeandalucia.es\/andreainfantil\/files\/2023\/02\/IMG_5102-332x249.jpg 332w\" sizes=\"(max-width: 300px) 100vw, 300px\" \/> <img loading=\"lazy\" decoding=\"async\" class=\"alignnone size-medium wp-image-6385\" src=\"https:\/\/blogsaverroes.juntadeandalucia.es\/andreainfantil\/files\/2023\/02\/IMG_5104-300x225.jpg\" alt=\"\" width=\"300\" height=\"225\" srcset=\"https:\/\/blogsaverroes.juntadeandalucia.es\/andreainfantil\/files\/2023\/02\/IMG_5104-300x225.jpg 300w, https:\/\/blogsaverroes.juntadeandalucia.es\/andreainfantil\/files\/2023\/02\/IMG_5104-1024x768.jpg 1024w, https:\/\/blogsaverroes.juntadeandalucia.es\/andreainfantil\/files\/2023\/02\/IMG_5104-768x576.jpg 768w, https:\/\/blogsaverroes.juntadeandalucia.es\/andreainfantil\/files\/2023\/02\/IMG_5104-1536x1152.jpg 1536w, https:\/\/blogsaverroes.juntadeandalucia.es\/andreainfantil\/files\/2023\/02\/IMG_5104-2048x1536.jpg 2048w, https:\/\/blogsaverroes.juntadeandalucia.es\/andreainfantil\/files\/2023\/02\/IMG_5104-700x525.jpg 700w, https:\/\/blogsaverroes.juntadeandalucia.es\/andreainfantil\/files\/2023\/02\/IMG_5104-332x249.jpg 332w\" sizes=\"(max-width: 300px) 100vw, 300px\" \/> <img loading=\"lazy\" decoding=\"async\" class=\"alignnone size-medium wp-image-6386\" src=\"https:\/\/blogsaverroes.juntadeandalucia.es\/andreainfantil\/files\/2023\/02\/IMG_5105-300x225.jpg\" alt=\"\" width=\"300\" height=\"225\" srcset=\"https:\/\/blogsaverroes.juntadeandalucia.es\/andreainfantil\/files\/2023\/02\/IMG_5105-300x225.jpg 300w, https:\/\/blogsaverroes.juntadeandalucia.es\/andreainfantil\/files\/2023\/02\/IMG_5105-1024x768.jpg 1024w, https:\/\/blogsaverroes.juntadeandalucia.es\/andreainfantil\/files\/2023\/02\/IMG_5105-768x576.jpg 768w, https:\/\/blogsaverroes.juntadeandalucia.es\/andreainfantil\/files\/2023\/02\/IMG_5105-1536x1152.jpg 1536w, https:\/\/blogsaverroes.juntadeandalucia.es\/andreainfantil\/files\/2023\/02\/IMG_5105-2048x1536.jpg 2048w, https:\/\/blogsaverroes.juntadeandalucia.es\/andreainfantil\/files\/2023\/02\/IMG_5105-700x525.jpg 700w, https:\/\/blogsaverroes.juntadeandalucia.es\/andreainfantil\/files\/2023\/02\/IMG_5105-332x249.jpg 332w\" sizes=\"(max-width: 300px) 100vw, 300px\" \/> <img loading=\"lazy\" decoding=\"async\" class=\"alignnone size-medium wp-image-6387\" src=\"https:\/\/blogsaverroes.juntadeandalucia.es\/andreainfantil\/files\/2023\/02\/IMG_5109-300x225.jpg\" alt=\"\" width=\"300\" height=\"225\" srcset=\"https:\/\/blogsaverroes.juntadeandalucia.es\/andreainfantil\/files\/2023\/02\/IMG_5109-300x225.jpg 300w, https:\/\/blogsaverroes.juntadeandalucia.es\/andreainfantil\/files\/2023\/02\/IMG_5109-1024x768.jpg 1024w, https:\/\/blogsaverroes.juntadeandalucia.es\/andreainfantil\/files\/2023\/02\/IMG_5109-768x576.jpg 768w, https:\/\/blogsaverroes.juntadeandalucia.es\/andreainfantil\/files\/2023\/02\/IMG_5109-1536x1152.jpg 1536w, https:\/\/blogsaverroes.juntadeandalucia.es\/andreainfantil\/files\/2023\/02\/IMG_5109-2048x1536.jpg 2048w, https:\/\/blogsaverroes.juntadeandalucia.es\/andreainfantil\/files\/2023\/02\/IMG_5109-700x525.jpg 700w, https:\/\/blogsaverroes.juntadeandalucia.es\/andreainfantil\/files\/2023\/02\/IMG_5109-332x249.jpg 332w\" sizes=\"(max-width: 300px) 100vw, 300px\" \/> <img loading=\"lazy\" decoding=\"async\" class=\"alignnone size-medium wp-image-6388\" src=\"https:\/\/blogsaverroes.juntadeandalucia.es\/andreainfantil\/files\/2023\/02\/IMG_5110-300x225.jpg\" alt=\"\" width=\"300\" height=\"225\" srcset=\"https:\/\/blogsaverroes.juntadeandalucia.es\/andreainfantil\/files\/2023\/02\/IMG_5110-300x225.jpg 300w, https:\/\/blogsaverroes.juntadeandalucia.es\/andreainfantil\/files\/2023\/02\/IMG_5110-1024x768.jpg 1024w, https:\/\/blogsaverroes.juntadeandalucia.es\/andreainfantil\/files\/2023\/02\/IMG_5110-768x576.jpg 768w, https:\/\/blogsaverroes.juntadeandalucia.es\/andreainfantil\/files\/2023\/02\/IMG_5110-1536x1152.jpg 1536w, https:\/\/blogsaverroes.juntadeandalucia.es\/andreainfantil\/files\/2023\/02\/IMG_5110-2048x1536.jpg 2048w, https:\/\/blogsaverroes.juntadeandalucia.es\/andreainfantil\/files\/2023\/02\/IMG_5110-700x525.jpg 700w, https:\/\/blogsaverroes.juntadeandalucia.es\/andreainfantil\/files\/2023\/02\/IMG_5110-332x249.jpg 332w\" sizes=\"(max-width: 300px) 100vw, 300px\" \/> <img loading=\"lazy\" decoding=\"async\" class=\"alignnone size-medium wp-image-6389\" src=\"https:\/\/blogsaverroes.juntadeandalucia.es\/andreainfantil\/files\/2023\/02\/IMG_5111-300x225.jpg\" alt=\"\" width=\"300\" height=\"225\" srcset=\"https:\/\/blogsaverroes.juntadeandalucia.es\/andreainfantil\/files\/2023\/02\/IMG_5111-300x225.jpg 300w, https:\/\/blogsaverroes.juntadeandalucia.es\/andreainfantil\/files\/2023\/02\/IMG_5111-1024x768.jpg 1024w, https:\/\/blogsaverroes.juntadeandalucia.es\/andreainfantil\/files\/2023\/02\/IMG_5111-768x576.jpg 768w, https:\/\/blogsaverroes.juntadeandalucia.es\/andreainfantil\/files\/2023\/02\/IMG_5111-1536x1152.jpg 1536w, https:\/\/blogsaverroes.juntadeandalucia.es\/andreainfantil\/files\/2023\/02\/IMG_5111-2048x1536.jpg 2048w, https:\/\/blogsaverroes.juntadeandalucia.es\/andreainfantil\/files\/2023\/02\/IMG_5111-700x525.jpg 700w, https:\/\/blogsaverroes.juntadeandalucia.es\/andreainfantil\/files\/2023\/02\/IMG_5111-332x249.jpg 332w\" sizes=\"(max-width: 300px) 100vw, 300px\" \/><\/p>\n<p>LUC\u00cdA, HA QUERIDO HACERSE UNA FOTO, CON UNA AMIGA QUE SE LLAMA IGUAL QUE ELLA.<\/p>\n<p><img loading=\"lazy\" decoding=\"async\" class=\"alignnone size-medium wp-image-6390\" src=\"https:\/\/blogsaverroes.juntadeandalucia.es\/andreainfantil\/files\/2023\/02\/IMG_5114-225x300.jpg\" alt=\"\" width=\"225\" height=\"300\" srcset=\"https:\/\/blogsaverroes.juntadeandalucia.es\/andreainfantil\/files\/2023\/02\/IMG_5114-225x300.jpg 225w, https:\/\/blogsaverroes.juntadeandalucia.es\/andreainfantil\/files\/2023\/02\/IMG_5114-768x1024.jpg 768w, https:\/\/blogsaverroes.juntadeandalucia.es\/andreainfantil\/files\/2023\/02\/IMG_5114-1152x1536.jpg 1152w, https:\/\/blogsaverroes.juntadeandalucia.es\/andreainfantil\/files\/2023\/02\/IMG_5114-1536x2048.jpg 1536w, https:\/\/blogsaverroes.juntadeandalucia.es\/andreainfantil\/files\/2023\/02\/IMG_5114-700x933.jpg 700w, https:\/\/blogsaverroes.juntadeandalucia.es\/andreainfantil\/files\/2023\/02\/IMG_5114-332x443.jpg 332w, https:\/\/blogsaverroes.juntadeandalucia.es\/andreainfantil\/files\/2023\/02\/IMG_5114-scaled.jpg 1920w\" sizes=\"(max-width: 225px) 100vw, 225px\" \/><\/p>\n<p>LLEGAMOS AL PATIO, ALL\u00cd ESTABA TODO EL COLE, HICIMOS EL PASACALLE.<\/p>\n<p><img loading=\"lazy\" decoding=\"async\" class=\"alignnone size-medium wp-image-6391\" src=\"https:\/\/blogsaverroes.juntadeandalucia.es\/andreainfantil\/files\/2023\/02\/IMG_5117-300x225.jpg\" alt=\"\" width=\"300\" height=\"225\" srcset=\"https:\/\/blogsaverroes.juntadeandalucia.es\/andreainfantil\/files\/2023\/02\/IMG_5117-300x225.jpg 300w, https:\/\/blogsaverroes.juntadeandalucia.es\/andreainfantil\/files\/2023\/02\/IMG_5117-1024x768.jpg 1024w, https:\/\/blogsaverroes.juntadeandalucia.es\/andreainfantil\/files\/2023\/02\/IMG_5117-768x576.jpg 768w, https:\/\/blogsaverroes.juntadeandalucia.es\/andreainfantil\/files\/2023\/02\/IMG_5117-1536x1152.jpg 1536w, https:\/\/blogsaverroes.juntadeandalucia.es\/andreainfantil\/files\/2023\/02\/IMG_5117-2048x1536.jpg 2048w, https:\/\/blogsaverroes.juntadeandalucia.es\/andreainfantil\/files\/2023\/02\/IMG_5117-700x525.jpg 700w, https:\/\/blogsaverroes.juntadeandalucia.es\/andreainfantil\/files\/2023\/02\/IMG_5117-332x249.jpg 332w\" sizes=\"(max-width: 300px) 100vw, 300px\" \/> <img loading=\"lazy\" decoding=\"async\" class=\"alignnone size-medium wp-image-6392\" src=\"https:\/\/blogsaverroes.juntadeandalucia.es\/andreainfantil\/files\/2023\/02\/IMG_5121-227x300.jpg\" alt=\"\" width=\"227\" height=\"300\" srcset=\"https:\/\/blogsaverroes.juntadeandalucia.es\/andreainfantil\/files\/2023\/02\/IMG_5121-227x300.jpg 227w, https:\/\/blogsaverroes.juntadeandalucia.es\/andreainfantil\/files\/2023\/02\/IMG_5121-776x1024.jpg 776w, https:\/\/blogsaverroes.juntadeandalucia.es\/andreainfantil\/files\/2023\/02\/IMG_5121-768x1013.jpg 768w, https:\/\/blogsaverroes.juntadeandalucia.es\/andreainfantil\/files\/2023\/02\/IMG_5121-1164x1536.jpg 1164w, https:\/\/blogsaverroes.juntadeandalucia.es\/andreainfantil\/files\/2023\/02\/IMG_5121-1552x2048.jpg 1552w, https:\/\/blogsaverroes.juntadeandalucia.es\/andreainfantil\/files\/2023\/02\/IMG_5121-700x924.jpg 700w, https:\/\/blogsaverroes.juntadeandalucia.es\/andreainfantil\/files\/2023\/02\/IMG_5121-332x438.jpg 332w, https:\/\/blogsaverroes.juntadeandalucia.es\/andreainfantil\/files\/2023\/02\/IMG_5121-scaled.jpg 1940w\" sizes=\"(max-width: 227px) 100vw, 227px\" \/> <img loading=\"lazy\" decoding=\"async\" class=\"alignnone size-medium wp-image-6393\" src=\"https:\/\/blogsaverroes.juntadeandalucia.es\/andreainfantil\/files\/2023\/02\/IMG_5122-300x225.jpg\" alt=\"\" width=\"300\" height=\"225\" srcset=\"https:\/\/blogsaverroes.juntadeandalucia.es\/andreainfantil\/files\/2023\/02\/IMG_5122-300x225.jpg 300w, https:\/\/blogsaverroes.juntadeandalucia.es\/andreainfantil\/files\/2023\/02\/IMG_5122-1024x768.jpg 1024w, https:\/\/blogsaverroes.juntadeandalucia.es\/andreainfantil\/files\/2023\/02\/IMG_5122-768x576.jpg 768w, https:\/\/blogsaverroes.juntadeandalucia.es\/andreainfantil\/files\/2023\/02\/IMG_5122-1536x1152.jpg 1536w, https:\/\/blogsaverroes.juntadeandalucia.es\/andreainfantil\/files\/2023\/02\/IMG_5122-2048x1536.jpg 2048w, https:\/\/blogsaverroes.juntadeandalucia.es\/andreainfantil\/files\/2023\/02\/IMG_5122-700x525.jpg 700w, https:\/\/blogsaverroes.juntadeandalucia.es\/andreainfantil\/files\/2023\/02\/IMG_5122-332x249.jpg 332w\" sizes=\"(max-width: 300px) 100vw, 300px\" \/> <img loading=\"lazy\" decoding=\"async\" class=\"alignnone size-medium wp-image-6394\" src=\"https:\/\/blogsaverroes.juntadeandalucia.es\/andreainfantil\/files\/2023\/02\/IMG_5123-300x225.jpg\" alt=\"\" width=\"300\" height=\"225\" srcset=\"https:\/\/blogsaverroes.juntadeandalucia.es\/andreainfantil\/files\/2023\/02\/IMG_5123-300x225.jpg 300w, https:\/\/blogsaverroes.juntadeandalucia.es\/andreainfantil\/files\/2023\/02\/IMG_5123-1024x768.jpg 1024w, https:\/\/blogsaverroes.juntadeandalucia.es\/andreainfantil\/files\/2023\/02\/IMG_5123-768x576.jpg 768w, https:\/\/blogsaverroes.juntadeandalucia.es\/andreainfantil\/files\/2023\/02\/IMG_5123-1536x1152.jpg 1536w, https:\/\/blogsaverroes.juntadeandalucia.es\/andreainfantil\/files\/2023\/02\/IMG_5123-2048x1536.jpg 2048w, https:\/\/blogsaverroes.juntadeandalucia.es\/andreainfantil\/files\/2023\/02\/IMG_5123-700x525.jpg 700w, https:\/\/blogsaverroes.juntadeandalucia.es\/andreainfantil\/files\/2023\/02\/IMG_5123-332x249.jpg 332w\" sizes=\"(max-width: 300px) 100vw, 300px\" \/> <img loading=\"lazy\" decoding=\"async\" class=\"alignnone size-medium wp-image-6395\" src=\"https:\/\/blogsaverroes.juntadeandalucia.es\/andreainfantil\/files\/2023\/02\/IMG_5124-300x225.jpg\" alt=\"\" width=\"300\" height=\"225\" srcset=\"https:\/\/blogsaverroes.juntadeandalucia.es\/andreainfantil\/files\/2023\/02\/IMG_5124-300x225.jpg 300w, https:\/\/blogsaverroes.juntadeandalucia.es\/andreainfantil\/files\/2023\/02\/IMG_5124-1024x768.jpg 1024w, https:\/\/blogsaverroes.juntadeandalucia.es\/andreainfantil\/files\/2023\/02\/IMG_5124-768x576.jpg 768w, https:\/\/blogsaverroes.juntadeandalucia.es\/andreainfantil\/files\/2023\/02\/IMG_5124-1536x1152.jpg 1536w, https:\/\/blogsaverroes.juntadeandalucia.es\/andreainfantil\/files\/2023\/02\/IMG_5124-2048x1536.jpg 2048w, https:\/\/blogsaverroes.juntadeandalucia.es\/andreainfantil\/files\/2023\/02\/IMG_5124-700x525.jpg 700w, https:\/\/blogsaverroes.juntadeandalucia.es\/andreainfantil\/files\/2023\/02\/IMG_5124-332x249.jpg 332w\" sizes=\"(max-width: 300px) 100vw, 300px\" \/> <img loading=\"lazy\" decoding=\"async\" class=\"alignnone size-medium wp-image-6396\" src=\"https:\/\/blogsaverroes.juntadeandalucia.es\/andreainfantil\/files\/2023\/02\/IMG_5125-300x225.jpg\" alt=\"\" width=\"300\" height=\"225\" srcset=\"https:\/\/blogsaverroes.juntadeandalucia.es\/andreainfantil\/files\/2023\/02\/IMG_5125-300x225.jpg 300w, https:\/\/blogsaverroes.juntadeandalucia.es\/andreainfantil\/files\/2023\/02\/IMG_5125-1024x768.jpg 1024w, https:\/\/blogsaverroes.juntadeandalucia.es\/andreainfantil\/files\/2023\/02\/IMG_5125-768x576.jpg 768w, https:\/\/blogsaverroes.juntadeandalucia.es\/andreainfantil\/files\/2023\/02\/IMG_5125-1536x1152.jpg 1536w, https:\/\/blogsaverroes.juntadeandalucia.es\/andreainfantil\/files\/2023\/02\/IMG_5125-2048x1536.jpg 2048w, https:\/\/blogsaverroes.juntadeandalucia.es\/andreainfantil\/files\/2023\/02\/IMG_5125-700x525.jpg 700w, https:\/\/blogsaverroes.juntadeandalucia.es\/andreainfantil\/files\/2023\/02\/IMG_5125-332x249.jpg 332w\" sizes=\"(max-width: 300px) 100vw, 300px\" \/> <img loading=\"lazy\" decoding=\"async\" class=\"alignnone size-medium wp-image-6397\" src=\"https:\/\/blogsaverroes.juntadeandalucia.es\/andreainfantil\/files\/2023\/02\/IMG_5126-300x225.jpg\" alt=\"\" width=\"300\" height=\"225\" srcset=\"https:\/\/blogsaverroes.juntadeandalucia.es\/andreainfantil\/files\/2023\/02\/IMG_5126-300x225.jpg 300w, https:\/\/blogsaverroes.juntadeandalucia.es\/andreainfantil\/files\/2023\/02\/IMG_5126-1024x768.jpg 1024w, https:\/\/blogsaverroes.juntadeandalucia.es\/andreainfantil\/files\/2023\/02\/IMG_5126-768x576.jpg 768w, https:\/\/blogsaverroes.juntadeandalucia.es\/andreainfantil\/files\/2023\/02\/IMG_5126-1536x1152.jpg 1536w, https:\/\/blogsaverroes.juntadeandalucia.es\/andreainfantil\/files\/2023\/02\/IMG_5126-2048x1536.jpg 2048w, https:\/\/blogsaverroes.juntadeandalucia.es\/andreainfantil\/files\/2023\/02\/IMG_5126-700x525.jpg 700w, https:\/\/blogsaverroes.juntadeandalucia.es\/andreainfantil\/files\/2023\/02\/IMG_5126-332x249.jpg 332w\" sizes=\"(max-width: 300px) 100vw, 300px\" \/> <img loading=\"lazy\" decoding=\"async\" class=\"alignnone size-medium wp-image-6398\" src=\"https:\/\/blogsaverroes.juntadeandalucia.es\/andreainfantil\/files\/2023\/02\/IMG_5127-300x225.jpg\" alt=\"\" width=\"300\" height=\"225\" srcset=\"https:\/\/blogsaverroes.juntadeandalucia.es\/andreainfantil\/files\/2023\/02\/IMG_5127-300x225.jpg 300w, https:\/\/blogsaverroes.juntadeandalucia.es\/andreainfantil\/files\/2023\/02\/IMG_5127-1024x768.jpg 1024w, https:\/\/blogsaverroes.juntadeandalucia.es\/andreainfantil\/files\/2023\/02\/IMG_5127-768x576.jpg 768w, https:\/\/blogsaverroes.juntadeandalucia.es\/andreainfantil\/files\/2023\/02\/IMG_5127-1536x1152.jpg 1536w, https:\/\/blogsaverroes.juntadeandalucia.es\/andreainfantil\/files\/2023\/02\/IMG_5127-2048x1536.jpg 2048w, https:\/\/blogsaverroes.juntadeandalucia.es\/andreainfantil\/files\/2023\/02\/IMG_5127-700x525.jpg 700w, https:\/\/blogsaverroes.juntadeandalucia.es\/andreainfantil\/files\/2023\/02\/IMG_5127-332x249.jpg 332w\" sizes=\"(max-width: 300px) 100vw, 300px\" \/> <img loading=\"lazy\" decoding=\"async\" class=\"alignnone size-medium wp-image-6399\" src=\"https:\/\/blogsaverroes.juntadeandalucia.es\/andreainfantil\/files\/2023\/02\/IMG_5128-225x300.jpg\" alt=\"\" width=\"225\" height=\"300\" srcset=\"https:\/\/blogsaverroes.juntadeandalucia.es\/andreainfantil\/files\/2023\/02\/IMG_5128-225x300.jpg 225w, https:\/\/blogsaverroes.juntadeandalucia.es\/andreainfantil\/files\/2023\/02\/IMG_5128-768x1024.jpg 768w, https:\/\/blogsaverroes.juntadeandalucia.es\/andreainfantil\/files\/2023\/02\/IMG_5128-1152x1536.jpg 1152w, https:\/\/blogsaverroes.juntadeandalucia.es\/andreainfantil\/files\/2023\/02\/IMG_5128-1536x2048.jpg 1536w, https:\/\/blogsaverroes.juntadeandalucia.es\/andreainfantil\/files\/2023\/02\/IMG_5128-700x933.jpg 700w, https:\/\/blogsaverroes.juntadeandalucia.es\/andreainfantil\/files\/2023\/02\/IMG_5128-332x443.jpg 332w, https:\/\/blogsaverroes.juntadeandalucia.es\/andreainfantil\/files\/2023\/02\/IMG_5128-scaled.jpg 1920w\" sizes=\"(max-width: 225px) 100vw, 225px\" \/> <img loading=\"lazy\" decoding=\"async\" class=\"alignnone size-medium wp-image-6400\" src=\"https:\/\/blogsaverroes.juntadeandalucia.es\/andreainfantil\/files\/2023\/02\/IMG_5132-300x225.jpg\" alt=\"\" width=\"300\" height=\"225\" srcset=\"https:\/\/blogsaverroes.juntadeandalucia.es\/andreainfantil\/files\/2023\/02\/IMG_5132-300x225.jpg 300w, https:\/\/blogsaverroes.juntadeandalucia.es\/andreainfantil\/files\/2023\/02\/IMG_5132-1024x768.jpg 1024w, https:\/\/blogsaverroes.juntadeandalucia.es\/andreainfantil\/files\/2023\/02\/IMG_5132-768x576.jpg 768w, https:\/\/blogsaverroes.juntadeandalucia.es\/andreainfantil\/files\/2023\/02\/IMG_5132-1536x1152.jpg 1536w, https:\/\/blogsaverroes.juntadeandalucia.es\/andreainfantil\/files\/2023\/02\/IMG_5132-2048x1536.jpg 2048w, https:\/\/blogsaverroes.juntadeandalucia.es\/andreainfantil\/files\/2023\/02\/IMG_5132-700x525.jpg 700w, https:\/\/blogsaverroes.juntadeandalucia.es\/andreainfantil\/files\/2023\/02\/IMG_5132-332x249.jpg 332w\" sizes=\"(max-width: 300px) 100vw, 300px\" \/><\/p>\n<p>AS\u00cd IBAMOS.&nbsp;<\/p>\n<div style=\"width: 640px;\" class=\"wp-video\"><!--[if lt IE 9]><script>document.createElement('video');<\/script><![endif]-->\n<video class=\"wp-video-shortcode\" id=\"video-6370-1\" width=\"640\" height=\"352\" preload=\"metadata\" controls=\"controls\"><source type=\"video\/mp4\" src=\"https:\/\/blogsaverroes.juntadeandalucia.es\/andreainfantil\/files\/2023\/02\/fbabe9a0-5cda-4a74-93d2-e16327de3279.mp4?_=1\" \/><a href=\"https:\/\/blogsaverroes.juntadeandalucia.es\/andreainfantil\/files\/2023\/02\/fbabe9a0-5cda-4a74-93d2-e16327de3279.mp4\">https:\/\/blogsaverroes.juntadeandalucia.es\/andreainfantil\/files\/2023\/02\/fbabe9a0-5cda-4a74-93d2-e16327de3279.mp4<\/a><\/video><\/div>\n<p>LAS MAM\u00c1S DEL AMPA TAMBI\u00c9N VEN\u00cdAN DISFRAZADAS DE COCHE CHOQUES.<\/p>\n<p><img loading=\"lazy\" decoding=\"async\" class=\"alignnone size-medium wp-image-6401\" src=\"https:\/\/blogsaverroes.juntadeandalucia.es\/andreainfantil\/files\/2023\/02\/IMG_5133-300x225.jpg\" alt=\"\" width=\"300\" height=\"225\" srcset=\"https:\/\/blogsaverroes.juntadeandalucia.es\/andreainfantil\/files\/2023\/02\/IMG_5133-300x225.jpg 300w, https:\/\/blogsaverroes.juntadeandalucia.es\/andreainfantil\/files\/2023\/02\/IMG_5133-1024x768.jpg 1024w, https:\/\/blogsaverroes.juntadeandalucia.es\/andreainfantil\/files\/2023\/02\/IMG_5133-768x576.jpg 768w, https:\/\/blogsaverroes.juntadeandalucia.es\/andreainfantil\/files\/2023\/02\/IMG_5133-1536x1152.jpg 1536w, https:\/\/blogsaverroes.juntadeandalucia.es\/andreainfantil\/files\/2023\/02\/IMG_5133-2048x1536.jpg 2048w, https:\/\/blogsaverroes.juntadeandalucia.es\/andreainfantil\/files\/2023\/02\/IMG_5133-700x525.jpg 700w, https:\/\/blogsaverroes.juntadeandalucia.es\/andreainfantil\/files\/2023\/02\/IMG_5133-332x249.jpg 332w\" sizes=\"(max-width: 300px) 100vw, 300px\" \/> <img loading=\"lazy\" decoding=\"async\" class=\"alignnone size-medium wp-image-6402\" src=\"https:\/\/blogsaverroes.juntadeandalucia.es\/andreainfantil\/files\/2023\/02\/IMG_5134-300x225.jpg\" alt=\"\" width=\"300\" height=\"225\" srcset=\"https:\/\/blogsaverroes.juntadeandalucia.es\/andreainfantil\/files\/2023\/02\/IMG_5134-300x225.jpg 300w, https:\/\/blogsaverroes.juntadeandalucia.es\/andreainfantil\/files\/2023\/02\/IMG_5134-1024x768.jpg 1024w, https:\/\/blogsaverroes.juntadeandalucia.es\/andreainfantil\/files\/2023\/02\/IMG_5134-768x576.jpg 768w, https:\/\/blogsaverroes.juntadeandalucia.es\/andreainfantil\/files\/2023\/02\/IMG_5134-1536x1152.jpg 1536w, https:\/\/blogsaverroes.juntadeandalucia.es\/andreainfantil\/files\/2023\/02\/IMG_5134-2048x1536.jpg 2048w, https:\/\/blogsaverroes.juntadeandalucia.es\/andreainfantil\/files\/2023\/02\/IMG_5134-700x525.jpg 700w, https:\/\/blogsaverroes.juntadeandalucia.es\/andreainfantil\/files\/2023\/02\/IMG_5134-332x249.jpg 332w\" sizes=\"(max-width: 300px) 100vw, 300px\" \/> <img loading=\"lazy\" decoding=\"async\" class=\"alignnone size-medium wp-image-6403\" src=\"https:\/\/blogsaverroes.juntadeandalucia.es\/andreainfantil\/files\/2023\/02\/IMG_5136-300x225.jpg\" alt=\"\" width=\"300\" height=\"225\" srcset=\"https:\/\/blogsaverroes.juntadeandalucia.es\/andreainfantil\/files\/2023\/02\/IMG_5136-300x225.jpg 300w, https:\/\/blogsaverroes.juntadeandalucia.es\/andreainfantil\/files\/2023\/02\/IMG_5136-1024x768.jpg 1024w, https:\/\/blogsaverroes.juntadeandalucia.es\/andreainfantil\/files\/2023\/02\/IMG_5136-768x576.jpg 768w, https:\/\/blogsaverroes.juntadeandalucia.es\/andreainfantil\/files\/2023\/02\/IMG_5136-1536x1152.jpg 1536w, https:\/\/blogsaverroes.juntadeandalucia.es\/andreainfantil\/files\/2023\/02\/IMG_5136-2048x1536.jpg 2048w, https:\/\/blogsaverroes.juntadeandalucia.es\/andreainfantil\/files\/2023\/02\/IMG_5136-700x525.jpg 700w, https:\/\/blogsaverroes.juntadeandalucia.es\/andreainfantil\/files\/2023\/02\/IMG_5136-332x249.jpg 332w\" sizes=\"(max-width: 300px) 100vw, 300px\" \/> <img loading=\"lazy\" decoding=\"async\" class=\"alignnone size-medium wp-image-6404\" src=\"https:\/\/blogsaverroes.juntadeandalucia.es\/andreainfantil\/files\/2023\/02\/IMG_5137-300x225.jpg\" alt=\"\" width=\"300\" height=\"225\" srcset=\"https:\/\/blogsaverroes.juntadeandalucia.es\/andreainfantil\/files\/2023\/02\/IMG_5137-300x225.jpg 300w, https:\/\/blogsaverroes.juntadeandalucia.es\/andreainfantil\/files\/2023\/02\/IMG_5137-1024x768.jpg 1024w, https:\/\/blogsaverroes.juntadeandalucia.es\/andreainfantil\/files\/2023\/02\/IMG_5137-768x576.jpg 768w, https:\/\/blogsaverroes.juntadeandalucia.es\/andreainfantil\/files\/2023\/02\/IMG_5137-1536x1152.jpg 1536w, https:\/\/blogsaverroes.juntadeandalucia.es\/andreainfantil\/files\/2023\/02\/IMG_5137-2048x1536.jpg 2048w, https:\/\/blogsaverroes.juntadeandalucia.es\/andreainfantil\/files\/2023\/02\/IMG_5137-700x525.jpg 700w, https:\/\/blogsaverroes.juntadeandalucia.es\/andreainfantil\/files\/2023\/02\/IMG_5137-332x249.jpg 332w\" sizes=\"(max-width: 300px) 100vw, 300px\" \/><\/p>\n<p>E HICIERON ESTA ACTUACI\u00d3N, NOS HA ENCANTADO.<\/p>\n<div style=\"width: 848px;\" class=\"wp-video\"><video class=\"wp-video-shortcode\" id=\"video-6370-2\" width=\"848\" height=\"480\" preload=\"metadata\" controls=\"controls\"><source type=\"video\/mp4\" src=\"https:\/\/blogsaverroes.juntadeandalucia.es\/andreainfantil\/files\/2023\/02\/aa967d82-4fb1-4dc6-b8d1-c8cbf8ecd238.mp4?_=2\" \/><a href=\"https:\/\/blogsaverroes.juntadeandalucia.es\/andreainfantil\/files\/2023\/02\/aa967d82-4fb1-4dc6-b8d1-c8cbf8ecd238.mp4\">https:\/\/blogsaverroes.juntadeandalucia.es\/andreainfantil\/files\/2023\/02\/aa967d82-4fb1-4dc6-b8d1-c8cbf8ecd238.mp4<\/a><\/video><\/div>\n<p>&nbsp;EN CLASE DESAYUNAMOS .<\/p>\n<p><img loading=\"lazy\" decoding=\"async\" class=\"alignnone size-medium wp-image-6406\" src=\"https:\/\/blogsaverroes.juntadeandalucia.es\/andreainfantil\/files\/2023\/02\/IMG_5146-300x225.jpg\" alt=\"\" width=\"300\" height=\"225\" srcset=\"https:\/\/blogsaverroes.juntadeandalucia.es\/andreainfantil\/files\/2023\/02\/IMG_5146-300x225.jpg 300w, https:\/\/blogsaverroes.juntadeandalucia.es\/andreainfantil\/files\/2023\/02\/IMG_5146-1024x768.jpg 1024w, https:\/\/blogsaverroes.juntadeandalucia.es\/andreainfantil\/files\/2023\/02\/IMG_5146-768x576.jpg 768w, https:\/\/blogsaverroes.juntadeandalucia.es\/andreainfantil\/files\/2023\/02\/IMG_5146-1536x1152.jpg 1536w, https:\/\/blogsaverroes.juntadeandalucia.es\/andreainfantil\/files\/2023\/02\/IMG_5146-2048x1536.jpg 2048w, https:\/\/blogsaverroes.juntadeandalucia.es\/andreainfantil\/files\/2023\/02\/IMG_5146-700x525.jpg 700w, https:\/\/blogsaverroes.juntadeandalucia.es\/andreainfantil\/files\/2023\/02\/IMG_5146-332x249.jpg 332w\" sizes=\"(max-width: 300px) 100vw, 300px\" \/><\/p>\n<p>EL D\u00cdA HA CONCLUIDO CON LA ACTUACI\u00d3N DEL CORO DEL MAESTRO JES\u00daS EN LA SUM.<\/p>\n<p>AL LLEGAR A LA SUM, NOS HEMOS ENCONTRADO CON ARIEL.<\/p>\n<p><img loading=\"lazy\" decoding=\"async\" class=\"alignnone size-medium wp-image-6411\" src=\"https:\/\/blogsaverroes.juntadeandalucia.es\/andreainfantil\/files\/2023\/02\/2673c2f7-eff9-4941-bb83-08d15cca5e45-225x300.jpg\" alt=\"\" width=\"225\" height=\"300\" srcset=\"https:\/\/blogsaverroes.juntadeandalucia.es\/andreainfantil\/files\/2023\/02\/2673c2f7-eff9-4941-bb83-08d15cca5e45-225x300.jpg 225w, https:\/\/blogsaverroes.juntadeandalucia.es\/andreainfantil\/files\/2023\/02\/2673c2f7-eff9-4941-bb83-08d15cca5e45-768x1024.jpg 768w, https:\/\/blogsaverroes.juntadeandalucia.es\/andreainfantil\/files\/2023\/02\/2673c2f7-eff9-4941-bb83-08d15cca5e45-1152x1536.jpg 1152w, https:\/\/blogsaverroes.juntadeandalucia.es\/andreainfantil\/files\/2023\/02\/2673c2f7-eff9-4941-bb83-08d15cca5e45-700x933.jpg 700w, https:\/\/blogsaverroes.juntadeandalucia.es\/andreainfantil\/files\/2023\/02\/2673c2f7-eff9-4941-bb83-08d15cca5e45-332x443.jpg 332w, https:\/\/blogsaverroes.juntadeandalucia.es\/andreainfantil\/files\/2023\/02\/2673c2f7-eff9-4941-bb83-08d15cca5e45.jpg 1200w\" sizes=\"(max-width: 225px) 100vw, 225px\" \/><\/p>\n<p>ESTAS HAN SIDO ALGUNAS DE LAS COPLAS QUE &nbsp;HA CANTADO EL CORO.<\/p>\n<div style=\"width: 640px;\" class=\"wp-video\"><video class=\"wp-video-shortcode\" id=\"video-6370-3\" width=\"640\" height=\"352\" preload=\"metadata\" controls=\"controls\"><source type=\"video\/mp4\" src=\"https:\/\/blogsaverroes.juntadeandalucia.es\/andreainfantil\/files\/2023\/02\/1ade11a4-c642-4baa-b775-3a88b798086a.mp4?_=3\" \/><a href=\"https:\/\/blogsaverroes.juntadeandalucia.es\/andreainfantil\/files\/2023\/02\/1ade11a4-c642-4baa-b775-3a88b798086a.mp4\">https:\/\/blogsaverroes.juntadeandalucia.es\/andreainfantil\/files\/2023\/02\/1ade11a4-c642-4baa-b775-3a88b798086a.mp4<\/a><\/video><\/div>\n<p>&nbsp;<\/p>\n<div style=\"width: 640px;\" class=\"wp-video\"><video class=\"wp-video-shortcode\" id=\"video-6370-4\" width=\"640\" height=\"352\" preload=\"metadata\" controls=\"controls\"><source type=\"video\/mp4\" src=\"https:\/\/blogsaverroes.juntadeandalucia.es\/andreainfantil\/files\/2023\/02\/cf182425-4713-4f32-bff5-a83ad9688dd3.mp4?_=4\" \/><a href=\"https:\/\/blogsaverroes.juntadeandalucia.es\/andreainfantil\/files\/2023\/02\/cf182425-4713-4f32-bff5-a83ad9688dd3.mp4\">https:\/\/blogsaverroes.juntadeandalucia.es\/andreainfantil\/files\/2023\/02\/cf182425-4713-4f32-bff5-a83ad9688dd3.mp4<\/a><\/video><\/div>\n<p>MUCH\u00cdSIMAS GRACIAS A TODOS-AS POR HABER HECHO POSIBLE ESTE D\u00cdA. SIN VUESTRA COLABORACI\u00d3N NO &nbsp;HUBIESE SIDO POSIBLE.<\/p>\n<p><img loading=\"lazy\" decoding=\"async\" class=\"size-full wp-image-6416 aligncenter\" src=\"https:\/\/blogsaverroes.juntadeandalucia.es\/andreainfantil\/files\/2023\/02\/CARNAVAL.jpeg\" alt=\"\" width=\"275\" height=\"183\"><\/p>\n<p>&nbsp;<\/p>\n","protected":false},"excerpt":{"rendered":"<p>HA LLEGADO EL CARNAVAL Y COMO ESTAMOS CON EL PROYECTO DE LA ABEJA, HEMOS DECIDIDO POR UNANIMIDAD, DISFRAZARNOS DE ABEJAS.&nbsp; &nbsp; &nbsp; &nbsp;HEMOS VENIDOS TODOS-AS GUAP\u00cdSIMOS-AS CON UNA GRAN DIVERSIDAD. EN EL COLE, LE&#46;&#46;&#46;<\/p>\n","protected":false},"author":11481,"featured_media":6416,"comment_status":"open","ping_status":"open","sticky":false,"template":"","format":"standard","meta":{"ngg_post_thumbnail":0,"footnotes":""},"categories":[1],"tags":[],"aioseo_notices":[],"_links":{"self":[{"href":"https:\/\/blogsaverroes.juntadeandalucia.es\/andreainfantil\/wp-json\/wp\/v2\/posts\/6370"}],"collection":[{"href":"https:\/\/blogsaverroes.juntadeandalucia.es\/andreainfantil\/wp-json\/wp\/v2\/posts"}],"about":[{"href":"https:\/\/blogsaverroes.juntadeandalucia.es\/andreainfantil\/wp-json\/wp\/v2\/types\/post"}],"author":[{"embeddable":true,"href":"https:\/\/blogsaverroes.juntadeandalucia.es\/andreainfantil\/wp-json\/wp\/v2\/users\/11481"}],"replies":[{"embeddable":true,"href":"https:\/\/blogsaverroes.juntadeandalucia.es\/andreainfantil\/wp-json\/wp\/v2\/comments?post=6370"}],"version-history":[{"count":7,"href":"https:\/\/blogsaverroes.juntadeandalucia.es\/andreainfantil\/wp-json\/wp\/v2\/posts\/6370\/revisions"}],"predecessor-version":[{"id":6419,"href":"https:\/\/blogsaverroes.juntadeandalucia.es\/andreainfantil\/wp-json\/wp\/v2\/posts\/6370\/revisions\/6419"}],"wp:featuredmedia":[{"embeddable":true,"href":"https:\/\/blogsaverroes.juntadeandalucia.es\/andreainfantil\/wp-json\/wp\/v2\/media\/6416"}],"wp:attachment":[{"href":"https:\/\/blogsaverroes.juntadeandalucia.es\/andreainfantil\/wp-json\/wp\/v2\/media?parent=6370"}],"wp:term":[{"taxonomy":"category","embeddable":true,"href":"https:\/\/blogsaverroes.juntadeandalucia.es\/andreainfantil\/wp-json\/wp\/v2\/categories?post=6370"},{"taxonomy":"post_tag","embeddable":true,"href":"https:\/\/blogsaverroes.juntadeandalucia.es\/andreainfantil\/wp-json\/wp\/v2\/tags?post=6370"}],"curies":[{"name":"wp","href":"https:\/\/api.w.org\/{rel}","templated":true}]}}