{"id":166,"date":"2021-12-07T15:57:14","date_gmt":"2021-12-07T15:57:14","guid":{"rendered":"https:\/\/blogsaverroes.juntadeandalucia.es\/anteseracampo\/?p=166"},"modified":"2021-12-07T16:03:53","modified_gmt":"2021-12-07T16:03:53","slug":"sabes-quien-soy-2","status":"publish","type":"post","link":"https:\/\/blogsaverroes.juntadeandalucia.es\/anteseracampo\/sabes-quien-soy-2\/","title":{"rendered":"\u00bfsabes qui\u00e9n soy?"},"content":{"rendered":"<p><img loading=\"lazy\" decoding=\"async\" class=\"aligncenter size-large wp-image-167\" src=\"https:\/\/blogsaverroes.juntadeandalucia.es\/anteseracampo\/files\/2021\/12\/Captura-de-pantalla-2021-12-07-a-las-16.43.06-1024x691.png\" alt=\"\" width=\"1024\" height=\"691\" srcset=\"https:\/\/blogsaverroes.juntadeandalucia.es\/anteseracampo\/files\/2021\/12\/Captura-de-pantalla-2021-12-07-a-las-16.43.06-1024x691.png 1024w, https:\/\/blogsaverroes.juntadeandalucia.es\/anteseracampo\/files\/2021\/12\/Captura-de-pantalla-2021-12-07-a-las-16.43.06-300x203.png 300w, https:\/\/blogsaverroes.juntadeandalucia.es\/anteseracampo\/files\/2021\/12\/Captura-de-pantalla-2021-12-07-a-las-16.43.06-768x518.png 768w, https:\/\/blogsaverroes.juntadeandalucia.es\/anteseracampo\/files\/2021\/12\/Captura-de-pantalla-2021-12-07-a-las-16.43.06.png 1280w\" sizes=\"(max-width: 1024px) 100vw, 1024px\" \/><\/p>\n<p>Hola, buenas tardes, aunque soy un pajarillo de peque\u00f1o tama\u00f1o, tengo un delicado y llamativo plumaje. Por eso estoy muy contento de que se hayan acordado de m\u00ed en el IES \u00c1lvar N\u00fa\u00f1ez para dar nombre a un aula y decorar la puerta con mi foto, \u00a1Normalmente, solo se acuerdan de esas rapaces grandotas!<\/p>\n<p>Me piden que os haga unas preguntas para continuar con el concurso ornitol\u00f3gico. Son f\u00e1ciles:<\/p>\n<p>a) Mi nombre com\u00fan y cient\u00edfico<\/p>\n<p>b) \u00bfEn qu\u00e9 consiste mi dieta y mi h\u00e1bitat natural?<\/p>\n<p>c) Y por, ultimo, \u00bfa qu\u00e9 curso o aula doy nombre?<\/p>\n<p>Gracias con contar conmigo. Recordad decir mi nombre cuando me ve\u00edais en la naturaleza, \u00a1con ese amarillo y mi cabecita celeste, no hay otro igual.<\/p>\n","protected":false},"excerpt":{"rendered":"<p>Hola, buenas tardes, aunque soy un pajarillo de peque\u00f1o tama\u00f1o, tengo un delicado y llamativo plumaje. Por eso estoy muy contento de que se hayan acordado de m\u00ed en el IES \u00c1lvar N\u00fa\u00f1ez para&#46;&#46;&#46;<\/p>\n","protected":false},"author":11526,"featured_media":167,"comment_status":"open","ping_status":"open","sticky":false,"template":"","format":"standard","meta":{"ngg_post_thumbnail":0,"footnotes":""},"categories":[15],"tags":[22],"aioseo_notices":[],"_links":{"self":[{"href":"https:\/\/blogsaverroes.juntadeandalucia.es\/anteseracampo\/wp-json\/wp\/v2\/posts\/166"}],"collection":[{"href":"https:\/\/blogsaverroes.juntadeandalucia.es\/anteseracampo\/wp-json\/wp\/v2\/posts"}],"about":[{"href":"https:\/\/blogsaverroes.juntadeandalucia.es\/anteseracampo\/wp-json\/wp\/v2\/types\/post"}],"author":[{"embeddable":true,"href":"https:\/\/blogsaverroes.juntadeandalucia.es\/anteseracampo\/wp-json\/wp\/v2\/users\/11526"}],"replies":[{"embeddable":true,"href":"https:\/\/blogsaverroes.juntadeandalucia.es\/anteseracampo\/wp-json\/wp\/v2\/comments?post=166"}],"version-history":[{"count":2,"href":"https:\/\/blogsaverroes.juntadeandalucia.es\/anteseracampo\/wp-json\/wp\/v2\/posts\/166\/revisions"}],"predecessor-version":[{"id":169,"href":"https:\/\/blogsaverroes.juntadeandalucia.es\/anteseracampo\/wp-json\/wp\/v2\/posts\/166\/revisions\/169"}],"wp:featuredmedia":[{"embeddable":true,"href":"https:\/\/blogsaverroes.juntadeandalucia.es\/anteseracampo\/wp-json\/wp\/v2\/media\/167"}],"wp:attachment":[{"href":"https:\/\/blogsaverroes.juntadeandalucia.es\/anteseracampo\/wp-json\/wp\/v2\/media?parent=166"}],"wp:term":[{"taxonomy":"category","embeddable":true,"href":"https:\/\/blogsaverroes.juntadeandalucia.es\/anteseracampo\/wp-json\/wp\/v2\/categories?post=166"},{"taxonomy":"post_tag","embeddable":true,"href":"https:\/\/blogsaverroes.juntadeandalucia.es\/anteseracampo\/wp-json\/wp\/v2\/tags?post=166"}],"curies":[{"name":"wp","href":"https:\/\/api.w.org\/{rel}","templated":true}]}}