{"id":200,"date":"2021-12-13T06:55:10","date_gmt":"2021-12-13T06:55:10","guid":{"rendered":"https:\/\/blogsaverroes.juntadeandalucia.es\/anteseracampo\/?p=200"},"modified":"2021-12-13T06:55:10","modified_gmt":"2021-12-13T06:55:10","slug":"sabes-quien-soy-3","status":"publish","type":"post","link":"https:\/\/blogsaverroes.juntadeandalucia.es\/anteseracampo\/sabes-quien-soy-3\/","title":{"rendered":"\u00bfSabes qui\u00e9n soy?"},"content":{"rendered":"<p>Buenos d\u00edas, hoy os dejamos esta hermosa acu\u00e1tica jugando con su cr\u00eda. Se trata de una especie muy elegante y con curioso cortejo en la \u00e9poca reproductora. \u00bfSabes de qu\u00e9 especie se trata? \u00bfpodr\u00edas describirnos su cortejo?<\/p>\n<p>\u00bfA qu\u00e9 aula da nombre?<\/p>\n<p>Las respuestas solo ser\u00e1n v\u00e1lidas despu\u00e9s de las 15:30 horas.<\/p>\n<p><img loading=\"lazy\" decoding=\"async\" class=\"aligncenter size-large wp-image-201\" src=\"https:\/\/blogsaverroes.juntadeandalucia.es\/anteseracampo\/files\/2021\/12\/Somornujo-lavanco-con-cri\u0301a-1024x683.jpg\" alt=\"\" width=\"1024\" height=\"683\" srcset=\"https:\/\/blogsaverroes.juntadeandalucia.es\/anteseracampo\/files\/2021\/12\/Somornujo-lavanco-con-cri\u0301a-1024x683.jpg 1024w, https:\/\/blogsaverroes.juntadeandalucia.es\/anteseracampo\/files\/2021\/12\/Somornujo-lavanco-con-cri\u0301a-300x200.jpg 300w, https:\/\/blogsaverroes.juntadeandalucia.es\/anteseracampo\/files\/2021\/12\/Somornujo-lavanco-con-cri\u0301a-768x512.jpg 768w, https:\/\/blogsaverroes.juntadeandalucia.es\/anteseracampo\/files\/2021\/12\/Somornujo-lavanco-con-cri\u0301a-1536x1024.jpg 1536w, https:\/\/blogsaverroes.juntadeandalucia.es\/anteseracampo\/files\/2021\/12\/Somornujo-lavanco-con-cri\u0301a-2048x1365.jpg 2048w\" sizes=\"(max-width: 1024px) 100vw, 1024px\" \/><\/p>\n","protected":false},"excerpt":{"rendered":"<p>Buenos d\u00edas, hoy os dejamos esta hermosa acu\u00e1tica jugando con su cr\u00eda. Se trata de una especie muy elegante y con curioso cortejo en la \u00e9poca reproductora. \u00bfSabes de qu\u00e9 especie se trata? \u00bfpodr\u00edas&#46;&#46;&#46;<\/p>\n","protected":false},"author":11526,"featured_media":201,"comment_status":"open","ping_status":"open","sticky":false,"template":"","format":"standard","meta":{"ngg_post_thumbnail":0,"footnotes":""},"categories":[15],"tags":[],"aioseo_notices":[],"_links":{"self":[{"href":"https:\/\/blogsaverroes.juntadeandalucia.es\/anteseracampo\/wp-json\/wp\/v2\/posts\/200"}],"collection":[{"href":"https:\/\/blogsaverroes.juntadeandalucia.es\/anteseracampo\/wp-json\/wp\/v2\/posts"}],"about":[{"href":"https:\/\/blogsaverroes.juntadeandalucia.es\/anteseracampo\/wp-json\/wp\/v2\/types\/post"}],"author":[{"embeddable":true,"href":"https:\/\/blogsaverroes.juntadeandalucia.es\/anteseracampo\/wp-json\/wp\/v2\/users\/11526"}],"replies":[{"embeddable":true,"href":"https:\/\/blogsaverroes.juntadeandalucia.es\/anteseracampo\/wp-json\/wp\/v2\/comments?post=200"}],"version-history":[{"count":1,"href":"https:\/\/blogsaverroes.juntadeandalucia.es\/anteseracampo\/wp-json\/wp\/v2\/posts\/200\/revisions"}],"predecessor-version":[{"id":202,"href":"https:\/\/blogsaverroes.juntadeandalucia.es\/anteseracampo\/wp-json\/wp\/v2\/posts\/200\/revisions\/202"}],"wp:featuredmedia":[{"embeddable":true,"href":"https:\/\/blogsaverroes.juntadeandalucia.es\/anteseracampo\/wp-json\/wp\/v2\/media\/201"}],"wp:attachment":[{"href":"https:\/\/blogsaverroes.juntadeandalucia.es\/anteseracampo\/wp-json\/wp\/v2\/media?parent=200"}],"wp:term":[{"taxonomy":"category","embeddable":true,"href":"https:\/\/blogsaverroes.juntadeandalucia.es\/anteseracampo\/wp-json\/wp\/v2\/categories?post=200"},{"taxonomy":"post_tag","embeddable":true,"href":"https:\/\/blogsaverroes.juntadeandalucia.es\/anteseracampo\/wp-json\/wp\/v2\/tags?post=200"}],"curies":[{"name":"wp","href":"https:\/\/api.w.org\/{rel}","templated":true}]}}