{"id":274,"date":"2022-02-02T18:01:50","date_gmt":"2022-02-02T17:01:50","guid":{"rendered":"https:\/\/blogsaverroes.juntadeandalucia.es\/anteseracampo\/?p=274"},"modified":"2022-02-02T18:27:32","modified_gmt":"2022-02-02T17:27:32","slug":"alumnos-de-1o-de-bachillerato-participan-en-charla-sobre-humedales","status":"publish","type":"post","link":"https:\/\/blogsaverroes.juntadeandalucia.es\/anteseracampo\/alumnos-de-1o-de-bachillerato-participan-en-charla-sobre-humedales\/","title":{"rendered":"Alumnos de 1\u00ba de Bachillerato participan en charla sobre humedales"},"content":{"rendered":"<p><img loading=\"lazy\" decoding=\"async\" src=\"https:\/\/blogsaverroes.juntadeandalucia.es\/anteseracampo\/files\/2022\/02\/Captura-de-pantalla-2022-02-02-a-las-17.55.30-1024x661.png\" class=\"aligncenter size-large wp-image-275\" width=\"1024\" height=\"661\" alt=\"\" srcset=\"https:\/\/blogsaverroes.juntadeandalucia.es\/anteseracampo\/files\/2022\/02\/Captura-de-pantalla-2022-02-02-a-las-17.55.30-1024x661.png 1024w, https:\/\/blogsaverroes.juntadeandalucia.es\/anteseracampo\/files\/2022\/02\/Captura-de-pantalla-2022-02-02-a-las-17.55.30-300x194.png 300w, https:\/\/blogsaverroes.juntadeandalucia.es\/anteseracampo\/files\/2022\/02\/Captura-de-pantalla-2022-02-02-a-las-17.55.30-768x495.png 768w, https:\/\/blogsaverroes.juntadeandalucia.es\/anteseracampo\/files\/2022\/02\/Captura-de-pantalla-2022-02-02-a-las-17.55.30-1536x991.png 1536w, https:\/\/blogsaverroes.juntadeandalucia.es\/anteseracampo\/files\/2022\/02\/Captura-de-pantalla-2022-02-02-a-las-17.55.30-2048x1321.png 2048w\" sizes=\"(max-width: 1024px) 100vw, 1024px\" \/><\/p>\n<p>Hoy 2 de febrero se conmemora el D\u00eda Mundial de los Humedales, desde que se eligi\u00f3 esta fecha por la Convenci\u00f3n sobre los humedales de Importancia Internacional de Ramsar (Ir\u00e1n) en 1977.<\/p>\n<p>Desde el Programa de Innovaci\u00f3n educativa Aldea hemos querido recordar esta importante efem\u00e9ride con una actividad interactiva por videoconferencia en la que alumnos\/as de bachillerato han ido presentando algunas aves de nuestro entorno y hemos ido comentando los humedales m\u00e1s importantes de nuestra comunidad, as\u00ed como las amenazas que sufren. Esto nos ha permitido conocer algo m\u00e1s sobre Do\u00f1ana, la laguna de Fuente de Piedra, de los Tollos, de Medina o la desaparecida laguna de la Janda. Y es que nuestra provincia goza de un buen n\u00famero de humedales que albergan numerosas especies que se conservan, siempre que se mantengan en buen estado estos ecosistemas.<\/p>\n<p>Damos las gracias a los estudiantes que han participado en esta actividad, que continuar\u00e1 el pr\u00f3ximo lunes y, tras la cual, compartiremos un enlace por si alguien quiere verla.<\/p>\n<p>\u00a1Esperemos que las precipitaciones no se demoren porque los humedales las necesitan!<\/p>\n<p>&nbsp;<\/p>\n<p>&nbsp;<\/p>\n<p>&nbsp;<\/p>\n<p>&nbsp;<\/p>\n","protected":false},"excerpt":{"rendered":"<p>Hoy 2 de febrero se conmemora el D\u00eda Mundial de los Humedales, desde que se eligi\u00f3 esta fecha por la Convenci\u00f3n sobre los humedales de Importancia Internacional de Ramsar (Ir\u00e1n) en 1977. Desde el&#46;&#46;&#46;<\/p>\n","protected":false},"author":11526,"featured_media":275,"comment_status":"open","ping_status":"open","sticky":false,"template":"","format":"standard","meta":{"ngg_post_thumbnail":0,"footnotes":""},"categories":[14],"tags":[],"aioseo_notices":[],"_links":{"self":[{"href":"https:\/\/blogsaverroes.juntadeandalucia.es\/anteseracampo\/wp-json\/wp\/v2\/posts\/274"}],"collection":[{"href":"https:\/\/blogsaverroes.juntadeandalucia.es\/anteseracampo\/wp-json\/wp\/v2\/posts"}],"about":[{"href":"https:\/\/blogsaverroes.juntadeandalucia.es\/anteseracampo\/wp-json\/wp\/v2\/types\/post"}],"author":[{"embeddable":true,"href":"https:\/\/blogsaverroes.juntadeandalucia.es\/anteseracampo\/wp-json\/wp\/v2\/users\/11526"}],"replies":[{"embeddable":true,"href":"https:\/\/blogsaverroes.juntadeandalucia.es\/anteseracampo\/wp-json\/wp\/v2\/comments?post=274"}],"version-history":[{"count":2,"href":"https:\/\/blogsaverroes.juntadeandalucia.es\/anteseracampo\/wp-json\/wp\/v2\/posts\/274\/revisions"}],"predecessor-version":[{"id":277,"href":"https:\/\/blogsaverroes.juntadeandalucia.es\/anteseracampo\/wp-json\/wp\/v2\/posts\/274\/revisions\/277"}],"wp:featuredmedia":[{"embeddable":true,"href":"https:\/\/blogsaverroes.juntadeandalucia.es\/anteseracampo\/wp-json\/wp\/v2\/media\/275"}],"wp:attachment":[{"href":"https:\/\/blogsaverroes.juntadeandalucia.es\/anteseracampo\/wp-json\/wp\/v2\/media?parent=274"}],"wp:term":[{"taxonomy":"category","embeddable":true,"href":"https:\/\/blogsaverroes.juntadeandalucia.es\/anteseracampo\/wp-json\/wp\/v2\/categories?post=274"},{"taxonomy":"post_tag","embeddable":true,"href":"https:\/\/blogsaverroes.juntadeandalucia.es\/anteseracampo\/wp-json\/wp\/v2\/tags?post=274"}],"curies":[{"name":"wp","href":"https:\/\/api.w.org\/{rel}","templated":true}]}}