{"id":278,"date":"2022-02-07T08:16:58","date_gmt":"2022-02-07T07:16:58","guid":{"rendered":"https:\/\/blogsaverroes.juntadeandalucia.es\/anteseracampo\/?p=278"},"modified":"2022-02-08T05:26:13","modified_gmt":"2022-02-08T04:26:13","slug":"podcast-dia-de-los-humedales-realizado-por-alumnos-as-del-ies-alvar-nunez","status":"publish","type":"post","link":"https:\/\/blogsaverroes.juntadeandalucia.es\/anteseracampo\/podcast-dia-de-los-humedales-realizado-por-alumnos-as-del-ies-alvar-nunez\/","title":{"rendered":"Podcast \u00abD\u00eda de los humedales\u00bb realizado por alumnos\/as del IES \u00c1lvar N\u00fa\u00f1ez"},"content":{"rendered":"<p>El 2 de febrero celebramos el \u00ab<strong>D\u00eda Mundial de los Humedales<\/strong>\u00bb grabando un podcast con informaci\u00f3n muy interesante sobre humedales, aves acu\u00e1ticas y otras especies de nuestro entorno. Todo el trabajo ha sido realizado por los alumnos\/as , que son los que presentan algunas especies, y se enmarca dentro del <strong>programa de innovaci\u00f3n educativa ALDEA.&nbsp;<\/strong>Para verlo, puedes pinchar el siguiente enlace:<\/p>\n<p><a href=\"https:\/\/drive.google.com\/file\/d\/1J_NYyJuSO-IXzeWNSsKPei6P-kbc0LGb\/view?usp=sharing\">https:\/\/drive.google.com\/file\/d\/1J_NYyJuSO-IXzeWNSsKPei6P-kbc0LGb\/view?usp=sharing<\/a><\/p>\n<p><img loading=\"lazy\" decoding=\"async\" class=\"aligncenter size-large wp-image-279\" src=\"https:\/\/blogsaverroes.juntadeandalucia.es\/anteseracampo\/files\/2022\/02\/humedales-A\u0301lvar-1024x525.png\" alt=\"\" width=\"1024\" height=\"525\" srcset=\"https:\/\/blogsaverroes.juntadeandalucia.es\/anteseracampo\/files\/2022\/02\/humedales-A\u0301lvar-1024x525.png 1024w, https:\/\/blogsaverroes.juntadeandalucia.es\/anteseracampo\/files\/2022\/02\/humedales-A\u0301lvar-300x154.png 300w, https:\/\/blogsaverroes.juntadeandalucia.es\/anteseracampo\/files\/2022\/02\/humedales-A\u0301lvar-768x394.png 768w, https:\/\/blogsaverroes.juntadeandalucia.es\/anteseracampo\/files\/2022\/02\/humedales-A\u0301lvar-1536x787.png 1536w, https:\/\/blogsaverroes.juntadeandalucia.es\/anteseracampo\/files\/2022\/02\/humedales-A\u0301lvar.png 1600w\" sizes=\"(max-width: 1024px) 100vw, 1024px\" \/><\/p>\n<p>Os recomiendo que lo ve\u00e1is, ya que aprender\u00e9is mucho.&nbsp;<\/p>\n<p>Han participado: \u00c1lvaro, Pablo, Julia, Yago , Laura, Marina, Julieta, Alejandro, Manu, Nuria, Agust\u00edn, \u00c1lvaro, Sof\u00eda, Carmen, Mario, Mar\u00eda, Luc\u00eda y Luis<\/p>\n<p><img loading=\"lazy\" decoding=\"async\" class=\"aligncenter size-large wp-image-286\" src=\"https:\/\/blogsaverroes.juntadeandalucia.es\/anteseracampo\/files\/2022\/02\/Captura-de-pantalla-2022-02-07-a-las-21.19.04-1024x621.png\" alt=\"\" width=\"1024\" height=\"621\" srcset=\"https:\/\/blogsaverroes.juntadeandalucia.es\/anteseracampo\/files\/2022\/02\/Captura-de-pantalla-2022-02-07-a-las-21.19.04-1024x621.png 1024w, https:\/\/blogsaverroes.juntadeandalucia.es\/anteseracampo\/files\/2022\/02\/Captura-de-pantalla-2022-02-07-a-las-21.19.04-300x182.png 300w, https:\/\/blogsaverroes.juntadeandalucia.es\/anteseracampo\/files\/2022\/02\/Captura-de-pantalla-2022-02-07-a-las-21.19.04-768x466.png 768w, https:\/\/blogsaverroes.juntadeandalucia.es\/anteseracampo\/files\/2022\/02\/Captura-de-pantalla-2022-02-07-a-las-21.19.04-1536x931.png 1536w, https:\/\/blogsaverroes.juntadeandalucia.es\/anteseracampo\/files\/2022\/02\/Captura-de-pantalla-2022-02-07-a-las-21.19.04-2048x1241.png 2048w\" sizes=\"(max-width: 1024px) 100vw, 1024px\" \/><\/p>\n<p>&nbsp;<\/p>\n<p><img loading=\"lazy\" decoding=\"async\" class=\"aligncenter size-large wp-image-282\" src=\"https:\/\/blogsaverroes.juntadeandalucia.es\/anteseracampo\/files\/2022\/02\/Captura-de-pantalla-2022-02-07-a-las-8.15.56-1024x564.png\" alt=\"\" width=\"1024\" height=\"564\" srcset=\"https:\/\/blogsaverroes.juntadeandalucia.es\/anteseracampo\/files\/2022\/02\/Captura-de-pantalla-2022-02-07-a-las-8.15.56-1024x564.png 1024w, https:\/\/blogsaverroes.juntadeandalucia.es\/anteseracampo\/files\/2022\/02\/Captura-de-pantalla-2022-02-07-a-las-8.15.56-300x165.png 300w, https:\/\/blogsaverroes.juntadeandalucia.es\/anteseracampo\/files\/2022\/02\/Captura-de-pantalla-2022-02-07-a-las-8.15.56-768x423.png 768w, https:\/\/blogsaverroes.juntadeandalucia.es\/anteseracampo\/files\/2022\/02\/Captura-de-pantalla-2022-02-07-a-las-8.15.56-1536x846.png 1536w, https:\/\/blogsaverroes.juntadeandalucia.es\/anteseracampo\/files\/2022\/02\/Captura-de-pantalla-2022-02-07-a-las-8.15.56-2048x1128.png 2048w\" sizes=\"(max-width: 1024px) 100vw, 1024px\" \/><\/p>\n","protected":false},"excerpt":{"rendered":"<p>El 2 de febrero celebramos el \u00abD\u00eda Mundial de los Humedales\u00bb grabando un podcast con informaci\u00f3n muy interesante sobre humedales, aves acu\u00e1ticas y otras especies de nuestro entorno. Todo el trabajo ha sido realizado&#46;&#46;&#46;<\/p>\n","protected":false},"author":11526,"featured_media":282,"comment_status":"open","ping_status":"open","sticky":false,"template":"","format":"standard","meta":{"ngg_post_thumbnail":0,"footnotes":""},"categories":[14,1],"tags":[22,31],"aioseo_notices":[],"_links":{"self":[{"href":"https:\/\/blogsaverroes.juntadeandalucia.es\/anteseracampo\/wp-json\/wp\/v2\/posts\/278"}],"collection":[{"href":"https:\/\/blogsaverroes.juntadeandalucia.es\/anteseracampo\/wp-json\/wp\/v2\/posts"}],"about":[{"href":"https:\/\/blogsaverroes.juntadeandalucia.es\/anteseracampo\/wp-json\/wp\/v2\/types\/post"}],"author":[{"embeddable":true,"href":"https:\/\/blogsaverroes.juntadeandalucia.es\/anteseracampo\/wp-json\/wp\/v2\/users\/11526"}],"replies":[{"embeddable":true,"href":"https:\/\/blogsaverroes.juntadeandalucia.es\/anteseracampo\/wp-json\/wp\/v2\/comments?post=278"}],"version-history":[{"count":6,"href":"https:\/\/blogsaverroes.juntadeandalucia.es\/anteseracampo\/wp-json\/wp\/v2\/posts\/278\/revisions"}],"predecessor-version":[{"id":287,"href":"https:\/\/blogsaverroes.juntadeandalucia.es\/anteseracampo\/wp-json\/wp\/v2\/posts\/278\/revisions\/287"}],"wp:featuredmedia":[{"embeddable":true,"href":"https:\/\/blogsaverroes.juntadeandalucia.es\/anteseracampo\/wp-json\/wp\/v2\/media\/282"}],"wp:attachment":[{"href":"https:\/\/blogsaverroes.juntadeandalucia.es\/anteseracampo\/wp-json\/wp\/v2\/media?parent=278"}],"wp:term":[{"taxonomy":"category","embeddable":true,"href":"https:\/\/blogsaverroes.juntadeandalucia.es\/anteseracampo\/wp-json\/wp\/v2\/categories?post=278"},{"taxonomy":"post_tag","embeddable":true,"href":"https:\/\/blogsaverroes.juntadeandalucia.es\/anteseracampo\/wp-json\/wp\/v2\/tags?post=278"}],"curies":[{"name":"wp","href":"https:\/\/api.w.org\/{rel}","templated":true}]}}