{"id":74,"date":"2021-12-04T06:43:04","date_gmt":"2021-12-04T06:43:04","guid":{"rendered":"https:\/\/blogsaverroes.juntadeandalucia.es\/anteseracampo\/?p=74"},"modified":"2021-12-05T07:07:57","modified_gmt":"2021-12-05T07:07:57","slug":"sabes-quien-soy","status":"publish","type":"post","link":"https:\/\/blogsaverroes.juntadeandalucia.es\/anteseracampo\/sabes-quien-soy\/","title":{"rendered":"\u00bfSabes qui\u00e9n soy?"},"content":{"rendered":"<p><img loading=\"lazy\" decoding=\"async\" class=\"size-medium wp-image-79 aligncenter\" src=\"https:\/\/blogsaverroes.juntadeandalucia.es\/anteseracampo\/files\/2021\/12\/Captura-de-pantalla-2021-12-04-a-las-7.29.54-300x202.png\" alt=\"\" width=\"300\" height=\"202\" srcset=\"https:\/\/blogsaverroes.juntadeandalucia.es\/anteseracampo\/files\/2021\/12\/Captura-de-pantalla-2021-12-04-a-las-7.29.54-300x202.png 300w, https:\/\/blogsaverroes.juntadeandalucia.es\/anteseracampo\/files\/2021\/12\/Captura-de-pantalla-2021-12-04-a-las-7.29.54-1024x689.png 1024w, https:\/\/blogsaverroes.juntadeandalucia.es\/anteseracampo\/files\/2021\/12\/Captura-de-pantalla-2021-12-04-a-las-7.29.54-768x517.png 768w, https:\/\/blogsaverroes.juntadeandalucia.es\/anteseracampo\/files\/2021\/12\/Captura-de-pantalla-2021-12-04-a-las-7.29.54-1536x1033.png 1536w, https:\/\/blogsaverroes.juntadeandalucia.es\/anteseracampo\/files\/2021\/12\/Captura-de-pantalla-2021-12-04-a-las-7.29.54.png 2010w\" sizes=\"(max-width: 300px) 100vw, 300px\" \/><\/p>\n<p>Esta pregunta relacionada con una especie t\u00edpica de nuestro entorno va dirigida a cualquiera de los alumnos\/as del IES \u00c1lvar N\u00fa\u00f1ez. Se trata de identificar el ave, escribiendo:<\/p>\n<p>su <strong>nombre com\u00fan y cient\u00edfico<\/strong> y contestar a las siguientes preguntas.<\/p>\n<p><strong>\u00bfEn qu\u00e9 aula o sala del centro se encuentra esta imagen?<\/strong><\/p>\n<p><strong>\u00bfSabes en qu\u00e9 tipo de cultivo o h\u00e1bitat puede encontrarse?<\/strong><\/p>\n<p><strong>El fondo de la imagen lo aporta el color t\u00edpico de la tierra de Jerez y sus alrededores \u00bfC\u00f3mo se llama ese tipo de tierra?<\/strong><\/p>\n<p><strong>\u00bfCu\u00e1les son las amenazas que sufre esta especie actualmente?<\/strong><\/p>\n<p>Deja tu comentario, respondiendo a las preguntas. \u00a1Habr\u00e1 premio para el ganador o ganadora del mes!<\/p>\n","protected":false},"excerpt":{"rendered":"<p>Esta pregunta relacionada con una especie t\u00edpica de nuestro entorno va dirigida a cualquiera de los alumnos\/as del IES \u00c1lvar N\u00fa\u00f1ez. Se trata de identificar el ave, escribiendo: su nombre com\u00fan y cient\u00edfico y&#46;&#46;&#46;<\/p>\n","protected":false},"author":11526,"featured_media":79,"comment_status":"open","ping_status":"open","sticky":false,"template":"","format":"standard","meta":{"ngg_post_thumbnail":0,"footnotes":""},"categories":[15,1],"tags":[3],"aioseo_notices":[],"_links":{"self":[{"href":"https:\/\/blogsaverroes.juntadeandalucia.es\/anteseracampo\/wp-json\/wp\/v2\/posts\/74"}],"collection":[{"href":"https:\/\/blogsaverroes.juntadeandalucia.es\/anteseracampo\/wp-json\/wp\/v2\/posts"}],"about":[{"href":"https:\/\/blogsaverroes.juntadeandalucia.es\/anteseracampo\/wp-json\/wp\/v2\/types\/post"}],"author":[{"embeddable":true,"href":"https:\/\/blogsaverroes.juntadeandalucia.es\/anteseracampo\/wp-json\/wp\/v2\/users\/11526"}],"replies":[{"embeddable":true,"href":"https:\/\/blogsaverroes.juntadeandalucia.es\/anteseracampo\/wp-json\/wp\/v2\/comments?post=74"}],"version-history":[{"count":6,"href":"https:\/\/blogsaverroes.juntadeandalucia.es\/anteseracampo\/wp-json\/wp\/v2\/posts\/74\/revisions"}],"predecessor-version":[{"id":82,"href":"https:\/\/blogsaverroes.juntadeandalucia.es\/anteseracampo\/wp-json\/wp\/v2\/posts\/74\/revisions\/82"}],"wp:featuredmedia":[{"embeddable":true,"href":"https:\/\/blogsaverroes.juntadeandalucia.es\/anteseracampo\/wp-json\/wp\/v2\/media\/79"}],"wp:attachment":[{"href":"https:\/\/blogsaverroes.juntadeandalucia.es\/anteseracampo\/wp-json\/wp\/v2\/media?parent=74"}],"wp:term":[{"taxonomy":"category","embeddable":true,"href":"https:\/\/blogsaverroes.juntadeandalucia.es\/anteseracampo\/wp-json\/wp\/v2\/categories?post=74"},{"taxonomy":"post_tag","embeddable":true,"href":"https:\/\/blogsaverroes.juntadeandalucia.es\/anteseracampo\/wp-json\/wp\/v2\/tags?post=74"}],"curies":[{"name":"wp","href":"https:\/\/api.w.org\/{rel}","templated":true}]}}