{"id":1033,"date":"2017-11-02T09:40:12","date_gmt":"2017-11-02T09:40:12","guid":{"rendered":"https:\/\/blogsaverroes.juntadeandalucia.es\/antonioorellanaasesor\/?p=1033"},"modified":"2017-11-02T09:40:12","modified_gmt":"2017-11-02T09:40:12","slug":"modas-formativas","status":"publish","type":"post","link":"https:\/\/blogsaverroes.juntadeandalucia.es\/antonioorellanaasesor\/2017\/11\/02\/modas-formativas\/","title":{"rendered":"MODAS FORMATIVAS"},"content":{"rendered":"<p>\u00abDemasiadas horas de clase invertidas en aprender a calcular&#8230;Ese es el gran fallo, seg\u00fan Wolfram, que apuesta por introducir la computaci\u00f3n en las clases y dejar que sean las m\u00e1quinas las que se encarguen del c\u00e1lculo.\u00bb<\/p>\n<p>https:\/\/elpais.com\/economia\/2017\/10\/30\/actualidad\/1509378342_617037.amp.html<br \/>\nY Aqu\u00ed en la espiral de lo de siempre. Ahora m\u00e1s c\u00e1lculo con el ABN. Espero que al menos sirva para alfabetizar matem\u00e1ticamente.&nbsp;<\/p>\n","protected":false},"excerpt":{"rendered":"<p>\u00abDemasiadas horas de clase invertidas en aprender a calcular&#8230;Ese es el gran fallo, seg\u00fan Wolfram, que apuesta por introducir la computaci\u00f3n en las clases y dejar que sean las m\u00e1quinas las que se encarguen del c\u00e1lculo.\u00bb https:\/\/elpais.com\/economia\/2017\/10\/30\/actualidad\/1509378342_617037.amp.html Y Aqu\u00ed en la espiral de lo de siempre. Ahora m\u00e1s c\u00e1lculo con el ABN. Espero que al [&hellip;]<\/p>\n","protected":false},"author":1306,"featured_media":0,"comment_status":"open","ping_status":"open","sticky":false,"template":"","format":"standard","meta":{"ngg_post_thumbnail":0,"footnotes":""},"categories":[11909],"tags":[],"aioseo_notices":[],"_links":{"self":[{"href":"https:\/\/blogsaverroes.juntadeandalucia.es\/antonioorellanaasesor\/wp-json\/wp\/v2\/posts\/1033"}],"collection":[{"href":"https:\/\/blogsaverroes.juntadeandalucia.es\/antonioorellanaasesor\/wp-json\/wp\/v2\/posts"}],"about":[{"href":"https:\/\/blogsaverroes.juntadeandalucia.es\/antonioorellanaasesor\/wp-json\/wp\/v2\/types\/post"}],"author":[{"embeddable":true,"href":"https:\/\/blogsaverroes.juntadeandalucia.es\/antonioorellanaasesor\/wp-json\/wp\/v2\/users\/1306"}],"replies":[{"embeddable":true,"href":"https:\/\/blogsaverroes.juntadeandalucia.es\/antonioorellanaasesor\/wp-json\/wp\/v2\/comments?post=1033"}],"version-history":[{"count":1,"href":"https:\/\/blogsaverroes.juntadeandalucia.es\/antonioorellanaasesor\/wp-json\/wp\/v2\/posts\/1033\/revisions"}],"predecessor-version":[{"id":1034,"href":"https:\/\/blogsaverroes.juntadeandalucia.es\/antonioorellanaasesor\/wp-json\/wp\/v2\/posts\/1033\/revisions\/1034"}],"wp:attachment":[{"href":"https:\/\/blogsaverroes.juntadeandalucia.es\/antonioorellanaasesor\/wp-json\/wp\/v2\/media?parent=1033"}],"wp:term":[{"taxonomy":"category","embeddable":true,"href":"https:\/\/blogsaverroes.juntadeandalucia.es\/antonioorellanaasesor\/wp-json\/wp\/v2\/categories?post=1033"},{"taxonomy":"post_tag","embeddable":true,"href":"https:\/\/blogsaverroes.juntadeandalucia.es\/antonioorellanaasesor\/wp-json\/wp\/v2\/tags?post=1033"}],"curies":[{"name":"wp","href":"https:\/\/api.w.org\/{rel}","templated":true}]}}