{"id":2716,"date":"2016-12-07T17:24:01","date_gmt":"2016-12-07T16:24:01","guid":{"rendered":"http:\/\/blogsaverroes.juntadeandalucia.es\/ariasmontano\/?p=2716"},"modified":"2016-12-07T17:26:01","modified_gmt":"2016-12-07T16:26:01","slug":"dia-de-la-constitucion","status":"publish","type":"post","link":"https:\/\/blogsaverroes.juntadeandalucia.es\/ariasmontano\/2016\/12\/07\/dia-de-la-constitucion\/","title":{"rendered":"D\u00cdA DE LA CONSTITUCI\u00d3N"},"content":{"rendered":"<p>As\u00ed hemos celebrado en el CEIP Arias Montano el d\u00eda de la Constituci\u00f3n Espa\u00f1ola. Con un gran mosaico de la bandera realizado por todos los alumnos y alumnas del centro mientras sonaba el himno nacional.<\/p>\n<p>&nbsp;<\/p>\n<p><a href=\"http:\/\/blogsaverroes.juntadeandalucia.es\/ariasmontano\/files\/2016\/12\/IMG_8207.jpg\"><img loading=\"lazy\" decoding=\"async\" class=\"aligncenter wp-image-2713 size-large\" src=\"http:\/\/blogsaverroes.juntadeandalucia.es\/ariasmontano\/files\/2016\/12\/IMG_8207-1024x768.jpg\" alt=\"IMG_8207\" width=\"874\" height=\"656\" srcset=\"https:\/\/blogsaverroes.juntadeandalucia.es\/ariasmontano\/files\/2016\/12\/IMG_8207-1024x768.jpg 1024w, https:\/\/blogsaverroes.juntadeandalucia.es\/ariasmontano\/files\/2016\/12\/IMG_8207-300x225.jpg 300w, https:\/\/blogsaverroes.juntadeandalucia.es\/ariasmontano\/files\/2016\/12\/IMG_8207-24x18.jpg 24w, https:\/\/blogsaverroes.juntadeandalucia.es\/ariasmontano\/files\/2016\/12\/IMG_8207-36x27.jpg 36w, https:\/\/blogsaverroes.juntadeandalucia.es\/ariasmontano\/files\/2016\/12\/IMG_8207-48x36.jpg 48w, https:\/\/blogsaverroes.juntadeandalucia.es\/ariasmontano\/files\/2016\/12\/IMG_8207.jpg 1600w\" sizes=\"(max-width: 874px) 100vw, 874px\" \/><\/a><\/p>\n<p>&nbsp;<\/p>\n<p style=\"text-align: center\">Curso 2016\/2017<\/p>\n<p>&nbsp;<\/p>\n<p>&nbsp;<\/p>\n<p>&nbsp;<\/p>\n","protected":false},"excerpt":{"rendered":"<p>As\u00ed hemos celebrado en el CEIP Arias Montano el d\u00eda de la Constituci\u00f3n Espa\u00f1ola. Con un gran mosaico de la bandera realizado por todos los&hellip;<\/p>\n","protected":false},"author":2828,"featured_media":0,"comment_status":"open","ping_status":"open","sticky":false,"template":"","format":"standard","meta":{"ngg_post_thumbnail":0,"footnotes":""},"categories":[5991,526],"tags":[],"aioseo_notices":[],"post_mailing_queue_ids":[],"_links":{"self":[{"href":"https:\/\/blogsaverroes.juntadeandalucia.es\/ariasmontano\/wp-json\/wp\/v2\/posts\/2716"}],"collection":[{"href":"https:\/\/blogsaverroes.juntadeandalucia.es\/ariasmontano\/wp-json\/wp\/v2\/posts"}],"about":[{"href":"https:\/\/blogsaverroes.juntadeandalucia.es\/ariasmontano\/wp-json\/wp\/v2\/types\/post"}],"author":[{"embeddable":true,"href":"https:\/\/blogsaverroes.juntadeandalucia.es\/ariasmontano\/wp-json\/wp\/v2\/users\/2828"}],"replies":[{"embeddable":true,"href":"https:\/\/blogsaverroes.juntadeandalucia.es\/ariasmontano\/wp-json\/wp\/v2\/comments?post=2716"}],"version-history":[{"count":3,"href":"https:\/\/blogsaverroes.juntadeandalucia.es\/ariasmontano\/wp-json\/wp\/v2\/posts\/2716\/revisions"}],"predecessor-version":[{"id":2719,"href":"https:\/\/blogsaverroes.juntadeandalucia.es\/ariasmontano\/wp-json\/wp\/v2\/posts\/2716\/revisions\/2719"}],"wp:attachment":[{"href":"https:\/\/blogsaverroes.juntadeandalucia.es\/ariasmontano\/wp-json\/wp\/v2\/media?parent=2716"}],"wp:term":[{"taxonomy":"category","embeddable":true,"href":"https:\/\/blogsaverroes.juntadeandalucia.es\/ariasmontano\/wp-json\/wp\/v2\/categories?post=2716"},{"taxonomy":"post_tag","embeddable":true,"href":"https:\/\/blogsaverroes.juntadeandalucia.es\/ariasmontano\/wp-json\/wp\/v2\/tags?post=2716"}],"curies":[{"name":"wp","href":"https:\/\/api.w.org\/{rel}","templated":true}]}}