{"id":2782,"date":"2017-05-25T12:43:25","date_gmt":"2017-05-25T11:43:25","guid":{"rendered":"http:\/\/blogsaverroes.juntadeandalucia.es\/ariasmontano\/?p=2782"},"modified":"2017-05-25T12:43:25","modified_gmt":"2017-05-25T11:43:25","slug":"plazo-de-matricula","status":"publish","type":"post","link":"https:\/\/blogsaverroes.juntadeandalucia.es\/ariasmontano\/2017\/05\/25\/plazo-de-matricula\/","title":{"rendered":"PLAZO DE MATR\u00cdCULA"},"content":{"rendered":"<p><strong>ATENCI\u00d3N &nbsp; &nbsp; &nbsp; &nbsp; &nbsp; &nbsp; &nbsp;PLAZO DE MATR\u00cdCULA<\/strong><\/p>\n<p>&nbsp;<\/p>\n<p>Del 1 al 8 de junio estar\u00e1 abierto el PLAZO DE MATR\u00cdCULA.<\/p>\n<p>&nbsp;<\/p>\n<p>TODOS LOS ALUMNOS\/AS DEL CENTRO TIENEN QUE MATRICULARSE.<\/p>\n<p>&nbsp;<\/p>\n<p><em>En este per\u00edodo se podr\u00e1 cambiar la opci\u00f3n de ense\u00f1anza de Religi\u00f3n. Pasado este plazo no se podr\u00e1 realizar ning\u00fan cambio. Si no se produce modificaci\u00f3n alguna se contin\u00faa con la opci\u00f3n del curso anterior.<\/em><\/p>\n","protected":false},"excerpt":{"rendered":"<p>ATENCI\u00d3N &nbsp; &nbsp; &nbsp; &nbsp; &nbsp; &nbsp; &nbsp;PLAZO DE MATR\u00cdCULA &nbsp; Del 1 al 8 de junio estar\u00e1 abierto el PLAZO DE MATR\u00cdCULA. &nbsp; TODOS&hellip;<\/p>\n","protected":false},"author":2828,"featured_media":0,"comment_status":"open","ping_status":"open","sticky":false,"template":"","format":"standard","meta":{"ngg_post_thumbnail":0,"footnotes":""},"categories":[8689,526],"tags":[],"aioseo_notices":[],"post_mailing_queue_ids":[],"_links":{"self":[{"href":"https:\/\/blogsaverroes.juntadeandalucia.es\/ariasmontano\/wp-json\/wp\/v2\/posts\/2782"}],"collection":[{"href":"https:\/\/blogsaverroes.juntadeandalucia.es\/ariasmontano\/wp-json\/wp\/v2\/posts"}],"about":[{"href":"https:\/\/blogsaverroes.juntadeandalucia.es\/ariasmontano\/wp-json\/wp\/v2\/types\/post"}],"author":[{"embeddable":true,"href":"https:\/\/blogsaverroes.juntadeandalucia.es\/ariasmontano\/wp-json\/wp\/v2\/users\/2828"}],"replies":[{"embeddable":true,"href":"https:\/\/blogsaverroes.juntadeandalucia.es\/ariasmontano\/wp-json\/wp\/v2\/comments?post=2782"}],"version-history":[{"count":1,"href":"https:\/\/blogsaverroes.juntadeandalucia.es\/ariasmontano\/wp-json\/wp\/v2\/posts\/2782\/revisions"}],"predecessor-version":[{"id":2783,"href":"https:\/\/blogsaverroes.juntadeandalucia.es\/ariasmontano\/wp-json\/wp\/v2\/posts\/2782\/revisions\/2783"}],"wp:attachment":[{"href":"https:\/\/blogsaverroes.juntadeandalucia.es\/ariasmontano\/wp-json\/wp\/v2\/media?parent=2782"}],"wp:term":[{"taxonomy":"category","embeddable":true,"href":"https:\/\/blogsaverroes.juntadeandalucia.es\/ariasmontano\/wp-json\/wp\/v2\/categories?post=2782"},{"taxonomy":"post_tag","embeddable":true,"href":"https:\/\/blogsaverroes.juntadeandalucia.es\/ariasmontano\/wp-json\/wp\/v2\/tags?post=2782"}],"curies":[{"name":"wp","href":"https:\/\/api.w.org\/{rel}","templated":true}]}}