{"id":3497,"date":"2022-03-21T12:38:13","date_gmt":"2022-03-21T11:38:13","guid":{"rendered":"http:\/\/blogsaverroes.juntadeandalucia.es\/ariasmontano\/?p=3497"},"modified":"2022-03-21T12:46:14","modified_gmt":"2022-03-21T11:46:14","slug":"matriculate-en-nuestro-cole","status":"publish","type":"post","link":"https:\/\/blogsaverroes.juntadeandalucia.es\/ariasmontano\/2022\/03\/21\/matriculate-en-nuestro-cole\/","title":{"rendered":"\u00a1\u00a1MATRIC\u00daLATE EN NUESTRO COLE!!"},"content":{"rendered":"<h3 style=\"text-align: justify\">Estimadas familias,<\/h3>\n<p style=\"text-align: justify\">les recordamos que el plazo de <strong><span style=\"color: #ff6600\">NUEVA ESCOLARIZACI\u00d3N<\/span><\/strong> para el curso escolar 2022\/2023 ocupa <strong>hasta el pr\u00f3ximo 31 de marzo<\/strong>, para aquel ALUMNADO que quiere pedir plaza en nuestro centro educativo. El alumnado que ya se encuentra matriculado, hasta el mes de junio no tendr\u00e1 que hacer ninguna gesti\u00f3n.<\/p>\n<p style=\"text-align: justify\">Estamos a vuestra disposici\u00f3n por si tienen que solicitar plaza para alg\u00fan hijo\/a en 3 a\u00f1os o cualquier otro nivel, o si tienen alg\u00fan familiar o conocido que se encuentre en esta situaci\u00f3n.<\/p>\n<p style=\"text-align: justify\">La inscripci\u00f3n se puede solicitar tanto presencialmente como de forma telem\u00e1tica. Pod\u00e9is encontrar m\u00e1s informaci\u00f3n en nuestra web, en <strong><span style=\"color: #0000ff\"><a style=\"color: #0000ff\" href=\"https:\/\/blogsaverroes.juntadeandalucia.es\/ariasmontano\/descargas\/\">Secretar\u00eda<\/a>.&nbsp;<\/span><\/strong><\/p>\n<h3 style=\"text-align: justify\">&nbsp; &nbsp; &nbsp; &nbsp; &nbsp; &nbsp; &nbsp; &nbsp; &nbsp; &nbsp; &nbsp; &nbsp; &nbsp; &nbsp; &nbsp; &nbsp; &nbsp; &nbsp; &nbsp; &nbsp; &nbsp; &nbsp; &nbsp; &nbsp; &nbsp; &nbsp; &nbsp; &nbsp; &nbsp; &nbsp; &nbsp; &nbsp; &nbsp; &nbsp; &nbsp; &nbsp; &nbsp; &nbsp; &nbsp; &nbsp; &nbsp; &nbsp; &nbsp; &nbsp; &nbsp; &nbsp; &nbsp; &nbsp; &nbsp; &nbsp; &nbsp; &nbsp; &nbsp; &nbsp; &nbsp; &nbsp; &nbsp; &nbsp; &nbsp; &nbsp; &nbsp; &nbsp; &nbsp; &nbsp; &nbsp; &nbsp; &nbsp; &nbsp; &nbsp; &nbsp; &nbsp; &nbsp; &nbsp; &nbsp; &nbsp; &nbsp; &nbsp; &nbsp; &nbsp; &nbsp; &nbsp; &nbsp; &nbsp; &nbsp; &nbsp; &nbsp; &nbsp; &nbsp; &nbsp; &nbsp; &nbsp; &nbsp; &nbsp; &nbsp; &nbsp; &nbsp; &nbsp; &nbsp; &nbsp; &nbsp; &nbsp; &nbsp; &nbsp; &nbsp; &nbsp; &nbsp; &nbsp; &nbsp; &nbsp; &nbsp; &nbsp; &nbsp; &nbsp; &nbsp; &nbsp; &nbsp; &nbsp; &nbsp; &nbsp; &nbsp; &nbsp; &nbsp; &nbsp; &nbsp; &nbsp; &nbsp; &nbsp; &nbsp; &nbsp; &nbsp; &nbsp; &nbsp; &nbsp; &nbsp; &nbsp; &nbsp; &nbsp; &nbsp; &nbsp; &nbsp; &nbsp; &nbsp; &nbsp; &nbsp; &nbsp; &nbsp; &nbsp; &nbsp; \u00a1OS ESPERAMOS!<\/h3>\n","protected":false},"excerpt":{"rendered":"<p>Estimadas familias, les recordamos que el plazo de NUEVA ESCOLARIZACI\u00d3N para el curso escolar 2022\/2023 ocupa hasta el pr\u00f3ximo 31 de marzo, para aquel ALUMNADO&hellip;<\/p>\n","protected":false},"author":2828,"featured_media":0,"comment_status":"open","ping_status":"open","sticky":false,"template":"","format":"standard","meta":{"ngg_post_thumbnail":0,"footnotes":""},"categories":[11909],"tags":[],"aioseo_notices":[],"post_mailing_queue_ids":[],"_links":{"self":[{"href":"https:\/\/blogsaverroes.juntadeandalucia.es\/ariasmontano\/wp-json\/wp\/v2\/posts\/3497"}],"collection":[{"href":"https:\/\/blogsaverroes.juntadeandalucia.es\/ariasmontano\/wp-json\/wp\/v2\/posts"}],"about":[{"href":"https:\/\/blogsaverroes.juntadeandalucia.es\/ariasmontano\/wp-json\/wp\/v2\/types\/post"}],"author":[{"embeddable":true,"href":"https:\/\/blogsaverroes.juntadeandalucia.es\/ariasmontano\/wp-json\/wp\/v2\/users\/2828"}],"replies":[{"embeddable":true,"href":"https:\/\/blogsaverroes.juntadeandalucia.es\/ariasmontano\/wp-json\/wp\/v2\/comments?post=3497"}],"version-history":[{"count":4,"href":"https:\/\/blogsaverroes.juntadeandalucia.es\/ariasmontano\/wp-json\/wp\/v2\/posts\/3497\/revisions"}],"predecessor-version":[{"id":3501,"href":"https:\/\/blogsaverroes.juntadeandalucia.es\/ariasmontano\/wp-json\/wp\/v2\/posts\/3497\/revisions\/3501"}],"wp:attachment":[{"href":"https:\/\/blogsaverroes.juntadeandalucia.es\/ariasmontano\/wp-json\/wp\/v2\/media?parent=3497"}],"wp:term":[{"taxonomy":"category","embeddable":true,"href":"https:\/\/blogsaverroes.juntadeandalucia.es\/ariasmontano\/wp-json\/wp\/v2\/categories?post=3497"},{"taxonomy":"post_tag","embeddable":true,"href":"https:\/\/blogsaverroes.juntadeandalucia.es\/ariasmontano\/wp-json\/wp\/v2\/tags?post=3497"}],"curies":[{"name":"wp","href":"https:\/\/api.w.org\/{rel}","templated":true}]}}