{"id":313,"date":"2020-06-19T13:58:33","date_gmt":"2020-06-19T11:58:33","guid":{"rendered":"https:\/\/blogsaverroes.juntadeandalucia.es\/arpegiodecorcheas\/?p=313"},"modified":"2020-06-28T17:09:27","modified_gmt":"2020-06-28T15:09:27","slug":"j-haydn-improvisador-olvidado","status":"publish","type":"post","link":"https:\/\/blogsaverroes.juntadeandalucia.es\/arpegiodecorcheas\/j-haydn-improvisador-olvidado\/","title":{"rendered":"JOSEPH HAYDN, IMPROVISADOR OLVIDADO&#8230;"},"content":{"rendered":"<p style=\"text-align: justify\"><span style=\"font-family: 'book antiqua', palatino, serif;font-size: 14pt\">Seg\u00fan mantiene el gran pianista h\u00fangaro Andras Schiff<em><strong> <a href=\"https:\/\/www.youtube.com\/watch?v=fyiDgsIFzIk\" target=\"_blank\" rel=\"noopener noreferrer\">en este v\u00eddeo<\/a><\/strong><\/em>, <em>Joseph Haydn<\/em> es, hoy d\u00eda, el compositor m\u00e1s subestimado de la Historia de la M\u00fasica (porque en vida se le consider\u00f3 el m\u00e1s importante compositor de Europa), al menos, a lo que la producci\u00f3n pian\u00edstica se refiere. Y es cierto, que a pesar de su ingente producci\u00f3n para el instrumento en el que todas las ma\u00f1anas, en el Palacio de&nbsp; Esterh\u00e1zy, pasaba largos ratos improvisando en busca de ideas mel\u00f3dicas para sus composiciones, poco se escucha su m\u00fasica en los conservatorios, en favor de la de Mozart o Beethoven. Os traigo ahora, dos obras de referencia en el cat\u00e1logo pian\u00edstico haydniano, ejemplos claros de su creatividad musical&nbsp; y capacidad&nbsp; improvisadora proyectada en las formas libres , y que constituyen piezas del repertorio clasicista de categor\u00eda, para cualquier estudiante de los \u00faltimos cursos de las Ense\u00f1anzas Profesionales.<\/span><\/p>\n<p style=\"text-align: justify\"><span style=\"font-family: 'book antiqua', palatino, serif;font-size: 14pt\">Dos pianistas h\u00fangaros, Zoltan Kocsis en el<\/span><span style=\"font-family: 'book antiqua', palatino, serif;font-size: 14pt\"><span style=\"text-decoration: underline\"><span style=\"font-size: 18pt\"><em><strong><a href=\"https:\/\/blogsaverroes.juntadeandalucia.es\/arpegiodecorcheas\/files\/2020\/06\/Capriccio-Sol-M.-XVII-1-J.-Haydn.pdf\" target=\"_blank\" rel=\"noopener noreferrer\"> Capriccio en Sol M. Hob. XVII: 1<\/a><\/strong><\/em><\/span><\/span>, y el mencionado arriba, Andras Schiff en la <a href=\"https:\/\/blogsaverroes.juntadeandalucia.es\/arpegiodecorcheas\/files\/2020\/06\/Fantasia-Do-M.-XVII-4-J.-Haydn.pdf\" target=\"_blank\" rel=\"noopener noreferrer\"><span style=\"text-decoration: underline;font-family: 'book antiqua', palatino, serif;font-size: 18pt\"><em><strong>Fantas\u00eda en Do M. Hob. XVII. 4<\/strong><\/em><\/span><\/a>, resuelven una m\u00fasica vigorosa y llena de riqueza mel\u00f3dica con un despliegue instrumental sin parang\u00f3n en la \u00e9poca de su alumbramiento.<\/span><\/p>\n<p style=\"text-align: justify\"><span style=\"font-family: 'book antiqua', palatino, serif;font-size: 18pt\"><span style=\"text-decoration: underline\"><strong>Playlist:<\/strong><\/span>&nbsp;<\/span><\/p>\n<!--[if lt IE 9]><script>document.createElement('audio');<\/script><![endif]-->\n\t<div class=\"wp-playlist wp-audio-playlist wp-playlist-light\">\n\t\t\t<div class=\"wp-playlist-current-item\"><\/div>\n\t\t<audio controls=\"controls\" preload=\"none\" width=\"503\"\n\t\t\t><\/audio>\n\t<div class=\"wp-playlist-next\"><\/div>\n\t<div class=\"wp-playlist-prev\"><\/div>\n\t<noscript>\n\t<ol>\n\t\t<li><a href='https:\/\/blogsaverroes.juntadeandalucia.es\/arpegiodecorcheas\/files\/2020\/06\/ii-capriccio-in-g-major-hob-xvii1-acht-sauschneider-mussen-sein.mp3'>Capriccio in G major Hob. XVII:1 (\"Acht Sauschneider mssen sein\")<\/a><\/li><li><a href='https:\/\/blogsaverroes.juntadeandalucia.es\/arpegiodecorcheas\/files\/2020\/06\/Fantasia-C-major-Hob.XVII-4-J.-Haydn-Andr\u00e1s-Schiff.m4a'>Fantasia C major Hob.XVII, 4, J. Haydn , Andr\u00e1s Schiff<\/a><\/li>\t<\/ol>\n\t<\/noscript>\n\t<script type=\"application\/json\" class=\"wp-playlist-script\">{\"type\":\"audio\",\"tracklist\":true,\"tracknumbers\":true,\"images\":true,\"artists\":true,\"tracks\":[{\"src\":\"https:\\\/\\\/blogsaverroes.juntadeandalucia.es\\\/arpegiodecorcheas\\\/files\\\/2020\\\/06\\\/ii-capriccio-in-g-major-hob-xvii1-acht-sauschneider-mussen-sein.mp3\",\"type\":\"audio\\\/mpeg\",\"title\":\"Capriccio in G major Hob. XVII:1 (\\\"Acht Sauschneider mssen sein\\\")\",\"caption\":\"\",\"description\":\"\\\"Capriccio in G major Hob. XVII:1 (\\\"Acht Sauschneider mssen sein\\\")\\\" en J. Haydn: Sonatas (Nos 20, 33, 29, 31) por Zoltan Kocsis, Joseph Haydn. Lanzamiento: 2016.\",\"meta\":{\"artist\":\"Zoltan Kocsis, Joseph Haydn\",\"album\":\"J. Haydn: Sonatas (Nos 20, 33, 29, 31)\",\"year\":\"2016\",\"length_formatted\":\"6:35\"},\"image\":{\"src\":\"https:\\\/\\\/blogsaverroes.juntadeandalucia.es\\\/arpegiodecorcheas\\\/wp-includes\\\/images\\\/media\\\/audio.png\",\"width\":48,\"height\":64},\"thumb\":{\"src\":\"https:\\\/\\\/blogsaverroes.juntadeandalucia.es\\\/arpegiodecorcheas\\\/wp-includes\\\/images\\\/media\\\/audio.png\",\"width\":48,\"height\":64}},{\"src\":\"https:\\\/\\\/blogsaverroes.juntadeandalucia.es\\\/arpegiodecorcheas\\\/files\\\/2020\\\/06\\\/Fantasia-C-major-Hob.XVII-4-J.-Haydn-Andr\\u00e1s-Schiff.m4a\",\"type\":\"audio\\\/mpeg\",\"title\":\"Fantasia C major Hob.XVII, 4, J. Haydn , Andr\\u00e1s Schiff\",\"caption\":\"\",\"description\":\"\\\"Fantasia C major Hob.XVII, 4, J. Haydn , Andr\\u00e1s Schiff\\\".\",\"meta\":{\"length_formatted\":\"6:18\"},\"image\":{\"src\":\"https:\\\/\\\/blogsaverroes.juntadeandalucia.es\\\/arpegiodecorcheas\\\/wp-includes\\\/images\\\/media\\\/audio.png\",\"width\":48,\"height\":64},\"thumb\":{\"src\":\"https:\\\/\\\/blogsaverroes.juntadeandalucia.es\\\/arpegiodecorcheas\\\/wp-includes\\\/images\\\/media\\\/audio.png\",\"width\":48,\"height\":64}}]}<\/script>\n<\/div>\n\t\n<p style=\"text-align: justify\">&nbsp;<\/p>\n<p style=\"text-align: justify\"><em><span style=\"font-family: 'book antiqua', palatino, serif;font-size: 10pt\">Fuente de imagen: an\u00f3nimo, <a href=\"https:\/\/commons.wikimedia.org\/wiki\/File:Haydn_(76563380).jpg\" target=\"_blank\" rel=\"noopener noreferrer\">Haydn (76563380)<\/a>, marcado como dominio p\u00fablico, para m\u00e1s detalles v\u00e9ase&nbsp;<a href=\"https:\/\/commons.wikimedia.org\/wiki\/Template:PD-old\" target=\"_blank\" rel=\"noopener noreferrer\">Wikimedia Commons.<\/a><\/span><\/em><\/p>\n","protected":false},"excerpt":{"rendered":"<p>Seg\u00fan mantiene el gran pianista h\u00fangaro Andras Schiff en este v\u00eddeo, Joseph Haydn es, hoy d\u00eda, el compositor m\u00e1s subestimado de la Historia de la M\u00fasica (porque en vida se le consider\u00f3 el m\u00e1s importante compositor de Europa), al menos, a lo que la producci\u00f3n pian\u00edstica se refiere. Y es cierto, que a pesar de &hellip; <\/p>\n<p class=\"link-more\"><a href=\"https:\/\/blogsaverroes.juntadeandalucia.es\/arpegiodecorcheas\/j-haydn-improvisador-olvidado\/\" class=\"more-link\">Continuar leyendo<span class=\"screen-reader-text\"> \u00abJOSEPH HAYDN, IMPROVISADOR OLVIDADO&#8230;\u00bb<\/span><\/a><\/p>\n","protected":false},"author":10238,"featured_media":315,"comment_status":"open","ping_status":"closed","sticky":false,"template":"","format":"standard","meta":{"ngg_post_thumbnail":0,"footnotes":""},"categories":[29],"tags":[43,42,41,40,44],"aioseo_notices":[],"_links":{"self":[{"href":"https:\/\/blogsaverroes.juntadeandalucia.es\/arpegiodecorcheas\/wp-json\/wp\/v2\/posts\/313"}],"collection":[{"href":"https:\/\/blogsaverroes.juntadeandalucia.es\/arpegiodecorcheas\/wp-json\/wp\/v2\/posts"}],"about":[{"href":"https:\/\/blogsaverroes.juntadeandalucia.es\/arpegiodecorcheas\/wp-json\/wp\/v2\/types\/post"}],"author":[{"embeddable":true,"href":"https:\/\/blogsaverroes.juntadeandalucia.es\/arpegiodecorcheas\/wp-json\/wp\/v2\/users\/10238"}],"replies":[{"embeddable":true,"href":"https:\/\/blogsaverroes.juntadeandalucia.es\/arpegiodecorcheas\/wp-json\/wp\/v2\/comments?post=313"}],"version-history":[{"count":27,"href":"https:\/\/blogsaverroes.juntadeandalucia.es\/arpegiodecorcheas\/wp-json\/wp\/v2\/posts\/313\/revisions"}],"predecessor-version":[{"id":356,"href":"https:\/\/blogsaverroes.juntadeandalucia.es\/arpegiodecorcheas\/wp-json\/wp\/v2\/posts\/313\/revisions\/356"}],"wp:featuredmedia":[{"embeddable":true,"href":"https:\/\/blogsaverroes.juntadeandalucia.es\/arpegiodecorcheas\/wp-json\/wp\/v2\/media\/315"}],"wp:attachment":[{"href":"https:\/\/blogsaverroes.juntadeandalucia.es\/arpegiodecorcheas\/wp-json\/wp\/v2\/media?parent=313"}],"wp:term":[{"taxonomy":"category","embeddable":true,"href":"https:\/\/blogsaverroes.juntadeandalucia.es\/arpegiodecorcheas\/wp-json\/wp\/v2\/categories?post=313"},{"taxonomy":"post_tag","embeddable":true,"href":"https:\/\/blogsaverroes.juntadeandalucia.es\/arpegiodecorcheas\/wp-json\/wp\/v2\/tags?post=313"}],"curies":[{"name":"wp","href":"https:\/\/api.w.org\/{rel}","templated":true}]}}