{"id":360,"date":"2020-06-25T10:52:04","date_gmt":"2020-06-25T08:52:04","guid":{"rendered":"https:\/\/blogsaverroes.juntadeandalucia.es\/arpegiodecorcheas\/?p=360"},"modified":"2020-06-27T23:08:16","modified_gmt":"2020-06-27T21:08:16","slug":"el-nocturno-de-genero","status":"publish","type":"post","link":"https:\/\/blogsaverroes.juntadeandalucia.es\/arpegiodecorcheas\/el-nocturno-de-genero\/","title":{"rendered":"EL NOCTURNO DE \u00abG\u00c9NERO\u00bb."},"content":{"rendered":"\t\t<div data-elementor-type=\"wp-post\" data-elementor-id=\"360\" class=\"elementor elementor-360\">\n\t\t\t\t\t\t<section class=\"elementor-section elementor-top-section elementor-element elementor-element-a1571c0 elementor-section-boxed elementor-section-height-default elementor-section-height-default\" data-id=\"a1571c0\" data-element_type=\"section\">\n\t\t\t\t\t\t<div class=\"elementor-container elementor-column-gap-default\">\n\t\t\t\t\t<div class=\"elementor-column elementor-col-100 elementor-top-column elementor-element elementor-element-53322dc\" data-id=\"53322dc\" data-element_type=\"column\">\n\t\t\t<div class=\"elementor-widget-wrap elementor-element-populated\">\n\t\t\t\t\t\t<div class=\"elementor-element elementor-element-c76e2e6 elementor-widget elementor-widget-text-editor\" data-id=\"c76e2e6\" data-element_type=\"widget\" data-widget_type=\"text-editor.default\">\n\t\t\t\t<div class=\"elementor-widget-container\">\n\t\t\t\t\t\t\t\t\t<p style=\"text-align: justify\"><span style=\"font-family: 'book antiqua', palatino, serif;font-size: 14pt;color: #ffffff\">Hablar de\u00a0<em><a style=\"color: #ffffff\" href=\"https:\/\/es.wikipedia.org\/wiki\/Nocturno_(m%C3%BAsica)\" target=\"_blank\" rel=\"noopener\">\u00abNocturno\u00bb<\/a><\/em><em>\u00a0<\/em>, suele generar una imagen mental y auditiva de las bell\u00edsimas composiciones para el piano que F. Chopin cultiv\u00f3 durante toda su vida, y con un poco de suerte, adem\u00e1s se consideren aqu\u00e9llas que escribi\u00f3 el creador de la forma, el ingl\u00e9s Jonh Field, piezas estas, sin embargo,\u00a0 rarisimamente interpretadas en los Conservatorios, en favor de las del genio polaco. En alguna ocasi\u00f3n, se escucha alguno de los tres enso\u00f1adores nocturnos de F. Liszt, pero existe un conjunto de obras de esta forma musical que es dif\u00edcil, por no decir improbable, encontrar en las programaciones de las Ense\u00f1anzas Profesionales , sin motivo aparente, puesto que constituyen peque\u00f1as joyas de la literatura pian\u00edstica. La tradici\u00f3n interpretativa del instrumento ha podido pesar en su no presencia en los diversos \u00e1mbitos art\u00edsticos, pero sin duda hoy d\u00eda, esa coyuntura va modific\u00e1ndose en ciertos niveles , simplemente por mero sentido com\u00fan; es el caso de los tesoros\u00a0 que aqu\u00ed os presento: tres nocturnos que alcanzan las m\u00e1s intensas cotas de lirismo y\u00a0 arrebatadora enso\u00f1aci\u00f3n del Romanticismo de la primera mitad del siglo XIX. Compuestos por tres mujeres , de enorme popularidad en vida como concertistas del m\u00e1ximo nivel: <\/span><\/p><p style=\"text-align: justify\"><span style=\"font-family: 'book antiqua', palatino, serif;font-size: 14pt;color: #ffffff\"><em style=\"background-color: #222222\"><a style=\"background-color: #222222;color: #ffffff\" href=\"https:\/\/es.wikipedia.org\/wiki\/Clara_Schumann\" target=\"_blank\" rel=\"noopener\">Clara Wieck Schumann<\/a>,\u00a0<\/em><i><a style=\"color: #ffffff\" href=\"https:\/\/imslp.org\/wiki\/Soir%C3%A9es_musicales,_Op.6_(Schumann,_Clara)\" target=\"_blank\" rel=\"noopener\">Nocturno Op. 6 n\u00ba 2<\/a>,\u00a0<\/i>esposa de Robert Schumann,<\/span><\/p><p style=\"text-align: justify\"><span style=\"color: #ffffff;font-family: 'book antiqua', palatino, serif;font-size: 14pt\"><a style=\"background-color: #222222;color: #ffffff\" href=\"https:\/\/es.wikipedia.org\/wiki\/Fanny_Mendelssohn\" target=\"_blank\" rel=\"noopener\"><em>Fanny Hensel Mendelssohn<\/em><\/a>, <i>Nocturno en Sol menor<\/i>, hermana de Felix Mendelssohn,<\/span><\/p><p style=\"text-align: justify\"><span style=\"font-family: 'book antiqua', palatino, serif;font-size: 14pt;color: #ffffff\">y la menos conocida<em>,\u00a0<a style=\"color: #ffffff\" href=\"https:\/\/es.wikipedia.org\/wiki\/Maria_Agata_Szymanowska\" target=\"_blank\" rel=\"noopener\">Maria Agata Szymanowska<\/a>:\u00a0<\/em><a style=\"background-color: #222222;color: #ffffff\" href=\"https:\/\/imslp.org\/wiki\/Nocturne_in_B-flat_major_(Szymanowska%2C_Maria_Agata)\" target=\"_blank\" rel=\"noopener\"><i>Nocturno in\u00a0Sib Mayor.<\/i><\/a><\/span><\/p>\t\t\t\t\t\t\t\t<\/div>\n\t\t\t\t<\/div>\n\t\t\t\t\t<\/div>\n\t\t<\/div>\n\t\t\t\t\t<\/div>\n\t\t<\/section>\n\t\t\t\t<section class=\"elementor-section elementor-top-section elementor-element elementor-element-817b64d elementor-section-content-middle elementor-section-boxed elementor-section-height-default elementor-section-height-default\" data-id=\"817b64d\" data-element_type=\"section\">\n\t\t\t\t\t\t<div class=\"elementor-container elementor-column-gap-default\">\n\t\t\t\t\t<div class=\"elementor-column elementor-col-100 elementor-top-column elementor-element elementor-element-1501a5d\" data-id=\"1501a5d\" data-element_type=\"column\">\n\t\t\t<div class=\"elementor-widget-wrap elementor-element-populated\">\n\t\t\t\t\t\t<div class=\"elementor-element elementor-element-718e77c elementor-widget elementor-widget-image-gallery\" data-id=\"718e77c\" data-element_type=\"widget\" data-widget_type=\"image-gallery.default\">\n\t\t\t\t<div class=\"elementor-widget-container\">\n\t\t\t\t\t\t\t<div class=\"elementor-image-gallery\">\n\t\t\t<div id='gallery-1' class='gallery galleryid-360 gallery-columns-3 gallery-size-thumbnail'><figure class='gallery-item'>\n\t\t\t<div class='gallery-icon portrait'>\n\t\t\t\t<a data-elementor-open-lightbox=\"yes\" data-elementor-lightbox-slideshow=\"718e77c\" data-elementor-lightbox-title=\"OLYMPUS DIGITAL CAMERA\" data-e-action-hash=\"#elementor-action%3Aaction%3Dlightbox%26settings%3DeyJpZCI6Mzc3LCJ1cmwiOiJodHRwczpcL1wvYmxvZ3NhdmVycm9lcy5qdW50YWRlYW5kYWx1Y2lhLmVzXC9hcnBlZ2lvZGVjb3JjaGVhc1wvZmlsZXNcLzIwMjBcLzA2XC8yNTZweC1BbmRyZWFzX1N0YXViXy1fQ2xhcmFfV2llY2tfTGl0aG9ncmFwaGllXzE4MzkuanBnIiwic2xpZGVzaG93IjoiNzE4ZTc3YyJ9\" href='https:\/\/blogsaverroes.juntadeandalucia.es\/arpegiodecorcheas\/files\/2020\/06\/256px-Andreas_Staub_-_Clara_Wieck_Lithographie_1839.jpg'><img decoding=\"async\" width=\"150\" height=\"150\" src=\"https:\/\/blogsaverroes.juntadeandalucia.es\/arpegiodecorcheas\/files\/2020\/06\/256px-Andreas_Staub_-_Clara_Wieck_Lithographie_1839-150x150.jpg\" class=\"attachment-thumbnail size-thumbnail\" alt=\"\" aria-describedby=\"gallery-1-377\" srcset=\"https:\/\/blogsaverroes.juntadeandalucia.es\/arpegiodecorcheas\/files\/2020\/06\/256px-Andreas_Staub_-_Clara_Wieck_Lithographie_1839-150x150.jpg 150w, https:\/\/blogsaverroes.juntadeandalucia.es\/arpegiodecorcheas\/files\/2020\/06\/256px-Andreas_Staub_-_Clara_Wieck_Lithographie_1839-100x100.jpg 100w\" sizes=\"100vw\" \/><\/a>\n\t\t\t<\/div>\n\t\t\t\t<figcaption class='wp-caption-text gallery-caption' id='gallery-1-377'>\n\t\t\t\tCLARA SCHUMANN\n\t\t\t\t<\/figcaption><\/figure><figure class='gallery-item'>\n\t\t\t<div class='gallery-icon landscape'>\n\t\t\t\t<a data-elementor-open-lightbox=\"yes\" data-elementor-lightbox-slideshow=\"718e77c\" data-elementor-lightbox-title=\"hensel-fanny-mendelssohn\" data-e-action-hash=\"#elementor-action%3Aaction%3Dlightbox%26settings%3DeyJpZCI6Mzc5LCJ1cmwiOiJodHRwczpcL1wvYmxvZ3NhdmVycm9lcy5qdW50YWRlYW5kYWx1Y2lhLmVzXC9hcnBlZ2lvZGVjb3JjaGVhc1wvZmlsZXNcLzIwMjBcLzA2XC9oZW5zZWwtZmFubnktbWVuZGVsc3NvaG4uanBnIiwic2xpZGVzaG93IjoiNzE4ZTc3YyJ9\" href='https:\/\/blogsaverroes.juntadeandalucia.es\/arpegiodecorcheas\/files\/2020\/06\/hensel-fanny-mendelssohn.jpg'><img decoding=\"async\" width=\"150\" height=\"150\" src=\"https:\/\/blogsaverroes.juntadeandalucia.es\/arpegiodecorcheas\/files\/2020\/06\/hensel-fanny-mendelssohn-150x150.jpg\" class=\"attachment-thumbnail size-thumbnail\" alt=\"\" aria-describedby=\"gallery-1-379\" srcset=\"https:\/\/blogsaverroes.juntadeandalucia.es\/arpegiodecorcheas\/files\/2020\/06\/hensel-fanny-mendelssohn-150x150.jpg 150w, https:\/\/blogsaverroes.juntadeandalucia.es\/arpegiodecorcheas\/files\/2020\/06\/hensel-fanny-mendelssohn-100x100.jpg 100w, https:\/\/blogsaverroes.juntadeandalucia.es\/arpegiodecorcheas\/files\/2020\/06\/hensel-fanny-mendelssohn-24x24.jpg 24w, https:\/\/blogsaverroes.juntadeandalucia.es\/arpegiodecorcheas\/files\/2020\/06\/hensel-fanny-mendelssohn-36x36.jpg 36w, https:\/\/blogsaverroes.juntadeandalucia.es\/arpegiodecorcheas\/files\/2020\/06\/hensel-fanny-mendelssohn-48x48.jpg 48w, https:\/\/blogsaverroes.juntadeandalucia.es\/arpegiodecorcheas\/files\/2020\/06\/hensel-fanny-mendelssohn.jpg 200w\" sizes=\"100vw\" \/><\/a>\n\t\t\t<\/div>\n\t\t\t\t<figcaption class='wp-caption-text gallery-caption' id='gallery-1-379'>\n\t\t\t\tFANNY MENDELSSOHN\n\t\t\t\t<\/figcaption><\/figure><figure class='gallery-item'>\n\t\t\t<div class='gallery-icon portrait'>\n\t\t\t\t<a data-elementor-open-lightbox=\"yes\" data-elementor-lightbox-slideshow=\"718e77c\" data-elementor-lightbox-title=\"Maria_Szymanowska1\" data-e-action-hash=\"#elementor-action%3Aaction%3Dlightbox%26settings%3DeyJpZCI6Mzc4LCJ1cmwiOiJodHRwczpcL1wvYmxvZ3NhdmVycm9lcy5qdW50YWRlYW5kYWx1Y2lhLmVzXC9hcnBlZ2lvZGVjb3JjaGVhc1wvZmlsZXNcLzIwMjBcLzA2XC9NYXJpYV9TenltYW5vd3NrYTEuanBnIiwic2xpZGVzaG93IjoiNzE4ZTc3YyJ9\" href='https:\/\/blogsaverroes.juntadeandalucia.es\/arpegiodecorcheas\/files\/2020\/06\/Maria_Szymanowska1.jpg'><img decoding=\"async\" width=\"150\" height=\"150\" src=\"https:\/\/blogsaverroes.juntadeandalucia.es\/arpegiodecorcheas\/files\/2020\/06\/Maria_Szymanowska1-150x150.jpg\" class=\"attachment-thumbnail size-thumbnail\" alt=\"\" aria-describedby=\"gallery-1-378\" srcset=\"https:\/\/blogsaverroes.juntadeandalucia.es\/arpegiodecorcheas\/files\/2020\/06\/Maria_Szymanowska1-150x150.jpg 150w, https:\/\/blogsaverroes.juntadeandalucia.es\/arpegiodecorcheas\/files\/2020\/06\/Maria_Szymanowska1-100x100.jpg 100w\" sizes=\"100vw\" \/><\/a>\n\t\t\t<\/div>\n\t\t\t\t<figcaption class='wp-caption-text gallery-caption' id='gallery-1-378'>\n\t\t\t\tMARIA SZYMANOWSKA\n\t\t\t\t<\/figcaption><\/figure>\n\t\t<\/div>\n\t\t<\/div>\n\t\t\t\t\t\t<\/div>\n\t\t\t\t<\/div>\n\t\t\t\t\t<\/div>\n\t\t<\/div>\n\t\t\t\t\t<\/div>\n\t\t<\/section>\n\t\t\t\t<section class=\"elementor-section elementor-top-section elementor-element elementor-element-e749bbf elementor-section-boxed elementor-section-height-default elementor-section-height-default\" data-id=\"e749bbf\" data-element_type=\"section\">\n\t\t\t\t\t\t<div class=\"elementor-container elementor-column-gap-default\">\n\t\t\t\t\t<div class=\"elementor-column elementor-col-100 elementor-top-column elementor-element elementor-element-cf196b0\" data-id=\"cf196b0\" data-element_type=\"column\">\n\t\t\t<div class=\"elementor-widget-wrap elementor-element-populated\">\n\t\t\t\t\t\t<div class=\"elementor-element elementor-element-9e25cf6 elementor-widget elementor-widget-text-editor\" data-id=\"9e25cf6\" data-element_type=\"widget\" data-widget_type=\"text-editor.default\">\n\t\t\t\t<div class=\"elementor-widget-container\">\n\t\t\t\t\t\t\t\t\t<p><span style=\"text-decoration: underline;font-family: 'book antiqua', palatino, serif;font-size: 12pt;color: #ffffff\"><em>Fuentes de im\u00e1genes:<\/em><\/span><\/p><p><span style=\"color: #ffffff\"><em><span style=\"font-family: 'book antiqua', palatino, serif;font-size: 10pt\"><a style=\"color: #ffffff\" href=\"https:\/\/en.wikipedia.org\/wiki\/en:Andreas_Staub\" target=\"_blank\" rel=\"noopener\">Andreas Staub<\/a>\u00a0creator QS:P170,Q500772 Foto:\u00a0<a style=\"color: #ffffff\" href=\"https:\/\/de.wikipedia.org\/wiki\/User:Peter_Geymayer\" target=\"_blank\" rel=\"noopener\">Peter Geymayer<\/a>,\u00a0<a style=\"color: #ffffff\" href=\"https:\/\/commons.wikimedia.org\/wiki\/File:Andreas_Staub_-_Clara_Wieck_(Lithographie_1839).jpg\" target=\"_blank\" rel=\"noopener\">Andreas Staub &#8211; Clara Wieck (Lithographie 1839)<\/a>, marcado como dominio p\u00fablico, para m\u00e1s detalles v\u00e9ase\u00a0<a style=\"color: #ffffff\" href=\"https:\/\/commons.wikimedia.org\/wiki\/Template:PD-old\" target=\"_blank\" rel=\"noopener\">Wikimedia Commons.<\/a><\/span><\/em><\/span><\/p><p><span style=\"color: #ffffff\"><em><span style=\"font-family: 'book antiqua', palatino, serif;font-size: 10pt\">https:\/\/picryl.com\/media\/hensel-fanny-mendelssohn.<\/span><\/em><\/span><\/p><p><span style=\"color: #ffffff\"><em><span style=\"font-family: 'book antiqua', palatino, serif\"><span style=\"font-size: 10pt\">Unknown author,\u00a0<\/span><a style=\"font-size: 10pt;background-color: #222222;color: #ffffff\" href=\"https:\/\/commons.wikimedia.org\/wiki\/File:Maria_Szymanowska1.jpg\" target=\"_blank\" rel=\"noopener\">Maria Szymanowska1<\/a><span style=\"font-size: 10pt\">, marcado como dominio p\u00fablico, para m\u00e1s detalles v\u00e9ase\u00a0<\/span><a style=\"font-size: 10pt;background-color: #222222;color: #ffffff\" href=\"https:\/\/commons.wikimedia.org\/wiki\/Template:PD-old\" target=\"_blank\" rel=\"noopener\">Wikimedia Commons<\/a><\/span><\/em><\/span><\/p>\t\t\t\t\t\t\t\t<\/div>\n\t\t\t\t<\/div>\n\t\t\t\t\t<\/div>\n\t\t<\/div>\n\t\t\t\t\t<\/div>\n\t\t<\/section>\n\t\t\t\t<section class=\"elementor-section elementor-top-section elementor-element elementor-element-5548ad7 elementor-section-boxed elementor-section-height-default elementor-section-height-default\" data-id=\"5548ad7\" data-element_type=\"section\">\n\t\t\t\t\t\t<div class=\"elementor-container elementor-column-gap-default\">\n\t\t\t\t\t<div class=\"elementor-column elementor-col-100 elementor-top-column elementor-element elementor-element-6f017d5\" data-id=\"6f017d5\" data-element_type=\"column\">\n\t\t\t<div class=\"elementor-widget-wrap elementor-element-populated\">\n\t\t\t\t\t\t<div class=\"elementor-element elementor-element-8d77ed6 elementor-widget elementor-widget-wp-widget-media_audio\" data-id=\"8d77ed6\" data-element_type=\"widget\" data-widget_type=\"wp-widget-media_audio.default\">\n\t\t\t\t<div class=\"elementor-widget-container\">\n\t\t\t\t\t<h5>Nocturno Fa mayor, C. Wieck Schumann<\/h5><!--[if lt IE 9]><script>document.createElement('audio');<\/script><![endif]-->\n<audio class=\"wp-audio-shortcode\" id=\"audio-360-1\" preload=\"none\" style=\"width: 100%;\" controls=\"controls\"><source type=\"audio\/mpeg\" src=\"https:\/\/blogsaverroes.juntadeandalucia.es\/arpegiodecorcheas\/files\/2020\/06\/Clara-Schumann-Nocturne-in-F-Major-Op.-6-No.-2-Soire\u00e9s-Musicales-Bart-van-Oort.mp3?_=1\" \/><source type=\"audio\/mpeg\" src=\"https:\/\/blogsaverroes.juntadeandalucia.es\/arpegiodecorcheas\/files\/2020\/06\/Clara-Schumann-Nocturne-in-F-Major-Op.-6-No.-2-Soire\u00e9s-Musicales-Bart-van-Oort.mp3?_=1\" \/><a href=\"https:\/\/blogsaverroes.juntadeandalucia.es\/arpegiodecorcheas\/files\/2020\/06\/Clara-Schumann-Nocturne-in-F-Major-Op.-6-No.-2-Soire\u00e9s-Musicales-Bart-van-Oort.mp3\">https:\/\/blogsaverroes.juntadeandalucia.es\/arpegiodecorcheas\/files\/2020\/06\/Clara-Schumann-Nocturne-in-F-Major-Op.-6-No.-2-Soire\u00e9s-Musicales-Bart-van-Oort.mp3<\/a><\/audio>\t\t\t\t<\/div>\n\t\t\t\t<\/div>\n\t\t\t\t\t<\/div>\n\t\t<\/div>\n\t\t\t\t\t<\/div>\n\t\t<\/section>\n\t\t\t\t<section class=\"elementor-section elementor-top-section elementor-element elementor-element-9dd8d65 elementor-section-boxed elementor-section-height-default elementor-section-height-default\" data-id=\"9dd8d65\" data-element_type=\"section\">\n\t\t\t\t\t\t<div class=\"elementor-container elementor-column-gap-default\">\n\t\t\t\t\t<div class=\"elementor-column elementor-col-100 elementor-top-column elementor-element elementor-element-4d2f225\" data-id=\"4d2f225\" data-element_type=\"column\">\n\t\t\t<div class=\"elementor-widget-wrap elementor-element-populated\">\n\t\t\t\t\t\t<div class=\"elementor-element elementor-element-5a771b1 elementor-widget elementor-widget-wp-widget-media_audio\" data-id=\"5a771b1\" data-element_type=\"widget\" data-widget_type=\"wp-widget-media_audio.default\">\n\t\t\t\t<div class=\"elementor-widget-container\">\n\t\t\t\t\t<h5>Nocturno Sol mayor, f. hensel mendelssohn<\/h5><audio class=\"wp-audio-shortcode\" id=\"audio-360-2\" preload=\"none\" style=\"width: 100%;\" controls=\"controls\"><source type=\"audio\/mpeg\" src=\"https:\/\/blogsaverroes.juntadeandalucia.es\/arpegiodecorcheas\/files\/2020\/06\/Fanny-Mendelssohn-Notturno-in-G-minor-Heather-Schmidt.mp3?_=2\" \/><source type=\"audio\/mpeg\" src=\"https:\/\/blogsaverroes.juntadeandalucia.es\/arpegiodecorcheas\/files\/2020\/06\/Fanny-Mendelssohn-Notturno-in-G-minor-Heather-Schmidt.mp3?_=2\" \/><a href=\"https:\/\/blogsaverroes.juntadeandalucia.es\/arpegiodecorcheas\/files\/2020\/06\/Fanny-Mendelssohn-Notturno-in-G-minor-Heather-Schmidt.mp3\">https:\/\/blogsaverroes.juntadeandalucia.es\/arpegiodecorcheas\/files\/2020\/06\/Fanny-Mendelssohn-Notturno-in-G-minor-Heather-Schmidt.mp3<\/a><\/audio>\t\t\t\t<\/div>\n\t\t\t\t<\/div>\n\t\t\t\t\t<\/div>\n\t\t<\/div>\n\t\t\t\t\t<\/div>\n\t\t<\/section>\n\t\t\t\t<section class=\"elementor-section elementor-top-section elementor-element elementor-element-4370693 elementor-section-boxed elementor-section-height-default elementor-section-height-default\" data-id=\"4370693\" data-element_type=\"section\">\n\t\t\t\t\t\t<div class=\"elementor-container elementor-column-gap-default\">\n\t\t\t\t\t<div class=\"elementor-column elementor-col-100 elementor-top-column elementor-element elementor-element-78fe801\" data-id=\"78fe801\" data-element_type=\"column\">\n\t\t\t<div class=\"elementor-widget-wrap elementor-element-populated\">\n\t\t\t\t\t\t<div class=\"elementor-element elementor-element-14e1545 elementor-widget elementor-widget-wp-widget-media_audio\" data-id=\"14e1545\" data-element_type=\"widget\" data-widget_type=\"wp-widget-media_audio.default\">\n\t\t\t\t<div class=\"elementor-widget-container\">\n\t\t\t\t\t<h5>nocturno si b mayor m. a. szymanowska<\/h5><audio class=\"wp-audio-shortcode\" id=\"audio-360-3\" preload=\"none\" style=\"width: 100%;\" controls=\"controls\"><source type=\"audio\/mpeg\" src=\"https:\/\/blogsaverroes.juntadeandalucia.es\/arpegiodecorcheas\/files\/2020\/06\/maria-szymanowska-nocturne-in-b-flat-major-nokturn-b-dur-smendzianka-polish-romantic-piano-music.mp3?_=3\" \/><source type=\"audio\/mpeg\" src=\"https:\/\/blogsaverroes.juntadeandalucia.es\/arpegiodecorcheas\/files\/2020\/06\/maria-szymanowska-nocturne-in-b-flat-major-nokturn-b-dur-smendzianka-polish-romantic-piano-music.mp3?_=3\" \/><a href=\"https:\/\/blogsaverroes.juntadeandalucia.es\/arpegiodecorcheas\/files\/2020\/06\/maria-szymanowska-nocturne-in-b-flat-major-nokturn-b-dur-smendzianka-polish-romantic-piano-music.mp3\">https:\/\/blogsaverroes.juntadeandalucia.es\/arpegiodecorcheas\/files\/2020\/06\/maria-szymanowska-nocturne-in-b-flat-major-nokturn-b-dur-smendzianka-polish-romantic-piano-music.mp3<\/a><\/audio>\t\t\t\t<\/div>\n\t\t\t\t<\/div>\n\t\t\t\t\t<\/div>\n\t\t<\/div>\n\t\t\t\t\t<\/div>\n\t\t<\/section>\n\t\t\t\t<section class=\"elementor-section elementor-top-section elementor-element elementor-element-7562f24 elementor-section-boxed elementor-section-height-default elementor-section-height-default\" data-id=\"7562f24\" data-element_type=\"section\">\n\t\t\t\t\t\t<div class=\"elementor-container elementor-column-gap-default\">\n\t\t\t\t\t<div class=\"elementor-column elementor-col-100 elementor-top-column elementor-element elementor-element-5b63056\" data-id=\"5b63056\" data-element_type=\"column\">\n\t\t\t<div class=\"elementor-widget-wrap elementor-element-populated\">\n\t\t\t\t\t\t<div class=\"elementor-element elementor-element-0f08fc4 elementor-widget elementor-widget-text-editor\" data-id=\"0f08fc4\" data-element_type=\"widget\" data-widget_type=\"text-editor.default\">\n\t\t\t\t<div class=\"elementor-widget-container\">\n\t\t\t\t\t\t\t\t\t<h4 id=\"title\" class=\"style-scope ytd-metadata-row-renderer\"><span style=\"color: #ffffff\"><em><span style=\"font-family: 'book antiqua', palatino, serif;font-size: 10pt\"><span style=\"text-decoration: underline\">Fuemtes de audio<\/span>:\u00a0<\/span><\/em><\/span><\/h4><h4 id=\"title\" class=\"style-scope ytd-metadata-row-renderer\"><em style=\"color: #ffffff;font-size: 1.125rem\"><span style=\"font-family: 'book antiqua', palatino, serif;font-size: 10pt\">Canci\u00f3n: Nocturne in F Major, Op. 6 No. 2 (Soire\u00e9s Musicales) <\/span><\/em><em style=\"color: #ffffff;font-size: 1.125rem\"><span style=\"font-family: 'book antiqua', palatino, serif;font-size: 10pt\">Artista: Bart van Oort <\/span><\/em><em style=\"color: #ffffff;font-size: 1.125rem\"><span style=\"font-family: 'book antiqua', palatino, serif;font-size: 10pt\">\u00c1lbum: Chopin: His Contemporaries and His Instruments <\/span><\/em><em style=\"color: #ffffff;font-size: 1.125rem\"><span style=\"font-family: 'book antiqua', palatino, serif;font-size: 10pt\">Con licencia cedida a YouTube por: Kontor New Media Music (en nombre de Brilliant Classics) y 1 sociedades de derechos musicales.<\/span><\/em><\/h4><h4 id=\"title\" class=\"style-scope ytd-metadata-row-renderer\"><span style=\"color: #ffffff\"><em><span style=\"font-family: 'book antiqua', palatino, serif;font-size: 10pt\">Canci\u00f3n: Notturno in G minor. Artista: Heather Schmidt. \u00c1lbum: MENDELSSOHN-HENSEL, F.: Piano Sonatas \/ Lied \/ Sonata o Capriccio (H. Schmidt). Con licencia cedida a YouTube por: AdShare MG for a Third Party (en nombre de Naxos_thenax); AdShare (Publishing) y 6 sociedades de derechos musicales.<\/span><\/em><\/span><\/h4><p><span style=\"color: #ffffff\"><em><span style=\"font-family: 'book antiqua', palatino, serif;font-size: 10pt\">Canci\u00f3n: Nocturne in B flat major Nokturn B-dur Artista: Regina Smendzianka. \u00c1lbum: Polish Romantic Piano Music<\/span><\/em><\/span><\/p>\t\t\t\t\t\t\t\t<\/div>\n\t\t\t\t<\/div>\n\t\t\t\t\t<\/div>\n\t\t<\/div>\n\t\t\t\t\t<\/div>\n\t\t<\/section>\n\t\t\t\t<\/div>\n\t\t","protected":false},"excerpt":{"rendered":"<p>Hablar de&nbsp;\u00abNocturno\u00bb&nbsp;, suele generar una imagen mental y auditiva de las bell\u00edsimas composiciones para el piano que F. Chopin cultiv\u00f3 durante toda su vida, y con un poco de suerte, adem\u00e1s se consideren aqu\u00e9llas que escribi\u00f3 el creador de la forma, el ingl\u00e9s Jonh Field, piezas estas, sin embargo,&nbsp; rarisimamente interpretadas en los Conservatorios, en &hellip; <\/p>\n<p class=\"link-more\"><a href=\"https:\/\/blogsaverroes.juntadeandalucia.es\/arpegiodecorcheas\/el-nocturno-de-genero\/\" class=\"more-link\">Continuar leyendo<span class=\"screen-reader-text\"> \u00abEL NOCTURNO DE \u00abG\u00c9NERO\u00bb.\u00bb<\/span><\/a><\/p>\n","protected":false},"author":10238,"featured_media":0,"comment_status":"open","ping_status":"closed","sticky":false,"template":"","format":"standard","meta":{"ngg_post_thumbnail":0,"footnotes":""},"categories":[13,29],"tags":[46,47,48,45],"aioseo_notices":[],"_links":{"self":[{"href":"https:\/\/blogsaverroes.juntadeandalucia.es\/arpegiodecorcheas\/wp-json\/wp\/v2\/posts\/360"}],"collection":[{"href":"https:\/\/blogsaverroes.juntadeandalucia.es\/arpegiodecorcheas\/wp-json\/wp\/v2\/posts"}],"about":[{"href":"https:\/\/blogsaverroes.juntadeandalucia.es\/arpegiodecorcheas\/wp-json\/wp\/v2\/types\/post"}],"author":[{"embeddable":true,"href":"https:\/\/blogsaverroes.juntadeandalucia.es\/arpegiodecorcheas\/wp-json\/wp\/v2\/users\/10238"}],"replies":[{"embeddable":true,"href":"https:\/\/blogsaverroes.juntadeandalucia.es\/arpegiodecorcheas\/wp-json\/wp\/v2\/comments?post=360"}],"version-history":[{"count":55,"href":"https:\/\/blogsaverroes.juntadeandalucia.es\/arpegiodecorcheas\/wp-json\/wp\/v2\/posts\/360\/revisions"}],"predecessor-version":[{"id":444,"href":"https:\/\/blogsaverroes.juntadeandalucia.es\/arpegiodecorcheas\/wp-json\/wp\/v2\/posts\/360\/revisions\/444"}],"wp:attachment":[{"href":"https:\/\/blogsaverroes.juntadeandalucia.es\/arpegiodecorcheas\/wp-json\/wp\/v2\/media?parent=360"}],"wp:term":[{"taxonomy":"category","embeddable":true,"href":"https:\/\/blogsaverroes.juntadeandalucia.es\/arpegiodecorcheas\/wp-json\/wp\/v2\/categories?post=360"},{"taxonomy":"post_tag","embeddable":true,"href":"https:\/\/blogsaverroes.juntadeandalucia.es\/arpegiodecorcheas\/wp-json\/wp\/v2\/tags?post=360"}],"curies":[{"name":"wp","href":"https:\/\/api.w.org\/{rel}","templated":true}]}}