{"id":465,"date":"2020-07-17T11:17:07","date_gmt":"2020-07-17T09:17:07","guid":{"rendered":"https:\/\/blogsaverroes.juntadeandalucia.es\/arpegiodecorcheas\/?p=465"},"modified":"2020-10-14T19:39:23","modified_gmt":"2020-10-14T17:39:23","slug":"sobre-literatura-e-interpretacion-del-piano","status":"publish","type":"post","link":"https:\/\/blogsaverroes.juntadeandalucia.es\/arpegiodecorcheas\/sobre-literatura-e-interpretacion-del-piano\/","title":{"rendered":"Sobre&#8230;Literatura e Interpretaci\u00f3n del Piano."},"content":{"rendered":"<p style=\"text-align: justify\"><span style=\"font-family: 'book antiqua', palatino, serif;font-size: 14pt\">La asignatu<\/span><span style=\"font-family: 'book antiqua', palatino, serif;font-size: 14pt\">ra \u00abLiteratura e Interpretaci\u00f3n del instrumento principal\u00bb se imparte en el quinto curso de las&nbsp; Ense\u00f1anzas Profesionales de M\u00fasica, y aunque pueda parecer por su naturaleza que sea te\u00f3rica, lo cierto es que debe, o al menos deber\u00eda, plantear aspectos pr\u00e1cticos de la interpretaci\u00f3n pian\u00edstica y la&nbsp; de aquellos instrumentos de teclado &#8211; clavicordio y clavic\u00e9mbalo &#8211; cuyo repertorio es hoy d\u00eda practicado al piano, albergando un amplio abanico de posibilidades para su programaci\u00f3n. Voy <\/span><span style=\"font-family: 'book antiqua', palatino, serif;font-size: 14pt\">a presenta<\/span><span style=\"font-family: 'book antiqua', palatino, serif;font-size: 14pt\">r aqu\u00ed algunas opciones de contenido de la asignatura:<\/span><\/p>\n<ol style=\"text-align: justify;list-style-type: upper-roman\">\n<li><em><span style=\"font-family: 'book antiqua', palatino, serif;font-size: 14pt\">INTRODUCCI\u00d3N:&nbsp;<\/span><\/em><span style=\"font-family: 'book antiqua', palatino, serif;font-size: 14pt\"><span style=\"font-family: 'book antiqua', palatino, serif;font-size: 14pt\">Ser\u00e1 necesario, previo estudio de la materia esencial, realizar una aproximaci\u00f3n hist\u00f3rica a los instrumentos de teclado cuyo repertorio ha sido asimilado a la interpretaci\u00f3n pian\u00edstica propiamente dicha, y que podr\u00edan resumirse b\u00e1si<\/span><\/span><span style=\"font-family: 'book antiqua', palatino, serif;font-size: 14pt\"><span style=\"font-family: 'book antiqua', palatino, serif;font-size: 14pt\">camente en los ya mencionados clavicordio y clavic\u00e9mbalo, observando el recorrido evolutivo desde su pr\u00e1ctica anterior a&nbsp; la irrupci\u00f3n del fortepiano y su desarrollo hasta convertirse en el piano moderno; tambi\u00e9n quiz\u00e1s fuera interesante siempre que el espacio de tiempo lo permitiera, una referencia a la nat<\/span><\/span><span style=\"font-family: 'book antiqua', palatino, serif;font-size: 14pt\">uraleza tecnol\u00f3gica de los actuales pianos disponibles en algunos fabricantes.&nbsp;<\/span><span style=\"font-family: 'book antiqua', palatino, serif;font-size: 14pt\">&nbsp; &nbsp; &nbsp; &nbsp; &nbsp; &nbsp; &nbsp; &nbsp; &nbsp; &nbsp; &nbsp; &nbsp; &nbsp; &nbsp; &nbsp; &nbsp; &nbsp; &nbsp; &nbsp; &nbsp; &nbsp; &nbsp; &nbsp; &nbsp; &nbsp; &nbsp; &nbsp; &nbsp; &nbsp; &nbsp; &nbsp; &nbsp; &nbsp; &nbsp; &nbsp; &nbsp; &nbsp; &nbsp; &nbsp; &nbsp; &nbsp; &nbsp; &nbsp; &nbsp; &nbsp; &nbsp; &nbsp; &nbsp; &nbsp; &nbsp; &nbsp; &nbsp; &nbsp; &nbsp; &nbsp; &nbsp; &nbsp; &nbsp; &nbsp; &nbsp; &nbsp; &nbsp; &nbsp; &nbsp; &nbsp; &nbsp; &nbsp; &nbsp; &nbsp; &nbsp; &nbsp; &nbsp; &nbsp; &nbsp; &nbsp; &nbsp; &nbsp; &nbsp; &nbsp; &nbsp; &nbsp; &nbsp; &nbsp; &nbsp; &nbsp; &nbsp; <\/span><span style=\"font-family: 'book antiqua', palatino, serif;font-size: 14pt\">&nbsp; &nbsp; &nbsp; &nbsp; &nbsp; &nbsp; &nbsp; &nbsp; &nbsp; &nbsp; &nbsp; &nbsp; &nbsp; &nbsp; &nbsp; &nbsp; &nbsp; &nbsp; <\/span><span style=\"font-family: 'book antiqua', palatino, serif;font-size: 14pt\">&nbsp; &nbsp; &nbsp; &nbsp; &nbsp; &nbsp;&nbsp;<\/span><\/li>\n<li><span style=\"font-family: 'book antiqua', palatino, serif;font-size: 14pt\"><span style=\"font-family: 'book antiqua', palatino, serif;font-size: 14pt\">En primer lugar, parece l\u00f3gico que la materia incluya una aproximaci\u00f3n al conocimiento de los g\u00e9neros y formas instrumentales y el cat\u00e1logo de composiciones escritas para los instrumentos de teclado a lo largo de los per\u00edodos hist\u00f3ricos, interpretadas al piano moderno en la pr\u00e1ctica actual, enfocando el \u00e9nfasis en el estudio y audici\u00f3n de&nbsp; las obras d<\/span><\/span><span style=\"font-family: 'book antiqua', palatino, serif;font-size: 14pt\"><span style=\"font-family: 'book antiqua', palatino, serif;font-size: 14pt\">e referenc<\/span><\/span><span style=\"font-family: 'book antiqua', palatino, serif;font-size: 14pt\"><span style=\"font-family: 'book antiqua', palatino, serif;font-size: 14pt\"><span style=\"font-family: 'book antiqua', palatino, serif;font-size: 14pt\">ia de los grandes compositores y compositoras.&nbsp; &nbsp;<\/span><\/span><\/span>&nbsp;&nbsp;&nbsp;\n<div id='gallery-1' class='gallery galleryid-465 gallery-columns-3 gallery-size-thumbnail'><figure class='gallery-item'>\n\t\t\t<div class='gallery-icon landscape'>\n\t\t\t\t<a href='https:\/\/blogsaverroes.juntadeandalucia.es\/arpegiodecorcheas\/sobre-literatura-e-interpretacion-del-piano\/music-rare-classic-harmony-raritet-beethoven\/'><img decoding=\"async\" width=\"150\" height=\"150\" src=\"https:\/\/blogsaverroes.juntadeandalucia.es\/arpegiodecorcheas\/files\/2020\/07\/music-rare-classic-harmony-raritet-beethoven-150x150.jpg\" class=\"attachment-thumbnail size-thumbnail\" alt=\"\" srcset=\"https:\/\/blogsaverroes.juntadeandalucia.es\/arpegiodecorcheas\/files\/2020\/07\/music-rare-classic-harmony-raritet-beethoven-150x150.jpg 150w, https:\/\/blogsaverroes.juntadeandalucia.es\/arpegiodecorcheas\/files\/2020\/07\/music-rare-classic-harmony-raritet-beethoven-100x100.jpg 100w\" sizes=\"100vw\" \/><\/a>\n\t\t\t<\/div><\/figure><figure class='gallery-item'>\n\t\t\t<div class='gallery-icon landscape'>\n\t\t\t\t<a href='https:\/\/blogsaverroes.juntadeandalucia.es\/arpegiodecorcheas\/sobre-literatura-e-interpretacion-del-piano\/pxfuel-com\/'><img decoding=\"async\" width=\"150\" height=\"150\" src=\"https:\/\/blogsaverroes.juntadeandalucia.es\/arpegiodecorcheas\/files\/2020\/07\/pxfuel.com_-150x150.jpg\" class=\"attachment-thumbnail size-thumbnail\" alt=\"\" srcset=\"https:\/\/blogsaverroes.juntadeandalucia.es\/arpegiodecorcheas\/files\/2020\/07\/pxfuel.com_-150x150.jpg 150w, https:\/\/blogsaverroes.juntadeandalucia.es\/arpegiodecorcheas\/files\/2020\/07\/pxfuel.com_-100x100.jpg 100w\" sizes=\"100vw\" \/><\/a>\n\t\t\t<\/div><\/figure><figure class='gallery-item'>\n\t\t\t<div class='gallery-icon landscape'>\n\t\t\t\t<a href='https:\/\/blogsaverroes.juntadeandalucia.es\/arpegiodecorcheas\/sobre-literatura-e-interpretacion-del-piano\/pxfuel-com-1\/'><img decoding=\"async\" width=\"150\" height=\"150\" src=\"https:\/\/blogsaverroes.juntadeandalucia.es\/arpegiodecorcheas\/files\/2020\/07\/pxfuel.com-1-150x150.jpg\" class=\"attachment-thumbnail size-thumbnail\" alt=\"\" srcset=\"https:\/\/blogsaverroes.juntadeandalucia.es\/arpegiodecorcheas\/files\/2020\/07\/pxfuel.com-1-150x150.jpg 150w, https:\/\/blogsaverroes.juntadeandalucia.es\/arpegiodecorcheas\/files\/2020\/07\/pxfuel.com-1-100x100.jpg 100w\" sizes=\"100vw\" \/><\/a>\n\t\t\t<\/div><\/figure>\n\t\t<\/div>\n\n<p><span style=\"font-family: 'book antiqua', palatino, serif;font-size: 14pt\"><span style=\"font-family: 'book antiqua', palatino, serif;font-size: 14pt\">&nbsp; &nbsp; &nbsp; &nbsp; &nbsp; &nbsp; &nbsp; &nbsp; &nbsp; &nbsp; &nbsp; &nbsp; &nbsp; &nbsp; &nbsp; &nbsp; &nbsp; &nbsp; &nbsp; &nbsp; &nbsp; &nbsp; &nbsp; &nbsp; &nbsp; &nbsp; &nbsp; &nbsp; &nbsp; &nbsp; &nbsp; &nbsp; &nbsp; &nbsp; &nbsp; &nbsp; &nbsp; &nbsp; &nbsp; &nbsp; &nbsp; &nbsp; &nbsp; &nbsp; &nbsp; &nbsp; &nbsp;<\/span><\/span><\/li>\n<li><span style=\"font-family: 'book antiqua', palatino, serif;font-size: 14pt\">En cuanto a los per\u00edodos estil\u00edsticos, es necesario entretenerse en el an\u00e1lisis de&nbsp; la pr\u00e1ctica hist\u00f3rica al uso, sus convenciones interpretativas y los elementos variables en la evoluci\u00f3n de la fabricaci\u00f3n de los instrumentos y sus diferencias mec\u00e1nicas y ac\u00fasticas, seg\u00fan ya no solo acorde a&nbsp; la \u00e9poca, sino incluso a la escuela y \u00e1rea geogr\u00e1fica en la que se enmarca la creaci\u00f3n musical de los compositores y compositoras, que adem\u00e1s, pose\u00edan sus propias peculiaridades de escritura y t\u00e9cnica, y preferencias por&nbsp; el instrumento de un fabricante u otro, todo lo cual es definitorio para comprender la idea compositiva original de los artistas en aras de una interpretaci\u00f3n correcta.&nbsp; &nbsp; &nbsp;<\/span><span style=\"font-family: 'book antiqua', palatino, serif;font-size: 14pt\">&nbsp; &nbsp; &nbsp; &nbsp; &nbsp; &nbsp; &nbsp; &nbsp; &nbsp; &nbsp; &nbsp; &nbsp; &nbsp; &nbsp; &nbsp; &nbsp; &nbsp; &nbsp; &nbsp; &nbsp; &nbsp; &nbsp; &nbsp; &nbsp; &nbsp; &nbsp; &nbsp; &nbsp; &nbsp; &nbsp; &nbsp; &nbsp; &nbsp;<\/span><\/li>\n<li><span style=\"font-family: 'book antiqua', palatino, serif;font-size: 14pt\"><span style=\"font-family: 'book antiqua', palatino, serif;font-size: 14pt\">En relaci\u00f3n al punto anterior, es importante conocer uno de los \u00abobjetos\u00bb musicales m\u00e1s recurrentes de la Historia de la interpretaci\u00f3n, y que en el universo pian\u00edstico vivi\u00f3 una constante progresi\u00f3n desde sus inicios , con algunos per\u00edodos de tiempo de febril trascendencia: el <strong>M\u00c9TODO<\/strong> para piano, incluyendo los muy interesantes y exclusivamente dedicados al estudio del pedal, y que son bastante obviados hoy en d\u00eda. Por supuesto, hay que conocer las inmortales colecciones de estudios de los compositores m\u00e1s importantes, adem\u00e1s de otras fuentes literarias y documentos de naturaleza diversa &#8211; correspondencia, ediciones, diarios, rese\u00f1as, art\u00edculos y revistas, biograf\u00edas&#8230; &#8211; de trascendental importancia para conocer en profundidad detalles reveladores sobre los m\u00fasicos y su actividad creadora. <\/span><\/span>&nbsp;&nbsp;&nbsp;\n<div id='gallery-2' class='gallery galleryid-465 gallery-columns-2 gallery-size-medium'><figure class='gallery-item'>\n\t\t\t<div class='gallery-icon landscape'>\n\t\t\t\t<a href='https:\/\/blogsaverroes.juntadeandalucia.es\/arpegiodecorcheas\/liszt_at_the_piano\/'><img loading=\"lazy\" decoding=\"async\" width=\"300\" height=\"224\" src=\"https:\/\/blogsaverroes.juntadeandalucia.es\/arpegiodecorcheas\/files\/2020\/07\/Liszt_at_the_Piano-300x224.jpg\" class=\"attachment-medium size-medium\" alt=\"\" srcset=\"https:\/\/blogsaverroes.juntadeandalucia.es\/arpegiodecorcheas\/files\/2020\/07\/Liszt_at_the_Piano-300x224.jpg 300w, https:\/\/blogsaverroes.juntadeandalucia.es\/arpegiodecorcheas\/files\/2020\/07\/Liszt_at_the_Piano-768x572.jpg 768w, https:\/\/blogsaverroes.juntadeandalucia.es\/arpegiodecorcheas\/files\/2020\/07\/Liszt_at_the_Piano-24x18.jpg 24w, https:\/\/blogsaverroes.juntadeandalucia.es\/arpegiodecorcheas\/files\/2020\/07\/Liszt_at_the_Piano-36x27.jpg 36w, https:\/\/blogsaverroes.juntadeandalucia.es\/arpegiodecorcheas\/files\/2020\/07\/Liszt_at_the_Piano-48x36.jpg 48w, https:\/\/blogsaverroes.juntadeandalucia.es\/arpegiodecorcheas\/files\/2020\/07\/Liszt_at_the_Piano.jpg 800w\" sizes=\"100vw\" \/><\/a>\n\t\t\t<\/div><\/figure><figure class='gallery-item'>\n\t\t\t<div class='gallery-icon landscape'>\n\t\t\t\t<a href='https:\/\/blogsaverroes.juntadeandalucia.es\/arpegiodecorcheas\/chopin_concert\/'><img loading=\"lazy\" decoding=\"async\" width=\"300\" height=\"180\" src=\"https:\/\/blogsaverroes.juntadeandalucia.es\/arpegiodecorcheas\/files\/2020\/07\/Chopin_concert-300x180.jpg\" class=\"attachment-medium size-medium\" alt=\"\" srcset=\"https:\/\/blogsaverroes.juntadeandalucia.es\/arpegiodecorcheas\/files\/2020\/07\/Chopin_concert-300x180.jpg 300w, https:\/\/blogsaverroes.juntadeandalucia.es\/arpegiodecorcheas\/files\/2020\/07\/Chopin_concert-24x14.jpg 24w, https:\/\/blogsaverroes.juntadeandalucia.es\/arpegiodecorcheas\/files\/2020\/07\/Chopin_concert-36x22.jpg 36w, https:\/\/blogsaverroes.juntadeandalucia.es\/arpegiodecorcheas\/files\/2020\/07\/Chopin_concert-48x29.jpg 48w, https:\/\/blogsaverroes.juntadeandalucia.es\/arpegiodecorcheas\/files\/2020\/07\/Chopin_concert.jpg 512w\" sizes=\"100vw\" \/><\/a>\n\t\t\t<\/div><\/figure>\n\t\t<\/div>\n\n<p><em><span style=\"font-size: 12pt\"><span style=\"font-family: 'book antiqua', palatino, serif\"><span style=\"font-family: 'book antiqua', palatino, serif\">Fuentes de las im\u00e1genes, Izq: <\/span><\/span><span style=\"font-size: 10pt\"><a href=\"https:\/\/en.wikipedia.org\/wiki\/en:Josef_Danhauser\" target=\"_blank\" rel=\"noopener noreferrer\">Josef Danhauser<\/a>&nbsp;author QS:P170,Q776508,&nbsp;<a href=\"https:\/\/commons.wikimedia.org\/wiki\/File:Liszt_at_the_Piano.JPG\" target=\"_blank\" rel=\"noopener noreferrer\">Liszt at the Piano<\/a>, marcado como dominio p\u00fablico, para m\u00e1s detalles v\u00e9ase&nbsp;<a href=\"https:\/\/commons.wikimedia.org\/wiki\/Template:PD-old\" target=\"_blank\" rel=\"noopener noreferrer\">Wikimedia Commons<\/a><\/span><\/span><\/em><\/p>\n<p><span style=\"font-size: 10pt\"><em><span style=\"font-family: 'book antiqua', palatino, serif;font-size: 12pt\"><a href=\"https:\/\/en.wikipedia.org\/wiki\/en:Henryk_Siemiradzki\" target=\"_blank\" rel=\"noopener noreferrer\">&nbsp;Henryk Siemiradzki<\/a>&nbsp;artist QS:P170,Q192544,&nbsp;<a href=\"https:\/\/commons.wikimedia.org\/wiki\/File:Chopin_concert.jpg\">Chopin concert<\/a>, marcado como dominio p\u00fablico, <\/span>para <span style=\"font-family: 'book antiqua', palatino, serif;font-size: 12pt\">m\u00e1s detalles v\u00e9ase&nbsp;<a href=\"https:\/\/commons.wikimedia.org\/wiki\/Template:PD-old\">Wikimedia Commons<\/a><\/span><\/em><\/span><span style=\"font-family: 'book antiqua', palatino, serif;font-size: 14pt\">&nbsp; &nbsp; &nbsp; &nbsp; &nbsp; &nbsp; &nbsp; &nbsp; &nbsp; &nbsp; &nbsp; &nbsp; &nbsp; &nbsp; &nbsp; &nbsp;<\/span><\/li>\n<li><span style=\"font-family: 'book antiqua', palatino, serif;font-size: 14pt\">Mi propuesta \u00faltima es la de una aproximaci\u00f3n te\u00f3rica y audiovisual a la Historia de la interpretaci\u00f3n del piano y el conocimiento de los int\u00e9rpretes y pedagogos, adem\u00e1s de la evoluci\u00f3n desde sus or\u00edgenes, de la identidad del \u00abConcierto\u00bb, que ha experimentado notables modificaciones en su concepci\u00f3n hasta nuestros d\u00edas, reflexionando sobre la actividad divulgadora de j\u00f3venes talentos de car\u00e1cter m\u00e1s o menos medi\u00e1tico que sirva de inspiraci\u00f3n a las nuevas y futuras generaciones de los conservatorios y escuelas.<\/span><\/li>\n<\/ol>\n<p style=\"text-align: justify\"><span style=\"font-size: 12pt\"><em><span style=\"font-family: 'book antiqua', palatino, serif\">Fuente de la imagen superior, Steven Iodice en Pixabay: <a href=\"https:\/\/pixabay.com\/es\/photos\/piano-habitaci%C3%B3n-antigua-490489\/\" target=\"_blank\" rel=\"noopener noreferrer\">https:\/\/pixabay.com\/es\/users\/STVIOD-9653\/?utm_source=link-<\/a><\/span><\/em><\/span><\/p>\n","protected":false},"excerpt":{"rendered":"<p>La asignatura \u00abLiteratura e Interpretaci\u00f3n del instrumento principal\u00bb se imparte en el quinto curso de las&nbsp; Ense\u00f1anzas Profesionales de M\u00fasica, y aunque pueda parecer por su naturaleza que sea te\u00f3rica, lo cierto es que debe, o al menos deber\u00eda, plantear aspectos pr\u00e1cticos de la interpretaci\u00f3n pian\u00edstica y la&nbsp; de aquellos instrumentos de teclado &#8211; clavicordio &hellip; <\/p>\n<p class=\"link-more\"><a href=\"https:\/\/blogsaverroes.juntadeandalucia.es\/arpegiodecorcheas\/sobre-literatura-e-interpretacion-del-piano\/\" class=\"more-link\">Continuar leyendo<span class=\"screen-reader-text\"> \u00abSobre&#8230;Literatura e Interpretaci\u00f3n del Piano.\u00bb<\/span><\/a><\/p>\n","protected":false},"author":10238,"featured_media":506,"comment_status":"open","ping_status":"closed","sticky":false,"template":"","format":"standard","meta":{"ngg_post_thumbnail":0,"footnotes":""},"categories":[8],"tags":[],"aioseo_notices":[],"_links":{"self":[{"href":"https:\/\/blogsaverroes.juntadeandalucia.es\/arpegiodecorcheas\/wp-json\/wp\/v2\/posts\/465"}],"collection":[{"href":"https:\/\/blogsaverroes.juntadeandalucia.es\/arpegiodecorcheas\/wp-json\/wp\/v2\/posts"}],"about":[{"href":"https:\/\/blogsaverroes.juntadeandalucia.es\/arpegiodecorcheas\/wp-json\/wp\/v2\/types\/post"}],"author":[{"embeddable":true,"href":"https:\/\/blogsaverroes.juntadeandalucia.es\/arpegiodecorcheas\/wp-json\/wp\/v2\/users\/10238"}],"replies":[{"embeddable":true,"href":"https:\/\/blogsaverroes.juntadeandalucia.es\/arpegiodecorcheas\/wp-json\/wp\/v2\/comments?post=465"}],"version-history":[{"count":60,"href":"https:\/\/blogsaverroes.juntadeandalucia.es\/arpegiodecorcheas\/wp-json\/wp\/v2\/posts\/465\/revisions"}],"predecessor-version":[{"id":538,"href":"https:\/\/blogsaverroes.juntadeandalucia.es\/arpegiodecorcheas\/wp-json\/wp\/v2\/posts\/465\/revisions\/538"}],"wp:featuredmedia":[{"embeddable":true,"href":"https:\/\/blogsaverroes.juntadeandalucia.es\/arpegiodecorcheas\/wp-json\/wp\/v2\/media\/506"}],"wp:attachment":[{"href":"https:\/\/blogsaverroes.juntadeandalucia.es\/arpegiodecorcheas\/wp-json\/wp\/v2\/media?parent=465"}],"wp:term":[{"taxonomy":"category","embeddable":true,"href":"https:\/\/blogsaverroes.juntadeandalucia.es\/arpegiodecorcheas\/wp-json\/wp\/v2\/categories?post=465"},{"taxonomy":"post_tag","embeddable":true,"href":"https:\/\/blogsaverroes.juntadeandalucia.es\/arpegiodecorcheas\/wp-json\/wp\/v2\/tags?post=465"}],"curies":[{"name":"wp","href":"https:\/\/api.w.org\/{rel}","templated":true}]}}