{"id":173,"date":"2021-05-14T00:03:14","date_gmt":"2021-05-14T00:03:14","guid":{"rendered":"https:\/\/blogsaverroes.juntadeandalucia.es\/arteoclock\/?p=173"},"modified":"2021-05-14T02:25:38","modified_gmt":"2021-05-14T02:25:38","slug":"el-enguaje-plastico-el-punto","status":"publish","type":"post","link":"https:\/\/blogsaverroes.juntadeandalucia.es\/arteoclock\/el-enguaje-plastico-el-punto\/","title":{"rendered":"EL LENGUAJE PL\u00c1STICO: EL PUNTO"},"content":{"rendered":"<p><strong>1. EL PUNTO&nbsp;<\/strong><\/p>\n<p>El primer y m\u00ednimo contacto entre el l\u00e1piz, el rotulador, la pluma o el pincel y cualquier superficie produce, en t\u00e9rminos visuales, un punto, que constituye la m\u00e1s simple unidad gr\u00e1fica tanto en el plano como en el espacio. Es lo que podr\u00edamos llamar un punto visual, para diferenciarlo del punto geom\u00e9trico, que no tiene dimensi\u00f3n, s\u00f3lo existe como unidad abstracta y por tanto, dif\u00edcil de definir.<\/p>\n<p>La imagen del punto \u00abideal\u00bb que tendr\u00e1s en la mente seguramente sea la \u00abcl\u00e1sica\u00bb de la escritura que consiste en un c\u00edrculo negro peque\u00f1ito y perfecto, pero art\u00edsticamente los puntos pueden adoptar gran variedad de colores y texturas, as\u00ed como infinitas formas regulares o irregulares, angulosas o redondeadas y -como comprobar\u00e1s en la imagen ampliada del \u00abpuntillista\u00bb Seurat- puede ser un gran aliado de la expresi\u00f3n art\u00edstica :<\/p>\n<p><img loading=\"lazy\" decoding=\"async\" class=\"alignnone size-medium wp-image-174 aligncenter\" src=\"https:\/\/blogsaverroes.juntadeandalucia.es\/arteoclock\/files\/2021\/05\/Georges_Seurat_Der_Eiffelturm-178x300.jpg\" alt=\"\" width=\"178\" height=\"300\" srcset=\"https:\/\/blogsaverroes.juntadeandalucia.es\/arteoclock\/files\/2021\/05\/Georges_Seurat_Der_Eiffelturm-178x300.jpg 178w, https:\/\/blogsaverroes.juntadeandalucia.es\/arteoclock\/files\/2021\/05\/Georges_Seurat_Der_Eiffelturm.jpg 303w\" sizes=\"(max-width: 178px) 100vw, 178px\" \/><\/p>\n<p style=\"text-align: center\"><em>Seurat, \u00abLa Torre Eiffel\u00bb.&nbsp;Imagen de Wikimedia Commons.&nbsp;Dominio p\u00fablico<\/em><\/p>\n<div class=\"page\" title=\"Page 5\">\n<div class=\"section\">\n<div class=\"layoutArea\">\n<div class=\"column\">\n<p><strong>2. EL PUNTO Y SU SIGNIFICADO PL\u00c1STICO<\/strong><\/p>\n<\/div>\n<\/div>\n<\/div>\n<\/div>\n<p>El punto como elemento gr\u00e1fico y simb\u00f3lico lo podemos encontrar ya en las pinturas prehist\u00f3ricas. Muchas son las culturas que de una forma o de otra incorporan el punto en sus rituales y ornamentos corporales, como el caso de las pinturas y abalorios de los abor\u00edgenes australianos.<\/p>\n<p>El punto de forma aislada tiene escasa relevancia en las composiciones gr\u00e1ficas o art\u00edsticas; sin embargo si lo consideramos aliado con los restantes elementos visuales, destacan algunas caracter\u00edsticas visuales y compositivas especialmente interesantes en <b>moda<\/b>, <b>dise\u00f1o gr\u00e1fico<\/b> y <b>publicidad:<\/b><\/p>\n<ul>\n<li>Tiene un gran poder de atracci\u00f3n visual: muchos logotipos y anuncios publicitarios est\u00e1n basados en peque\u00f1os o grandes puntos circulares, como por ejemplo <b><a href=\"http:\/\/2.bp.blogspot.com\/_l9544I5Arvk\/TKnjftBvrNI\/AAAAAAAALAs\/12XuYJIkGMc\/s400\/lucky_strike.jpg\" target=\"_blank\" rel=\"noopener noreferrer\">Lucky Strike<\/a><\/b>.<\/li>\n<li>Cuando se sit\u00faan pr\u00f3ximos dos o m\u00e1s puntos pueden producir sensaciones de tensi\u00f3n o de direcci\u00f3n, creando en la mente del espectador una l\u00ednea recta imaginaria que los une. <b><\/b><\/li>\n<li>Si se sit\u00faan diferentes puntos en prolongaci\u00f3n sugieren una direcci\u00f3n, un camino, m\u00e1s acentuada cuanto m\u00e1s pr\u00f3ximos est\u00e9n los puntos entre s\u00ed. Tal vez recuerdes de tu infancia aquellas t\u00edpicas <b><a href=\"http:\/\/2.bp.blogspot.com\/_xxCk4QMvziE\/SrrFuxc-rkI\/AAAAAAAAb_0\/5pCnKWLs2zI\/s400\/COLON%25201%2520-%252039.jpg\" target=\"_blank\" rel=\"noopener noreferrer\">fichas de unir puntos.<\/a><\/b><\/li>\n<li>Cuando se agrupan muchos puntos pueden definir formas, contornos, tonos o colores. Pensemos en la pintura impresionista, en los dibujos abor\u00edgenes y especialmente en el \u00abpuntillismo\u00bb de Seurat. O de forma m\u00e1s gr\u00e1fica, en los ejercicios escolares que tienes a continuaci\u00f3n: collages realizados con puntos de colores obtenidos a partir de cartulinas y revistas con una perforadora de oficina.<\/li>\n<\/ul>\n<p><iframe loading=\"lazy\" title=\"El punto (Elementos del Lenguaje Visual)\" width=\"500\" height=\"281\" src=\"https:\/\/www.youtube.com\/embed\/9l31Q8LNR54?feature=oembed&#038;wmode=opaque\" frameborder=\"0\" allow=\"accelerometer; autoplay; clipboard-write; encrypted-media; gyroscope; picture-in-picture\" allowfullscreen><\/iframe><\/p>\n<p>&nbsp;<\/p>\n<p>El punto puede adoptar distintas formas. Es el caso de los <b>p\u00edxeles<\/b>, podemos considerar el pixel como <b>un punto m\u00ednimo de informaci\u00f3n digital<\/b>. Los <b>mapas de pixeles<\/b> determinan la calidad de las im\u00e1genes digitales cuando se reproducen en un monitor o pantalla de ordenador. Resumiendo: a mayor cantidad de p\u00edxeles por cent\u00edmetro cuadrado (o pulgada, en el \u00e1mbito anglosaj\u00f3n) mayor calidad de imagen obtendremos.&nbsp;<\/p>\n<p>Los puntos, a nivel estructural, tienen tambi\u00e9n especial protagonismo en las <b>artes gr\u00e1ficas<\/b>. Si tienes a mano una revista o un peri\u00f3dico con fotograf\u00edas en color y una buena lupa, podr\u00e1s comprobar c\u00f3mo lo que ves en color no es sino una trama superpuesta de peque\u00f1os puntos de s\u00f3lo <b>4 colores<\/b>: cyan, magenta, amarillo y negro que producen el t\u00edpico efecto \u00abmoar\u00e9\u00bb que puedes observar en la tira de im\u00e1genes. Cuando llegues al tema del color, se tratar\u00e1n estos conceptos como mayor detenimiento.<\/p>\n<p>Estos cuatro colores se conocen en las artes impresivas con el nombre de <b>cuatricrom\u00eda<\/b> y suelen representarse con las siglas <b>CMYK<\/b>. Algunos artistas pop como <b>Andy Warhol <\/b>o <b>Roy Lichestein<\/b> utilizaron estas tramas de puntos en sus pinturas, como ver\u00e1s en estas im\u00e1genes:<\/p>\n<p style=\"text-align: center\"><img loading=\"lazy\" decoding=\"async\" class=\" wp-image-177 aligncenter\" src=\"https:\/\/blogsaverroes.juntadeandalucia.es\/arteoclock\/files\/2021\/05\/CMYK-raster-CMYK-300x300.png\" alt=\"\" width=\"212\" height=\"212\" srcset=\"https:\/\/blogsaverroes.juntadeandalucia.es\/arteoclock\/files\/2021\/05\/CMYK-raster-CMYK-300x300.png 300w, https:\/\/blogsaverroes.juntadeandalucia.es\/arteoclock\/files\/2021\/05\/CMYK-raster-CMYK-150x150.png 150w, https:\/\/blogsaverroes.juntadeandalucia.es\/arteoclock\/files\/2021\/05\/CMYK-raster-CMYK-80x80.png 80w, https:\/\/blogsaverroes.juntadeandalucia.es\/arteoclock\/files\/2021\/05\/CMYK-raster-CMYK-320x320.png 320w, https:\/\/blogsaverroes.juntadeandalucia.es\/arteoclock\/files\/2021\/05\/CMYK-raster-CMYK.png 574w\" sizes=\"(max-width: 212px) 100vw, 212px\" \/><strong>&nbsp;Sistema CMYK- Archivo de <a href=\"http:\/\/commons.wikimedia.org\/wiki\/File:CMYK-raster-CMYK.png\" target=\"_blank\" rel=\"noopener noreferrer\">Arz<\/a> con licencia CC<\/strong><\/p>\n<p>&nbsp;<\/p>\n<p><img loading=\"lazy\" decoding=\"async\" class=\"wp-image-181 size-medium aligncenter\" src=\"https:\/\/blogsaverroes.juntadeandalucia.es\/arteoclock\/files\/2021\/05\/cmyk-877604_1280-1-300x105.png\" alt=\"\" width=\"300\" height=\"105\" srcset=\"https:\/\/blogsaverroes.juntadeandalucia.es\/arteoclock\/files\/2021\/05\/cmyk-877604_1280-1-300x105.png 300w, https:\/\/blogsaverroes.juntadeandalucia.es\/arteoclock\/files\/2021\/05\/cmyk-877604_1280-1-1024x358.png 1024w, https:\/\/blogsaverroes.juntadeandalucia.es\/arteoclock\/files\/2021\/05\/cmyk-877604_1280-1-768x268.png 768w, https:\/\/blogsaverroes.juntadeandalucia.es\/arteoclock\/files\/2021\/05\/cmyk-877604_1280-1.png 1277w\" sizes=\"(max-width: 300px) 100vw, 300px\" \/><\/p>\n<div class=\"page\" title=\"Page 6\">\n<div class=\"section\">\n<div class=\"layoutArea\">\n<div class=\"column\">\n<div class=\"page\" title=\"Page 6\">\n<div class=\"section\">\n<div class=\"layoutArea\">\n<div class=\"column\">\n<p style=\"text-align: center\"><strong>Cmyk de Impresi\u00f3n,<\/strong> en<a class=\"VFACy kGQAp sMi44c lNHeqe WGvvNb\" title=\"Pixabay\" href=\"https:\/\/www.google.com\/url?sa=i&amp;url=https%3A%2F%2Fpixabay.com%2Fes%2Fillustrations%2Fcmyk-de-impresi%25C3%25B3n-impresi%25C3%25B3n-prensa-877604%2F&amp;psig=AOvVaw0UBoP8KJvQSRQf2KScX9i5&amp;ust=1621035440262000&amp;source=images&amp;cd=vfe&amp;ved=2ahUKEwje2_nd6cfwAhVBHBoKHaOGCnUQr4kDegQIARAi\" target=\"_blank\" rel=\"noopener noreferrer\" data-ved=\"2ahUKEwje2_nd6cfwAhVBHBoKHaOGCnUQr4kDegQIARAi\"> &nbsp;Pixabay <\/a><strong>con licencia CC<\/strong><\/p>\n<p>&nbsp;<\/p>\n<p><img loading=\"lazy\" decoding=\"async\" class=\"size-medium wp-image-184 aligncenter\" src=\"https:\/\/blogsaverroes.juntadeandalucia.es\/arteoclock\/files\/2021\/05\/file-20170925-17390-1piuw1a-300x246.jpg\" alt=\"\" width=\"300\" height=\"246\" srcset=\"https:\/\/blogsaverroes.juntadeandalucia.es\/arteoclock\/files\/2021\/05\/file-20170925-17390-1piuw1a-300x246.jpg 300w, https:\/\/blogsaverroes.juntadeandalucia.es\/arteoclock\/files\/2021\/05\/file-20170925-17390-1piuw1a-768x630.jpg 768w, https:\/\/blogsaverroes.juntadeandalucia.es\/arteoclock\/files\/2021\/05\/file-20170925-17390-1piuw1a.jpg 926w\" sizes=\"(max-width: 300px) 100vw, 300px\" \/><\/p>\n<div class=\"fxgdke\" style=\"text-align: center\"><span style=\"font-size: 12pt\"><strong>Roy Lichtenstein, \u00abOhhh\u2026 Alright\u2026\u00bb (1964). En<\/strong>&nbsp;<a title=\"The Conversation\" href=\"https:\/\/theconversation.com\">The Conversation <\/a><strong>con licencia CC&nbsp;<\/strong><\/span><\/div>\n<div>&nbsp;<\/div>\n<\/div>\n<\/div>\n<\/div>\n<\/div>\n<\/div>\n<\/div>\n<\/div>\n<\/div>\n<p><strong>2. T\u00c9CNICA GR\u00c1FICAS Y APLICACIONES<\/strong><\/p>\n<div class=\"page\" title=\"Page 8\">\n<div class=\"section\">\n<div class=\"layoutArea\">\n<div class=\"column\">\n<ul>\n<li><strong>El aer\u00f3grafo<\/strong> es una t\u00e9cnica que genera un fino roc\u00edo de puntitos de pintura de di\u00e1metros variados y que sirve para recubrir superficies generalmente peque\u00f1as con fines art\u00edsticos, aunque hay otros modelos para aplicaciones industriales a gran escala. Se suele emplear para conseguir elaborados dibujos de calidad casi fotogr\u00e1fica, como el caso del hiperrealismo, como se aprecia en algunos ejemplos que aparecen en el v\u00eddeo:<\/li>\n<\/ul>\n<p><iframe loading=\"lazy\" title=\"Curso de Aerografia Artistica\" width=\"500\" height=\"375\" src=\"https:\/\/www.youtube.com\/embed\/umEBuvD6H7A?list=PL024041EC01996053\" frameborder=\"0\" allow=\"accelerometer; autoplay; clipboard-write; encrypted-media; gyroscope; picture-in-picture\" allowfullscreen><\/iframe><\/p>\n<p>&nbsp;<\/p>\n<ul>\n<li><strong>El estarcido<\/strong> es una variante m\u00e1s asequible y casera del aer\u00f3grafo . Podemos hacer estarcidos de dos formas:\n<ul>\n<li>a) el <b>pulverizador manual <\/b>o atomizador de boca, antiqu\u00edsima t\u00e9cnica ya empleada por nuestros antepasados que consiste en dos simples tubitos dispuestos perpendicularmente (hay <b><a href=\"http:\/\/www.artemiranda.es\/imagenes\/productos\/pulverizador%20BIG.jpg\" target=\"_blank\" rel=\"noopener noreferrer\">modelos escolares<\/a><\/b> que se venden en papeler\u00edas y tiendas de bellas artes) donde por una boquilla se sopla la pintura l\u00edquida (tintas, acuarelas, acr\u00edlicos, etc.) a trav\u00e9s del otro extremo sumergido en ella<\/li>\n<li>b) la otra opci\u00f3n -a\u00fan m\u00e1s casera- es la conocida como del <b>\u00abestarcido\u00bb<\/b> con <b>\u00abcepillo de dientes\u00bb&nbsp;<\/b>y que consiste en mojar un viejo cepillo de dientes en pintura l\u00edquida y luego pasar o frotar finamente el dedo o un palillo por encima para que la pintura salga despedida semi pulverizada sobre el soporte elegido (la imagen que encabeza el apartado est\u00e1 obtenida con \u00e9sta \u00faltima y peculiar t\u00e9cnica \u00abcasera\u00bb). Es ideal para trabajar fondos, texturas y para obtener con plantillas de recortes efectos decorativos en dibujos, paredes, muebles, etc&#8230; En el v\u00eddeo de <b>Educathyssen<\/b>&nbsp; tienes un ejemplo ilustrativo de esta t\u00e9cnica:<\/li>\n<\/ul>\n<\/li>\n<\/ul>\n<\/div>\n<p>&nbsp;<\/p>\n<div class=\"column\">\n<div class=\"page\" title=\"Page 9\">\n<div class=\"section\">\n<div class=\"layoutArea\">\n<div class=\"column\">\n<p><iframe loading=\"lazy\" title=\"Estarcido\" width=\"500\" height=\"375\" src=\"https:\/\/www.youtube.com\/embed\/y6l-cKfr5S4?start=1&#038;feature=oembed&#038;wmode=opaque\" frameborder=\"0\" allow=\"accelerometer; autoplay; clipboard-write; encrypted-media; gyroscope; picture-in-picture\" allowfullscreen><\/iframe><\/p>\n<p>&nbsp;<\/p>\n<ul>\n<li><strong>El mosaico<\/strong> es otra interesante t\u00e9cnica grafico-pl\u00e1stica que podemos considerar relacionada con el punto si sus peque\u00f1as piezas cer\u00e1micas de colores llamadas \u00abteselas\u00bb (normalmente de formas cuadradas o rectangulares) las identificamos como puntos o unidades compositivas.<\/li>\n<\/ul>\n<p style=\"padding-left: 40px\">Un mosaico en su origen es una obra compuesta de piedrecillas, terracota o vidrios de varios colores que se unen al soporte de destino por una argamasa de yeso o m\u00e1s modernamente, cemento cola. Por extensi\u00f3n, se llama mosaico a cualquier obra realizada con peque\u00f1as fracciones de materiales diversos, incluso recurriendo al collage, sustituyendo las teselas por peque\u00f1os fragmentos de papeles de colores o de revistas.<\/p>\n<p>.<img loading=\"lazy\" decoding=\"async\" class=\"size-medium wp-image-190 aligncenter\" src=\"https:\/\/blogsaverroes.juntadeandalucia.es\/arteoclock\/files\/2021\/05\/Captura-de-pantalla-2021-05-14-a-las-2.34.49-300x248.png\" alt=\"\" width=\"300\" height=\"248\" srcset=\"https:\/\/blogsaverroes.juntadeandalucia.es\/arteoclock\/files\/2021\/05\/Captura-de-pantalla-2021-05-14-a-las-2.34.49-300x248.png 300w, https:\/\/blogsaverroes.juntadeandalucia.es\/arteoclock\/files\/2021\/05\/Captura-de-pantalla-2021-05-14-a-las-2.34.49-1024x845.png 1024w, https:\/\/blogsaverroes.juntadeandalucia.es\/arteoclock\/files\/2021\/05\/Captura-de-pantalla-2021-05-14-a-las-2.34.49-768x634.png 768w, https:\/\/blogsaverroes.juntadeandalucia.es\/arteoclock\/files\/2021\/05\/Captura-de-pantalla-2021-05-14-a-las-2.34.49.png 1098w\" sizes=\"(max-width: 300px) 100vw, 300px\" \/><\/p>\n<div class=\"page\" title=\"Page 9\">\n<div class=\"section\">\n<div class=\"layoutArea\">\n<div class=\"column\">\n<p style=\"text-align: center\"><strong><em>Fox mosaic in Nunhead Archivo de Ben Sutherland en Flickr \/Licencia CC<\/em><\/strong><\/p>\n<p style=\"text-align: right\"><strong><em>Textos con licencia CC contenidos en Agrega<\/em><\/strong><\/p>\n<\/div>\n<\/div>\n<\/div>\n<\/div>\n<\/div>\n<\/div>\n<\/div>\n<\/div>\n<\/div>\n<\/div>\n<\/div>\n<\/div>\n","protected":false},"excerpt":{"rendered":"<p>1. EL PUNTO&nbsp; El primer y m\u00ednimo contacto entre el l\u00e1piz, el rotulador, la pluma o el pincel y cualquier superficie produce, en t\u00e9rminos visuales, un punto, que constituye la m\u00e1s simple unidad gr\u00e1fica&#46;&#46;&#46;<\/p>\n","protected":false},"author":12761,"featured_media":0,"comment_status":"open","ping_status":"open","sticky":false,"template":"","format":"standard","meta":{"ngg_post_thumbnail":0,"footnotes":""},"categories":[7,8],"tags":[19],"aioseo_notices":[],"_links":{"self":[{"href":"https:\/\/blogsaverroes.juntadeandalucia.es\/arteoclock\/wp-json\/wp\/v2\/posts\/173"}],"collection":[{"href":"https:\/\/blogsaverroes.juntadeandalucia.es\/arteoclock\/wp-json\/wp\/v2\/posts"}],"about":[{"href":"https:\/\/blogsaverroes.juntadeandalucia.es\/arteoclock\/wp-json\/wp\/v2\/types\/post"}],"author":[{"embeddable":true,"href":"https:\/\/blogsaverroes.juntadeandalucia.es\/arteoclock\/wp-json\/wp\/v2\/users\/12761"}],"replies":[{"embeddable":true,"href":"https:\/\/blogsaverroes.juntadeandalucia.es\/arteoclock\/wp-json\/wp\/v2\/comments?post=173"}],"version-history":[{"count":20,"href":"https:\/\/blogsaverroes.juntadeandalucia.es\/arteoclock\/wp-json\/wp\/v2\/posts\/173\/revisions"}],"predecessor-version":[{"id":204,"href":"https:\/\/blogsaverroes.juntadeandalucia.es\/arteoclock\/wp-json\/wp\/v2\/posts\/173\/revisions\/204"}],"wp:attachment":[{"href":"https:\/\/blogsaverroes.juntadeandalucia.es\/arteoclock\/wp-json\/wp\/v2\/media?parent=173"}],"wp:term":[{"taxonomy":"category","embeddable":true,"href":"https:\/\/blogsaverroes.juntadeandalucia.es\/arteoclock\/wp-json\/wp\/v2\/categories?post=173"},{"taxonomy":"post_tag","embeddable":true,"href":"https:\/\/blogsaverroes.juntadeandalucia.es\/arteoclock\/wp-json\/wp\/v2\/tags?post=173"}],"curies":[{"name":"wp","href":"https:\/\/api.w.org\/{rel}","templated":true}]}}