{"id":21,"date":"2021-05-02T16:13:28","date_gmt":"2021-05-02T16:13:28","guid":{"rendered":"https:\/\/blogsaverroes.juntadeandalucia.es\/arteoclock\/?p=21"},"modified":"2021-05-10T17:41:11","modified_gmt":"2021-05-10T17:41:11","slug":"3-3-citando-recursos","status":"publish","type":"post","link":"https:\/\/blogsaverroes.juntadeandalucia.es\/arteoclock\/3-3-citando-recursos\/","title":{"rendered":"3.3 Citando recursos"},"content":{"rendered":"<p class=\"post-byline\">POR <span class=\"vcard author\"><span class=\"fn\"><a title=\"Entradas de Carlos Javier Hern\u00e1ndez Manzano\" href=\"https:\/\/blogsaverroes.juntadeandalucia.es\/arteoclock\/author\/carlos-javier-hernandez-manzano\/\" rel=\"author\">CARLOS JAVIER HERN\u00c1NDEZ MANZANO<\/a><\/span> <\/span>\u00b7 2 DE MAYO DE 2021<\/p>\n<div class=\"entry themeform\">\n<div class=\"entry-inner\">\n<ul id=\"yui_3_17_2_1_1619972398222_57\">\n<li id=\"yui_3_17_2_1_1619972398222_56\">\u00bfQu\u00e9 es <strong>Agrega<\/strong>?&nbsp;Es un repositorio, formado por nodos auton\u00f3micos. Es un repositorio muy potente, que permite publicar y autopublicar contenidos y crear secuencias de contenidos para los alumnos.<\/li>\n<li id=\"yui_3_17_2_1_1619972398222_56\">\u00bfQu\u00e9 es <strong>CREA<\/strong>?&nbsp;Es una plataforma web de la Consejer\u00eda de Educaci\u00f3n y Deporte que ofrece los materiales dise\u00f1ados para alumnado adulto que cursa la ESO, Bachillerato y Ense\u00f1anzas de R\u00e9gimen Especial.<\/li>\n<li>\u00bfQu\u00e9 es <strong>Procom\u00fan<\/strong>? &nbsp;es un paso m\u00e1s en el desarrollo de Agrega. Adem\u00e1s de poder buscar, acceder y compartir los recursos alojados en Agrega incorpora el componente social, en Procom\u00fan tenemos adem\u00e1s comunidades, art\u00edculos, eventos, debates, preguntas, etc.<\/li>\n<\/ul>\n<ul>\n<li>\u00bfQu\u00e9 recursos puedo encontrar en ellos? Ponle un ejemplo de contenido adecuado a la tem\u00e1tica de tu blog, uno que hayas encontrado por cada servicio. Si en alguno de ellos no encuentras nada espec\u00edfico puedes indicarlo pero s\u00ed debes incluir alg\u00fan otro recurso&nbsp; a modo de ejemplo. Recuerda que para compartir el ejemplo hay tres opciones insertar, enlazar o incrustar. Aseg\u00farate de que se ven correctamente al publicar tu entrada.<\/li>\n<\/ul>\n<p>En ellos se pueden encontrar teor\u00eda de la asignatura, proyectos, actividades, tutoriales\u2026.en distintos formatos, tanto texto, video powerpoint\u2026<\/p>\n<p>Como ejemplos que sirvan a mi blog, he encontrado los siguientes:<\/p>\n<ul>\n<li>AGREGA<\/li>\n<\/ul>\n<p>\u00abGeometric Constructions of conic sections\u00bb<\/p>\n<p>Para el aprendizaje en ingles de secciones c\u00f3nicas, con teor\u00eda y practicas online.<\/p>\n<p><a title=\"Contenido en Agrega con licencia CC\" href=\"http:\/\/agrega.educacion.es\/buscador2\/DetallarODECU\/DetallarODECU.do?idioma=en&amp;identificadorODE=es_2010072063_9182126&amp;tipoLayoutBuscador=BUSCADOR&amp;nodoOrigen=agrega.juntadeandalucia.es&amp;posicionamientoAnterior=ANTERIOR&amp;posicionamientoSiguiente=SIGUIENTE&amp;busquedaSimpleAvanzada=BUSCAR\" target=\"_blank\" rel=\"noopener noreferrer\">Contenido en Agrega con licencia CC<\/a><\/p>\n<ul>\n<li>CREA<\/li>\n<\/ul>\n<p>\u00abMateriales did\u00e1cticos: Dibujo T\u00e9cnico I\u00bb<\/p>\n<p>En este repositorio aunque es de un nivel m\u00e1s alto, para la ense\u00f1anza de Dibujo T\u00e9cnico de 1\u00ba de Bachillerato con contenidos, recursos y ejercicios que se pueden utilizar a lo largo del curso.<\/p>\n<p><a title=\"Contenido en CREA con licencia CC\" href=\"http:\/\/www.juntadeandalucia.es\/educacion\/permanente\/materiales\/index.php?etapa=3&amp;materia=15&amp;unidad=1#space\" target=\"_blank\" rel=\"noopener noreferrer\">Contenido en CREA con licencia CC<\/a><\/p>\n<ul>\n<li>PROCOM\u00daN<\/li>\n<\/ul>\n<p>Proyecto \u00abI&#8217;m a YouTube\u00bb, a trav\u00e9s de Procom\u00fan he podido conocer un interesante proyecto para realizar videos de youtube en Ingl\u00e9s. Aunque ideado desde el Departamento de Ingl\u00e9s, se puede extrapolar al de Educaci\u00f3n Pl\u00e1stica, Visual y <strong>Audiovisual<\/strong>, &nbsp;con algunas ligeras modificaciones para adaptarlo a esta asignatura.<\/p>\n<p><a title=\"Proyecto &quot;I'm a youtuber&quot; con licencia CC\" href=\"http:\/\/procomun.educalab.es\/es\/ode\/view\/1478607785019\" target=\"_blank\" rel=\"noopener noreferrer\">Proyecto \u00abI\u2019m a youtuber\u00bb con licencia CC<\/a><\/p>\n<ul>\n<li>ORGANIZACI\u00d3N DE LA INFORMACI\u00d3N y filtros de b\u00fasqueda espec\u00edficos para mi uso educativo:<\/li>\n<\/ul>\n<p>En mi blog la informaci\u00f3n est\u00e1 organizada por entradas, de las mas recientes ( las primeras que se ven) a las m\u00e1s antiguas<\/p>\n<p>En Agrega y Procom\u00fan hay una barra para buscar lo que se desea. en <strong>Agrega,<\/strong> puedes introducir las palabras clave. En <strong>Procom\u00fan<\/strong> se escoge &nbsp;el contenido, el \u00e1rea de conocimiento y el contexto educativo y ya puedes realizar tu b\u00fasqueda. En <strong>Crea<\/strong> se se encuentran a trav\u00e9s de selecci\u00f3n de preferencias que incluyes niveles educativos, planes, ense\u00f1anzas\u2026..<\/p>\n<ul>\n<li>\u00bfQu\u00e9 son las categor\u00edas? \u00bfY etiquetas?&nbsp;Las <strong>categor\u00edas<\/strong> una manera de clasificaci\u00f3n de los posts o las entradas.&nbsp;La <strong>etiqueta<\/strong> consiste en una palabra clave asignada a un dato que est\u00e1 almacenado en un repositorio.<\/li>\n<\/ul>\n<\/div>\n<\/div>\n","protected":false},"excerpt":{"rendered":"<p>POR CARLOS JAVIER HERN\u00c1NDEZ MANZANO \u00b7 2 DE MAYO DE 2021 \u00bfQu\u00e9 es Agrega?&nbsp;Es un repositorio, formado por nodos auton\u00f3micos. Es un repositorio muy potente, que permite publicar y autopublicar contenidos y crear secuencias&#46;&#46;&#46;<\/p>\n","protected":false},"author":12761,"featured_media":0,"comment_status":"open","ping_status":"open","sticky":false,"template":"","format":"standard","meta":{"ngg_post_thumbnail":0,"footnotes":""},"categories":[6],"tags":[18],"aioseo_notices":[],"_links":{"self":[{"href":"https:\/\/blogsaverroes.juntadeandalucia.es\/arteoclock\/wp-json\/wp\/v2\/posts\/21"}],"collection":[{"href":"https:\/\/blogsaverroes.juntadeandalucia.es\/arteoclock\/wp-json\/wp\/v2\/posts"}],"about":[{"href":"https:\/\/blogsaverroes.juntadeandalucia.es\/arteoclock\/wp-json\/wp\/v2\/types\/post"}],"author":[{"embeddable":true,"href":"https:\/\/blogsaverroes.juntadeandalucia.es\/arteoclock\/wp-json\/wp\/v2\/users\/12761"}],"replies":[{"embeddable":true,"href":"https:\/\/blogsaverroes.juntadeandalucia.es\/arteoclock\/wp-json\/wp\/v2\/comments?post=21"}],"version-history":[{"count":8,"href":"https:\/\/blogsaverroes.juntadeandalucia.es\/arteoclock\/wp-json\/wp\/v2\/posts\/21\/revisions"}],"predecessor-version":[{"id":119,"href":"https:\/\/blogsaverroes.juntadeandalucia.es\/arteoclock\/wp-json\/wp\/v2\/posts\/21\/revisions\/119"}],"wp:attachment":[{"href":"https:\/\/blogsaverroes.juntadeandalucia.es\/arteoclock\/wp-json\/wp\/v2\/media?parent=21"}],"wp:term":[{"taxonomy":"category","embeddable":true,"href":"https:\/\/blogsaverroes.juntadeandalucia.es\/arteoclock\/wp-json\/wp\/v2\/categories?post=21"},{"taxonomy":"post_tag","embeddable":true,"href":"https:\/\/blogsaverroes.juntadeandalucia.es\/arteoclock\/wp-json\/wp\/v2\/tags?post=21"}],"curies":[{"name":"wp","href":"https:\/\/api.w.org\/{rel}","templated":true}]}}