{"id":615,"date":"2024-05-08T08:12:56","date_gmt":"2024-05-08T08:12:56","guid":{"rendered":"https:\/\/blogsaverroes.juntadeandalucia.es\/asesoriaarecepsevilla\/?p=615"},"modified":"2024-06-18T08:19:40","modified_gmt":"2024-06-18T08:19:40","slug":"jornadas-festival-de-diseno-y-creacion-de-la-easd-sevilla-proyecto-glue","status":"publish","type":"post","link":"https:\/\/blogsaverroes.juntadeandalucia.es\/asesoriaarecepsevilla\/2024\/05\/08\/jornadas-festival-de-diseno-y-creacion-de-la-easd-sevilla-proyecto-glue\/","title":{"rendered":"Jornadas: Festival de Dise\u00f1o y Creaci\u00f3n de la EASD Sevilla. Proyecto GLUE"},"content":{"rendered":"<div class=\"css-175oi2r\">\n<div id=\"id__dihtiifyy8\" class=\"css-146c3p1 r-8akbws r-krxsd3 r-dnmrzs r-1udh08x r-bcqeeo r-1ttztb7 r-qvutc0 r-37j5jr r-a023e6 r-rjixqe r-16dba41 r-bnwqim\" dir=\"auto\" lang=\"es\" data-testid=\"tweetText\"><span class=\"css-1jxf684 r-bcqeeo r-1ttztb7 r-qvutc0 r-poiln3\">GLUE es un mundo mutante que se forma a partir de la fusi\u00f3n de la creatividad y la experimentaci\u00f3n de quienes se adentra en \u00e9l. P<\/span><span class=\"css-1jxf684 r-bcqeeo r-1ttztb7 r-qvutc0 r-poiln3\">rograma completo del Festival de Dise\u00f1o y Creaci\u00f3n de la EASD Sevilla: <\/span><a class=\"css-1jxf684 r-bcqeeo r-1ttztb7 r-qvutc0 r-poiln3 r-1loqt21\" dir=\"ltr\" role=\"link\" href=\"https:\/\/t.co\/qkvt6nAAjf\" target=\"_blank\" rel=\"noopener noreferrer nofollow\"><span class=\"css-1jxf684 r-bcqeeo r-1ttztb7 r-qvutc0 r-poiln3 r-qlhcfr r-qvk6io\" aria-hidden=\"true\">https:\/\/<\/span>nueva.escueladeartedesevilla.es\/glue2024\/<\/a><\/div>\n<\/div>\n<div dir=\"auto\" lang=\"es\" data-testid=\"tweetText\">&nbsp;<\/div>\n<div dir=\"auto\" lang=\"es\" data-testid=\"tweetText\"><a href=\"https:\/\/blogsaverroes.juntadeandalucia.es\/asesoriaarecepsevilla\/files\/2024\/06\/glu2.jpeg\"><img loading=\"lazy\" decoding=\"async\" class=\"aligncenter size-full wp-image-616\" src=\"https:\/\/blogsaverroes.juntadeandalucia.es\/asesoriaarecepsevilla\/files\/2024\/06\/glu2.jpeg\" alt=\"\" width=\"2250\" height=\"2250\" srcset=\"https:\/\/blogsaverroes.juntadeandalucia.es\/asesoriaarecepsevilla\/files\/2024\/06\/glu2.jpeg 2250w, https:\/\/blogsaverroes.juntadeandalucia.es\/asesoriaarecepsevilla\/files\/2024\/06\/glu2-300x300.jpeg 300w, https:\/\/blogsaverroes.juntadeandalucia.es\/asesoriaarecepsevilla\/files\/2024\/06\/glu2-1024x1024.jpeg 1024w, https:\/\/blogsaverroes.juntadeandalucia.es\/asesoriaarecepsevilla\/files\/2024\/06\/glu2-150x150.jpeg 150w, https:\/\/blogsaverroes.juntadeandalucia.es\/asesoriaarecepsevilla\/files\/2024\/06\/glu2-768x768.jpeg 768w, https:\/\/blogsaverroes.juntadeandalucia.es\/asesoriaarecepsevilla\/files\/2024\/06\/glu2-1536x1536.jpeg 1536w, https:\/\/blogsaverroes.juntadeandalucia.es\/asesoriaarecepsevilla\/files\/2024\/06\/glu2-2048x2048.jpeg 2048w, https:\/\/blogsaverroes.juntadeandalucia.es\/asesoriaarecepsevilla\/files\/2024\/06\/glu2-80x80.jpeg 80w, https:\/\/blogsaverroes.juntadeandalucia.es\/asesoriaarecepsevilla\/files\/2024\/06\/glu2-320x320.jpeg 320w\" sizes=\"(max-width: 2250px) 100vw, 2250px\" \/><\/a><\/div>\n","protected":false},"excerpt":{"rendered":"<p>GLUE es un mundo mutante que se forma a partir de la fusi\u00f3n de la creatividad y la experimentaci\u00f3n de quienes se adentra en \u00e9l. Programa completo del Festival de Dise\u00f1o y Creaci\u00f3n de&#46;&#46;&#46;<\/p>\n","protected":false},"author":15474,"featured_media":616,"comment_status":"open","ping_status":"open","sticky":false,"template":"","format":"standard","meta":{"ngg_post_thumbnail":0,"footnotes":""},"categories":[56,10,7,11,1],"tags":[],"aioseo_notices":[],"_links":{"self":[{"href":"https:\/\/blogsaverroes.juntadeandalucia.es\/asesoriaarecepsevilla\/wp-json\/wp\/v2\/posts\/615"}],"collection":[{"href":"https:\/\/blogsaverroes.juntadeandalucia.es\/asesoriaarecepsevilla\/wp-json\/wp\/v2\/posts"}],"about":[{"href":"https:\/\/blogsaverroes.juntadeandalucia.es\/asesoriaarecepsevilla\/wp-json\/wp\/v2\/types\/post"}],"author":[{"embeddable":true,"href":"https:\/\/blogsaverroes.juntadeandalucia.es\/asesoriaarecepsevilla\/wp-json\/wp\/v2\/users\/15474"}],"replies":[{"embeddable":true,"href":"https:\/\/blogsaverroes.juntadeandalucia.es\/asesoriaarecepsevilla\/wp-json\/wp\/v2\/comments?post=615"}],"version-history":[{"count":1,"href":"https:\/\/blogsaverroes.juntadeandalucia.es\/asesoriaarecepsevilla\/wp-json\/wp\/v2\/posts\/615\/revisions"}],"predecessor-version":[{"id":617,"href":"https:\/\/blogsaverroes.juntadeandalucia.es\/asesoriaarecepsevilla\/wp-json\/wp\/v2\/posts\/615\/revisions\/617"}],"wp:featuredmedia":[{"embeddable":true,"href":"https:\/\/blogsaverroes.juntadeandalucia.es\/asesoriaarecepsevilla\/wp-json\/wp\/v2\/media\/616"}],"wp:attachment":[{"href":"https:\/\/blogsaverroes.juntadeandalucia.es\/asesoriaarecepsevilla\/wp-json\/wp\/v2\/media?parent=615"}],"wp:term":[{"taxonomy":"category","embeddable":true,"href":"https:\/\/blogsaverroes.juntadeandalucia.es\/asesoriaarecepsevilla\/wp-json\/wp\/v2\/categories?post=615"},{"taxonomy":"post_tag","embeddable":true,"href":"https:\/\/blogsaverroes.juntadeandalucia.es\/asesoriaarecepsevilla\/wp-json\/wp\/v2\/tags?post=615"}],"curies":[{"name":"wp","href":"https:\/\/api.w.org\/{rel}","templated":true}]}}