{"id":691,"date":"2025-02-17T12:09:26","date_gmt":"2025-02-17T12:09:26","guid":{"rendered":"https:\/\/blogsaverroes.juntadeandalucia.es\/asesoriaarecepsevilla\/?p=691"},"modified":"2025-03-05T12:12:59","modified_gmt":"2025-03-05T12:12:59","slug":"pedagogia-del-violin-en-las-ensenanzas-basicas","status":"publish","type":"post","link":"https:\/\/blogsaverroes.juntadeandalucia.es\/asesoriaarecepsevilla\/2025\/02\/17\/pedagogia-del-violin-en-las-ensenanzas-basicas\/","title":{"rendered":"PEDAGOG\u00cdA DEL VIOL\u00cdN EN LAS ENSE\u00d1ANZAS B\u00c1SICAS"},"content":{"rendered":"<p>Comienza el curso PEDAGOG\u00cdA DEL VIOL\u00cdN EN LAS ENSE\u00d1ANZAS B\u00c1SICAS, con Elvira L\u00f3pez Sobaler, en el CEP de Sevilla<\/p>\n<p>Detalle de la convocatoria en <a href=\"https:\/\/www.juntadeandalucia.es\/educacion\/secretariavirtual\/consultaCEP\/actividad\/254127ARE013\/\">https:\/\/www.juntadeandalucia.es\/educacion\/secretariavirtual\/consultaCEP\/actividad\/254127ARE013\/<\/a><\/p>\n<p><a href=\"https:\/\/blogsaverroes.juntadeandalucia.es\/asesoriaarecepsevilla\/files\/2025\/03\/IMG_20250218_115809-scaled.jpg\"><img loading=\"lazy\" decoding=\"async\" class=\"aligncenter size-full wp-image-692\" src=\"https:\/\/blogsaverroes.juntadeandalucia.es\/asesoriaarecepsevilla\/files\/2025\/03\/IMG_20250218_115809-scaled.jpg\" alt=\"\" width=\"2560\" height=\"1444\" srcset=\"https:\/\/blogsaverroes.juntadeandalucia.es\/asesoriaarecepsevilla\/files\/2025\/03\/IMG_20250218_115809-scaled.jpg 2560w, https:\/\/blogsaverroes.juntadeandalucia.es\/asesoriaarecepsevilla\/files\/2025\/03\/IMG_20250218_115809-300x169.jpg 300w, https:\/\/blogsaverroes.juntadeandalucia.es\/asesoriaarecepsevilla\/files\/2025\/03\/IMG_20250218_115809-1024x578.jpg 1024w, https:\/\/blogsaverroes.juntadeandalucia.es\/asesoriaarecepsevilla\/files\/2025\/03\/IMG_20250218_115809-768x433.jpg 768w, https:\/\/blogsaverroes.juntadeandalucia.es\/asesoriaarecepsevilla\/files\/2025\/03\/IMG_20250218_115809-1536x866.jpg 1536w, https:\/\/blogsaverroes.juntadeandalucia.es\/asesoriaarecepsevilla\/files\/2025\/03\/IMG_20250218_115809-2048x1155.jpg 2048w\" sizes=\"(max-width: 2560px) 100vw, 2560px\" \/><\/a><\/p>\n<p>&nbsp;<\/p>\n","protected":false},"excerpt":{"rendered":"<p>Comienza el curso PEDAGOG\u00cdA DEL VIOL\u00cdN EN LAS ENSE\u00d1ANZAS B\u00c1SICAS, con Elvira L\u00f3pez Sobaler, en el CEP de Sevilla Detalle de la convocatoria en https:\/\/www.juntadeandalucia.es\/educacion\/secretariavirtual\/consultaCEP\/actividad\/254127ARE013\/ &nbsp;<\/p>\n","protected":false},"author":15474,"featured_media":692,"comment_status":"open","ping_status":"open","sticky":false,"template":"","format":"standard","meta":{"ngg_post_thumbnail":0,"footnotes":""},"categories":[2,3,56,10,11,8,1],"tags":[],"aioseo_notices":[],"_links":{"self":[{"href":"https:\/\/blogsaverroes.juntadeandalucia.es\/asesoriaarecepsevilla\/wp-json\/wp\/v2\/posts\/691"}],"collection":[{"href":"https:\/\/blogsaverroes.juntadeandalucia.es\/asesoriaarecepsevilla\/wp-json\/wp\/v2\/posts"}],"about":[{"href":"https:\/\/blogsaverroes.juntadeandalucia.es\/asesoriaarecepsevilla\/wp-json\/wp\/v2\/types\/post"}],"author":[{"embeddable":true,"href":"https:\/\/blogsaverroes.juntadeandalucia.es\/asesoriaarecepsevilla\/wp-json\/wp\/v2\/users\/15474"}],"replies":[{"embeddable":true,"href":"https:\/\/blogsaverroes.juntadeandalucia.es\/asesoriaarecepsevilla\/wp-json\/wp\/v2\/comments?post=691"}],"version-history":[{"count":2,"href":"https:\/\/blogsaverroes.juntadeandalucia.es\/asesoriaarecepsevilla\/wp-json\/wp\/v2\/posts\/691\/revisions"}],"predecessor-version":[{"id":694,"href":"https:\/\/blogsaverroes.juntadeandalucia.es\/asesoriaarecepsevilla\/wp-json\/wp\/v2\/posts\/691\/revisions\/694"}],"wp:featuredmedia":[{"embeddable":true,"href":"https:\/\/blogsaverroes.juntadeandalucia.es\/asesoriaarecepsevilla\/wp-json\/wp\/v2\/media\/692"}],"wp:attachment":[{"href":"https:\/\/blogsaverroes.juntadeandalucia.es\/asesoriaarecepsevilla\/wp-json\/wp\/v2\/media?parent=691"}],"wp:term":[{"taxonomy":"category","embeddable":true,"href":"https:\/\/blogsaverroes.juntadeandalucia.es\/asesoriaarecepsevilla\/wp-json\/wp\/v2\/categories?post=691"},{"taxonomy":"post_tag","embeddable":true,"href":"https:\/\/blogsaverroes.juntadeandalucia.es\/asesoriaarecepsevilla\/wp-json\/wp\/v2\/tags?post=691"}],"curies":[{"name":"wp","href":"https:\/\/api.w.org\/{rel}","templated":true}]}}