{"id":695,"date":"2025-02-25T12:13:05","date_gmt":"2025-02-25T12:13:05","guid":{"rendered":"https:\/\/blogsaverroes.juntadeandalucia.es\/asesoriaarecepsevilla\/?p=695"},"modified":"2025-03-05T12:19:27","modified_gmt":"2025-03-05T12:19:27","slug":"las-musicas-actuales-como-medio-de-modernizacion-en-los-conservatorios-la-improvisacion-melodico-armonica","status":"publish","type":"post","link":"https:\/\/blogsaverroes.juntadeandalucia.es\/asesoriaarecepsevilla\/2025\/02\/25\/las-musicas-actuales-como-medio-de-modernizacion-en-los-conservatorios-la-improvisacion-melodico-armonica\/","title":{"rendered":"LAS M\u00daSICAS ACTUALES COMO MEDIO DE MODERNIZACI\u00d3N EN LOS CONSERVATORIOS: LA IMPROVISACI\u00d3N MEL\u00d3DICO-ARM\u00d3NICA"},"content":{"rendered":"<p>Comienza el curso LAS M\u00daSICAS ACTUALES COMO MEDIO DE MODERNIZACI\u00d3N EN LOS CONSERVATORIOS: LA IMPROVISACI\u00d3N MEL\u00d3DICO-ARM\u00d3NICA con Pedro Cortejosa en el CPM Francisco Guerrero.<\/p>\n<p>Detalle de la convocatoria en <a href=\"https:\/\/www.juntadeandalucia.es\/educacion\/secretariavirtual\/consultaCEP\/actividad\/254127ARE014\/\">https:\/\/www.juntadeandalucia.es\/educacion\/secretariavirtual\/consultaCEP\/actividad\/254127ARE014\/<\/a><\/p>\n<p><a href=\"https:\/\/blogsaverroes.juntadeandalucia.es\/asesoriaarecepsevilla\/files\/2025\/03\/IMG20250225121021-scaled.jpg\"><img loading=\"lazy\" decoding=\"async\" class=\"aligncenter size-full wp-image-696\" src=\"https:\/\/blogsaverroes.juntadeandalucia.es\/asesoriaarecepsevilla\/files\/2025\/03\/IMG20250225121021-scaled.jpg\" alt=\"\" width=\"2560\" height=\"1444\" srcset=\"https:\/\/blogsaverroes.juntadeandalucia.es\/asesoriaarecepsevilla\/files\/2025\/03\/IMG20250225121021-scaled.jpg 2560w, https:\/\/blogsaverroes.juntadeandalucia.es\/asesoriaarecepsevilla\/files\/2025\/03\/IMG20250225121021-300x169.jpg 300w, https:\/\/blogsaverroes.juntadeandalucia.es\/asesoriaarecepsevilla\/files\/2025\/03\/IMG20250225121021-1024x578.jpg 1024w, https:\/\/blogsaverroes.juntadeandalucia.es\/asesoriaarecepsevilla\/files\/2025\/03\/IMG20250225121021-768x433.jpg 768w, https:\/\/blogsaverroes.juntadeandalucia.es\/asesoriaarecepsevilla\/files\/2025\/03\/IMG20250225121021-1536x866.jpg 1536w, https:\/\/blogsaverroes.juntadeandalucia.es\/asesoriaarecepsevilla\/files\/2025\/03\/IMG20250225121021-2048x1155.jpg 2048w\" sizes=\"(max-width: 2560px) 100vw, 2560px\" \/><\/a><\/p>\n","protected":false},"excerpt":{"rendered":"<p>Comienza el curso LAS M\u00daSICAS ACTUALES COMO MEDIO DE MODERNIZACI\u00d3N EN LOS CONSERVATORIOS: LA IMPROVISACI\u00d3N MEL\u00d3DICO-ARM\u00d3NICA con Pedro Cortejosa en el CPM Francisco Guerrero. Detalle de la convocatoria en https:\/\/www.juntadeandalucia.es\/educacion\/secretariavirtual\/consultaCEP\/actividad\/254127ARE014\/<\/p>\n","protected":false},"author":15474,"featured_media":696,"comment_status":"open","ping_status":"open","sticky":false,"template":"","format":"standard","meta":{"ngg_post_thumbnail":0,"footnotes":""},"categories":[2,3,56,10,11,8,1],"tags":[],"aioseo_notices":[],"_links":{"self":[{"href":"https:\/\/blogsaverroes.juntadeandalucia.es\/asesoriaarecepsevilla\/wp-json\/wp\/v2\/posts\/695"}],"collection":[{"href":"https:\/\/blogsaverroes.juntadeandalucia.es\/asesoriaarecepsevilla\/wp-json\/wp\/v2\/posts"}],"about":[{"href":"https:\/\/blogsaverroes.juntadeandalucia.es\/asesoriaarecepsevilla\/wp-json\/wp\/v2\/types\/post"}],"author":[{"embeddable":true,"href":"https:\/\/blogsaverroes.juntadeandalucia.es\/asesoriaarecepsevilla\/wp-json\/wp\/v2\/users\/15474"}],"replies":[{"embeddable":true,"href":"https:\/\/blogsaverroes.juntadeandalucia.es\/asesoriaarecepsevilla\/wp-json\/wp\/v2\/comments?post=695"}],"version-history":[{"count":1,"href":"https:\/\/blogsaverroes.juntadeandalucia.es\/asesoriaarecepsevilla\/wp-json\/wp\/v2\/posts\/695\/revisions"}],"predecessor-version":[{"id":697,"href":"https:\/\/blogsaverroes.juntadeandalucia.es\/asesoriaarecepsevilla\/wp-json\/wp\/v2\/posts\/695\/revisions\/697"}],"wp:featuredmedia":[{"embeddable":true,"href":"https:\/\/blogsaverroes.juntadeandalucia.es\/asesoriaarecepsevilla\/wp-json\/wp\/v2\/media\/696"}],"wp:attachment":[{"href":"https:\/\/blogsaverroes.juntadeandalucia.es\/asesoriaarecepsevilla\/wp-json\/wp\/v2\/media?parent=695"}],"wp:term":[{"taxonomy":"category","embeddable":true,"href":"https:\/\/blogsaverroes.juntadeandalucia.es\/asesoriaarecepsevilla\/wp-json\/wp\/v2\/categories?post=695"},{"taxonomy":"post_tag","embeddable":true,"href":"https:\/\/blogsaverroes.juntadeandalucia.es\/asesoriaarecepsevilla\/wp-json\/wp\/v2\/tags?post=695"}],"curies":[{"name":"wp","href":"https:\/\/api.w.org\/{rel}","templated":true}]}}